{"id":217950,"date":"2023-08-13T22:15:43","date_gmt":"2023-08-14T02:15:43","guid":{"rendered":"https:\/\/www.prwrestling.com\/nw\/?p=217950"},"modified":"2023-08-13T22:15:43","modified_gmt":"2023-08-14T02:15:43","slug":"rumores-de-wwe-el-futuro-de-jey-uso-lesion-de-roman-reigns","status":"publish","type":"post","link":"https:\/\/www.prwrestling.com\/nw\/rumores-de-wwe-el-futuro-de-jey-uso-lesion-de-roman-reigns\/","title":{"rendered":"Rumores de WWE: El futuro de Jey Uso; lesi\u00f3n de Roman Reigns"},"content":{"rendered":"<div>\n<p><a href=\"https:\/\/www.patreon.com\/fightful\" target=\"_blank\" rel=\"noopener\"><span style=\"vertical-align: inherit;\"><span style=\"vertical-align: inherit;\">Fightful Select<\/span><\/span><\/a><span style=\"vertical-align: inherit;\"><span style=\"vertical-align: inherit;\"> ha publicado un nuevo informe que revela algunas noticias y notas tras bastidores de WWE despu\u00e9s de la edici\u00f3n de SmackDown del viernes pasado.<!--more--><div id=\"ad-slot\" style=\"min-width: 300px; min-height: 250px;\">\r\n<p style=\"text-align: center;\">\r\n<script async src=\"https:\/\/pagead2.googlesyndication.com\/pagead\/js\/adsbygoogle.js\"><\/script>\r\n<!-- 300x250 sc a -->\r\n<ins class=\"adsbygoogle\"\r\n     style=\"display:inline-block;width:300px;height:250px\"\r\n     data-ad-client=\"ca-pub-1244235910658811\"\r\n     data-ad-slot=\"8592682546\"><\/ins>\r\n<script>\r\n     (adsbygoogle = window.adsbygoogle || []).push({});\r\n<\/script><\/center>\r\n<\/p><\/div><\/span><\/span><\/p>\n<p><span style=\"vertical-align: inherit;\"><span style=\"vertical-align: inherit;\"><a href=\"https:\/\/www.prwrestling.com\/nw\/reporte-wwe-smackdown-8-11-jey-uso-se-marcha-de-la-wwe\/\">En el programa<\/a>, <strong>Jey Uso<\/strong> afirm\u00f3 que dejar\u00eda la WWE despu\u00e9s de atacar a su hermano Jimmy Uso. <\/span><span style=\"vertical-align: inherit;\">Se confirma que esta es una historia ya que Jey Uso est\u00e1 programado para aparecer en SmackDown en un par de semanas.<\/span><\/span><\/p>\n<p><span style=\"vertical-align: inherit;\"><span style=\"vertical-align: inherit;\"><strong>Rey Mysterio<\/strong> <a href=\"https:\/\/www.prwrestling.com\/nw\/rey-mysterio-se-corona-nuevo-campeon-de-los-estados-unidos-en-wwe-smackdown\/\">gan\u00f3 el Campeonato de los Estados Unido<\/a>s en el programa. <\/span><span style=\"vertical-align: inherit;\">Los informes indican que WWE mantuvo el cambio de t\u00edtulo en silencio internamente ya que nadie sab\u00eda que Santos Escobar no estar\u00eda viendo acci\u00f3n hasta el segundo ataque por parte de Austin Theory.<div id=\"ad-slot\" style=\"min-width: 300px; min-height: 250px;\"><p style=\"text-align: center;\">\r\n<script async src=\"https:\/\/pagead2.googlesyndication.com\/pagead\/js\/adsbygoogle.js\"><\/script>\r\n<!-- Responsive sc c -->\r\n<ins class=\"adsbygoogle\"\r\n     style=\"display:block\"\r\n     data-ad-client=\"ca-pub-1244235910658811\"\r\n     data-ad-slot=\"4234005358\"\r\n     data-ad-format=\"auto\"\r\n     data-full-width-responsive=\"true\"><\/ins>\r\n<script>\r\n     (adsbygoogle = window.adsbygoogle || []).push({});\r\n<\/script><\/p><\/div><\/span><\/span><\/p>\n<p><span style=\"vertical-align: inherit;\"><span style=\"vertical-align: inherit;\"><strong>Nick Aldis y Robert Roode<\/strong> trabajaron como productores para SmackDown del viernes, principalmente apoyando a otros productores para aclimatarse a la din\u00e1mica del trabajo.<\/span><\/span><\/p>\n<p><span style=\"vertical-align: inherit;\"><span style=\"vertical-align: inherit;\">El Campe\u00f3n Universal Indiscutible de la WWE, <strong>Roman Reigns<\/strong>, sufri\u00f3 una lesi\u00f3n menor en SummerSlam 2023 durante su combate ante Uso. No se espera que se pierda ninguna de las fechas programadas, pero eso podr\u00eda cambiar en el futuro. <\/span><span style=\"vertical-align: inherit;\">Tambi\u00e9n se se\u00f1ala que la lesi\u00f3n de Reigns no est\u00e1 relacionada con su espalda.<\/span><\/span><\/p>\n<\/div>\n<p>&nbsp;<\/p>\n","protected":false},"excerpt":{"rendered":"<p>Fightful Select ha publicado un nuevo informe que revela algunas noticias y notas tras bastidores de WWE despu\u00e9s de la edici\u00f3n de SmackDown del viernes pasado.<\/p>\n","protected":false},"author":1,"featured_media":217959,"comment_status":"closed","ping_status":"closed","sticky":false,"template":"","format":"standard","meta":{"footnotes":""},"categories":[5,38],"tags":[],"class_list":{"0":"post-217950","1":"post","2":"type-post","3":"status-publish","4":"format-standard","5":"has-post-thumbnail","7":"category-noticias","8":"category-noticias-y-rumores-de-la-wwe"},"_links":{"self":[{"href":"https:\/\/www.prwrestling.com\/nw\/wp-json\/wp\/v2\/posts\/217950","targetHints":{"allow":["GET"]}}],"collection":[{"href":"https:\/\/www.prwrestling.com\/nw\/wp-json\/wp\/v2\/posts"}],"about":[{"href":"https:\/\/www.prwrestling.com\/nw\/wp-json\/wp\/v2\/types\/post"}],"author":[{"embeddable":true,"href":"https:\/\/www.prwrestling.com\/nw\/wp-json\/wp\/v2\/users\/1"}],"replies":[{"embeddable":true,"href":"https:\/\/www.prwrestling.com\/nw\/wp-json\/wp\/v2\/comments?post=217950"}],"version-history":[{"count":3,"href":"https:\/\/www.prwrestling.com\/nw\/wp-json\/wp\/v2\/posts\/217950\/revisions"}],"predecessor-version":[{"id":217960,"href":"https:\/\/www.prwrestling.com\/nw\/wp-json\/wp\/v2\/posts\/217950\/revisions\/217960"}],"wp:featuredmedia":[{"embeddable":true,"href":"https:\/\/www.prwrestling.com\/nw\/wp-json\/wp\/v2\/media\/217959"}],"wp:attachment":[{"href":"https:\/\/www.prwrestling.com\/nw\/wp-json\/wp\/v2\/media?parent=217950"}],"wp:term":[{"taxonomy":"category","embeddable":true,"href":"https:\/\/www.prwrestling.com\/nw\/wp-json\/wp\/v2\/categories?post=217950"},{"taxonomy":"post_tag","embeddable":true,"href":"https:\/\/www.prwrestling.com\/nw\/wp-json\/wp\/v2\/tags?post=217950"}],"curies":[{"name":"wp","href":"https:\/\/api.w.org\/{rel}","templated":true}]}}