{"id":217990,"date":"2023-08-14T10:51:00","date_gmt":"2023-08-14T14:51:00","guid":{"rendered":"https:\/\/www.prwrestling.com\/nw\/?p=217990"},"modified":"2023-08-14T10:53:19","modified_gmt":"2023-08-14T14:53:19","slug":"ric-flair-no-cree-que-roman-reigns-sea-el-verdadero-jefe-tribal","status":"publish","type":"post","link":"https:\/\/www.prwrestling.com\/nw\/ric-flair-no-cree-que-roman-reigns-sea-el-verdadero-jefe-tribal\/","title":{"rendered":"Ric Flair no cree que Roman Reigns sea el verdadero &#8220;Jefe Tribal&#8221;"},"content":{"rendered":"<div>\n<p><span style=\"vertical-align: inherit;\"><span style=\"vertical-align: inherit;\">A pesar de que Roman Reigns consolid\u00f3 su liderazgo sobre Bloodline a trav\u00e9s de su victoria contra Jey Uso en <a href=\"https:\/\/www.prwrestling.com\/nw\/resultados-wwe-summerslam-jimmy-traiciona-a-jey-uso-nueva-campeona-femenina\/\">SummerSlam 2023<\/a>, el 16 veces campe\u00f3n mundial Ric Flair aparentemente ha contradicho esta noci\u00f3n.<!--more--><div id=\"ad-slot\" style=\"min-width: 300px; min-height: 250px;\">\r\n<p style=\"text-align: center;\">\r\n<script async src=\"https:\/\/pagead2.googlesyndication.com\/pagead\/js\/adsbygoogle.js\"><\/script>\r\n<!-- 300x250 sc a -->\r\n<ins class=\"adsbygoogle\"\r\n     style=\"display:inline-block;width:300px;height:250px\"\r\n     data-ad-client=\"ca-pub-1244235910658811\"\r\n     data-ad-slot=\"8592682546\"><\/ins>\r\n<script>\r\n     (adsbygoogle = window.adsbygoogle || []).push({});\r\n<\/script><\/center>\r\n<\/p><\/div><\/span><\/span><\/p>\n<p><span style=\"vertical-align: inherit;\"><span style=\"vertical-align: inherit;\">El dos veces miembro del Sal\u00f3n de la Fama public\u00f3 una imagen capturando un abrazo con la ex superestrella de WWE Haku, quien estuvo activo a finales de los 80 para la compa\u00f1\u00eda y luego en WCW junto a Flair a mediados y finales de los 90.<\/span><\/span><\/p>\n<p><span style=\"vertical-align: inherit;\"><span style=\"vertical-align: inherit;\">Flair elogi\u00f3 cari\u00f1osamente a su amigo Haku como el verdadero Jefe Tribal, aludiendo en broma que incluso Roman Reigns podr\u00eda estar de acuerdo con este sentimiento.<div id=\"ad-slot\" style=\"min-width: 300px; min-height: 250px;\"><p style=\"text-align: center;\">\r\n<script async src=\"https:\/\/pagead2.googlesyndication.com\/pagead\/js\/adsbygoogle.js\"><\/script>\r\n<!-- Responsive sc c -->\r\n<ins class=\"adsbygoogle\"\r\n     style=\"display:block\"\r\n     data-ad-client=\"ca-pub-1244235910658811\"\r\n     data-ad-slot=\"4234005358\"\r\n     data-ad-format=\"auto\"\r\n     data-full-width-responsive=\"true\"><\/ins>\r\n<script>\r\n     (adsbygoogle = window.adsbygoogle || []).push({});\r\n<\/script><\/p><\/div><\/span><\/span><\/p>\n<blockquote class=\"wp-block-quote\"><p><span style=\"vertical-align: inherit;\"><span style=\"vertical-align: inherit;\">\u00a1El VERDADERO jefe tribal! <\/span><span style=\"vertical-align: inherit;\">\u00a1No creo que @WWERomanReigns discuta eso! <\/span><span style=\"vertical-align: inherit;\">\u00a1GUAUOOOO!<\/span><\/span><\/p><\/blockquote>\n<p><span style=\"vertical-align: inherit;\"><span style=\"vertical-align: inherit;\">Roman Reigns podr\u00eda tomar otro peque\u00f1o descanso de la WWE, despu\u00e9s de todo, <\/span><\/span><span style=\"vertical-align: inherit;\"><span style=\"vertical-align: inherit;\">Bloodline no est\u00e1 programado para estar en SmackDown la pr\u00f3xima semana. <\/span><\/span><span style=\"vertical-align: inherit;\"><span style=\"vertical-align: inherit;\">Ric Flair podr\u00eda disfrutar de SmackDown en Toronto, ya que se <\/span><\/span><span style=\"vertical-align: inherit;\"><span style=\"vertical-align: inherit;\">espera que le den un gran protagonismo a Edge<\/span><\/span><span style=\"vertical-align: inherit;\"><span style=\"vertical-align: inherit;\"> .<\/span><\/span><\/p>\n<\/div>\n<p>&nbsp;<\/p>\n<blockquote class=\"twitter-tweet\">\n<p dir=\"ltr\" lang=\"en\">The REAL Tribal Chief!<br \/>\nI Don\u2019t Think <a href=\"https:\/\/twitter.com\/WWERomanReigns?ref_src=twsrc%5Etfw\" target=\"_blank\" rel=\"noopener\">@WWERomanReigns<\/a> Will Argue With That! WOOOOO! <a href=\"https:\/\/t.co\/4NFgqR1EB3\">pic.twitter.com\/4NFgqR1EB3<\/a><\/p>\n<p>\u2014 Ric Flair\u00ae (@RicFlairNatrBoy) <a href=\"https:\/\/twitter.com\/RicFlairNatrBoy\/status\/1690143213120552960?ref_src=twsrc%5Etfw\" target=\"_blank\" rel=\"noopener\">August 11, 2023<\/a><\/p><\/blockquote>\n<p><script async src=\"https:\/\/platform.twitter.com\/widgets.js\" charset=\"utf-8\"><\/script><\/p>\n","protected":false},"excerpt":{"rendered":"<p>A pesar de que Roman Reigns consolid\u00f3 su liderazgo sobre Bloodline a trav\u00e9s de su victoria contra Jey Uso en SummerSlam 2023, el 16 veces campe\u00f3n mundial Ric Flair aparentemente ha contradicho esta noci\u00f3n.<\/p>\n","protected":false},"author":1,"featured_media":218022,"comment_status":"closed","ping_status":"closed","sticky":false,"template":"","format":"standard","meta":{"footnotes":""},"categories":[5,38],"tags":[],"class_list":{"0":"post-217990","1":"post","2":"type-post","3":"status-publish","4":"format-standard","5":"has-post-thumbnail","7":"category-noticias","8":"category-noticias-y-rumores-de-la-wwe"},"_links":{"self":[{"href":"https:\/\/www.prwrestling.com\/nw\/wp-json\/wp\/v2\/posts\/217990","targetHints":{"allow":["GET"]}}],"collection":[{"href":"https:\/\/www.prwrestling.com\/nw\/wp-json\/wp\/v2\/posts"}],"about":[{"href":"https:\/\/www.prwrestling.com\/nw\/wp-json\/wp\/v2\/types\/post"}],"author":[{"embeddable":true,"href":"https:\/\/www.prwrestling.com\/nw\/wp-json\/wp\/v2\/users\/1"}],"replies":[{"embeddable":true,"href":"https:\/\/www.prwrestling.com\/nw\/wp-json\/wp\/v2\/comments?post=217990"}],"version-history":[{"count":3,"href":"https:\/\/www.prwrestling.com\/nw\/wp-json\/wp\/v2\/posts\/217990\/revisions"}],"predecessor-version":[{"id":218021,"href":"https:\/\/www.prwrestling.com\/nw\/wp-json\/wp\/v2\/posts\/217990\/revisions\/218021"}],"wp:featuredmedia":[{"embeddable":true,"href":"https:\/\/www.prwrestling.com\/nw\/wp-json\/wp\/v2\/media\/218022"}],"wp:attachment":[{"href":"https:\/\/www.prwrestling.com\/nw\/wp-json\/wp\/v2\/media?parent=217990"}],"wp:term":[{"taxonomy":"category","embeddable":true,"href":"https:\/\/www.prwrestling.com\/nw\/wp-json\/wp\/v2\/categories?post=217990"},{"taxonomy":"post_tag","embeddable":true,"href":"https:\/\/www.prwrestling.com\/nw\/wp-json\/wp\/v2\/tags?post=217990"}],"curies":[{"name":"wp","href":"https:\/\/api.w.org\/{rel}","templated":true}]}}