{"id":218220,"date":"2023-08-15T19:08:12","date_gmt":"2023-08-15T23:08:12","guid":{"rendered":"https:\/\/www.prwrestling.com\/nw\/?p=218220"},"modified":"2023-08-15T19:08:12","modified_gmt":"2023-08-15T23:08:12","slug":"reporte-cm-punk-y-jack-perry-discutieron-tras-bastidores-en-aew-collision","status":"publish","type":"post","link":"https:\/\/www.prwrestling.com\/nw\/reporte-cm-punk-y-jack-perry-discutieron-tras-bastidores-en-aew-collision\/","title":{"rendered":"Reporte: CM Punk y Jack Perry discutieron tras bastidores en AEW Collision"},"content":{"rendered":"<p><span style=\"vertical-align: inherit;\"><span style=\"vertical-align: inherit;\">Hay otra historia que involucra a CM Punk y un talento de AEW.<\/span><\/span><!--more--><div id=\"ad-slot\" style=\"min-width: 300px; min-height: 250px;\">\r\n<p style=\"text-align: center;\">\r\n<script async src=\"https:\/\/pagead2.googlesyndication.com\/pagead\/js\/adsbygoogle.js\"><\/script>\r\n<!-- 300x250 sc a -->\r\n<ins class=\"adsbygoogle\"\r\n     style=\"display:inline-block;width:300px;height:250px\"\r\n     data-ad-client=\"ca-pub-1244235910658811\"\r\n     data-ad-slot=\"8592682546\"><\/ins>\r\n<script>\r\n     (adsbygoogle = window.adsbygoogle || []).push({});\r\n<\/script><\/center>\r\n<\/p><\/div><\/p>\n<p><span style=\"vertical-align: inherit;\"><span style=\"vertical-align: inherit;\">Seg\u00fan <\/span><\/span><a href=\"https:\/\/www.patreon.com\/posts\/cm-punk-and-jack-87747338?utm_medium=post_notification_email&amp;utm_campaign=patron_engagement&amp;utm_source=post_link&amp;token=eyJhbGciOiJIUzI1NiIsInR5cCI6IkpXVCJ9.eyJyZWRpc19rZXkiOiJpYTo3MTBhYjJhOS0yMjgzLTRmNTgtYmQyNC0yNmUyOTE4YmQxYzEiLCJwb3N0X2lkIjo4Nzc0NzMzOCwicGF0cm9uX2lkIjo0OTk4MzcxMH0.4AGDCQlVdFGNoIZmgBRq9VzNQVimSTE3xLQ--jtxTbk\" target=\"_blank\" rel=\"noopener\"><span style=\"vertical-align: inherit;\"><span style=\"vertical-align: inherit;\">Fightful Select<\/span><\/span><\/a><span style=\"vertical-align: inherit;\"><span style=\"vertical-align: inherit;\"> , el campe\u00f3n mundial &#8220;real&#8221; y el campe\u00f3n de FTW, Jack Perry, tuvieron un desacuerdo que ocurri\u00f3 en uno de los primeros episodios de AEW Collision. <\/span><\/span><\/p>\n<p><span style=\"vertical-align: inherit;\"><span style=\"vertical-align: inherit;\">El informe dice que cuando AEW estaba grabando en Canad\u00e1, Perry estaba en planes para hacer un segmento y quer\u00eda usar vidrio real detr\u00e1s del escenario. <\/span><span style=\"vertical-align: inherit;\">Punk aparentemente &#8220;intervino&#8221; y le dijo a Perry que no hacen cosas as\u00ed en Collision y que si insiste en usar vidrio real, podr\u00eda ir a trabajar el mi\u00e9rcoles por la noche, que es cuando se graba Dynamite.<div id=\"ad-slot\" style=\"min-width: 300px; min-height: 250px;\"><p style=\"text-align: center;\">\r\n<script async src=\"https:\/\/pagead2.googlesyndication.com\/pagead\/js\/adsbygoogle.js\"><\/script>\r\n<!-- Responsive sc c -->\r\n<ins class=\"adsbygoogle\"\r\n     style=\"display:block\"\r\n     data-ad-client=\"ca-pub-1244235910658811\"\r\n     data-ad-slot=\"4234005358\"\r\n     data-ad-format=\"auto\"\r\n     data-full-width-responsive=\"true\"><\/ins>\r\n<script>\r\n     (adsbygoogle = window.adsbygoogle || []).push({});\r\n<\/script><\/p><\/div><\/span><\/span><\/p>\n<p><span style=\"vertical-align: inherit;\"><span style=\"vertical-align: inherit;\">Las fuentes le dijeron a Fightful que Punk cre\u00eda que Perry quer\u00eda usar vidrio real para poder tomarse la siguiente semana libre. <\/span><span style=\"vertical-align: inherit;\">Tambi\u00e9n se observa desde &#8220;el lado de Punk&#8221; que el equipo de producci\u00f3n, Tony Schiavone y los m\u00e9dicos le aconsejaron a Perry que no usara vidrio real para el lugar, ya que era un peligro para la seguridad. <\/span><\/span><\/p>\n<p><span style=\"vertical-align: inherit;\"><span style=\"vertical-align: inherit;\">Perry no estaba contento con eso y, seg\u00fan la gente del lado de Punk, hizo una rabieta porque no pudo obtener la aprobaci\u00f3n. <\/span><span style=\"vertical-align: inherit;\">M\u00e1s tarde se envi\u00f3 un correo electr\u00f3nico al talento con respecto a ciertas pautas de seguridad y la necesidad de aprobar ciertas cosas.<\/span><\/span><\/p>\n<p><span style=\"vertical-align: inherit;\"><span style=\"vertical-align: inherit;\">Se desconoce c\u00f3mo termin\u00f3 la situaci\u00f3n entre Punk y Perry, pero Perry no respondi\u00f3 a Fightful cuando se comunicaron con respecto a esta historia.<\/span><\/span><\/p>\n","protected":false},"excerpt":{"rendered":"<p>Hay otra historia que involucra a CM Punk y un talento de AEW.<\/p>\n","protected":false},"author":1,"featured_media":208465,"comment_status":"closed","ping_status":"closed","sticky":false,"template":"","format":"standard","meta":{"footnotes":""},"categories":[5,1],"tags":[],"class_list":{"0":"post-218220","1":"post","2":"type-post","3":"status-publish","4":"format-standard","5":"has-post-thumbnail","7":"category-noticias","8":"category-all-elite-wrestling"},"_links":{"self":[{"href":"https:\/\/www.prwrestling.com\/nw\/wp-json\/wp\/v2\/posts\/218220","targetHints":{"allow":["GET"]}}],"collection":[{"href":"https:\/\/www.prwrestling.com\/nw\/wp-json\/wp\/v2\/posts"}],"about":[{"href":"https:\/\/www.prwrestling.com\/nw\/wp-json\/wp\/v2\/types\/post"}],"author":[{"embeddable":true,"href":"https:\/\/www.prwrestling.com\/nw\/wp-json\/wp\/v2\/users\/1"}],"replies":[{"embeddable":true,"href":"https:\/\/www.prwrestling.com\/nw\/wp-json\/wp\/v2\/comments?post=218220"}],"version-history":[{"count":3,"href":"https:\/\/www.prwrestling.com\/nw\/wp-json\/wp\/v2\/posts\/218220\/revisions"}],"predecessor-version":[{"id":218232,"href":"https:\/\/www.prwrestling.com\/nw\/wp-json\/wp\/v2\/posts\/218220\/revisions\/218232"}],"wp:featuredmedia":[{"embeddable":true,"href":"https:\/\/www.prwrestling.com\/nw\/wp-json\/wp\/v2\/media\/208465"}],"wp:attachment":[{"href":"https:\/\/www.prwrestling.com\/nw\/wp-json\/wp\/v2\/media?parent=218220"}],"wp:term":[{"taxonomy":"category","embeddable":true,"href":"https:\/\/www.prwrestling.com\/nw\/wp-json\/wp\/v2\/categories?post=218220"},{"taxonomy":"post_tag","embeddable":true,"href":"https:\/\/www.prwrestling.com\/nw\/wp-json\/wp\/v2\/tags?post=218220"}],"curies":[{"name":"wp","href":"https:\/\/api.w.org\/{rel}","templated":true}]}}