{"id":218455,"date":"2023-08-17T07:08:50","date_gmt":"2023-08-17T11:08:50","guid":{"rendered":"https:\/\/www.prwrestling.com\/nw\/?p=218455"},"modified":"2023-08-17T07:12:40","modified_gmt":"2023-08-17T11:12:40","slug":"mas-sobre-la-salida-de-lacey-evans-libre-de-trabajar-con-otras-empresas","status":"publish","type":"post","link":"https:\/\/www.prwrestling.com\/nw\/mas-sobre-la-salida-de-lacey-evans-libre-de-trabajar-con-otras-empresas\/","title":{"rendered":"M\u00e1s sobre la salida de Lacey Evans; Libre de trabajar con otras empresas"},"content":{"rendered":"<div>\n<p><span style=\"vertical-align: inherit;\"><span style=\"vertical-align: inherit;\">Finalmente se confirm\u00f3 que <a href=\"https:\/\/www.prwrestling.com\/nw\/reportan-salida-oficial-de-lacey-evans-de-la-wwe\/\">Lacey Evans<\/a><\/span><\/span><span style=\"vertical-align: inherit;\"><span style=\"vertical-align: inherit;\"> dej\u00f3 la WWE despu\u00e9s de publicar varias actualizaciones cr\u00edpticas en las redes sociales.<!--more--><div id=\"ad-slot\" style=\"min-width: 300px; min-height: 250px;\">\r\n<p style=\"text-align: center;\">\r\n<script async src=\"https:\/\/pagead2.googlesyndication.com\/pagead\/js\/adsbygoogle.js\"><\/script>\r\n<!-- 300x250 sc a -->\r\n<ins class=\"adsbygoogle\"\r\n     style=\"display:inline-block;width:300px;height:250px\"\r\n     data-ad-client=\"ca-pub-1244235910658811\"\r\n     data-ad-slot=\"8592682546\"><\/ins>\r\n<script>\r\n     (adsbygoogle = window.adsbygoogle || []).push({});\r\n<\/script><\/center>\r\n<\/p><\/div><\/span><\/span><\/p>\n<p>Sin embargo a\u00fan no hay claridad sobre lo que sucedi\u00f3 detr\u00e1s de la salida.<\/p>\n<p><a href=\"http:\/\/F4WONLINE.COM\" target=\"_blank\" rel=\"noopener\"><span style=\"vertical-align: inherit;\"><span style=\"vertical-align: inherit;\">Durante Wrestling Observer Radio,<\/span><\/span><\/a><span style=\"vertical-align: inherit;\"><span style=\"vertical-align: inherit;\"> Dave Meltzer confirm\u00f3 que Lacey Evans no fue liberada de su contrato. Lo que sucedi\u00f3 fue que<\/span><span style=\"vertical-align: inherit;\"> dej\u00f3 que expirara su contrato a la vez que ninguna de las partes (Evans y WWE) pudieron llegar a un acuerdo para un nuevo trato.<\/span><\/span><\/p>\n<p>Debido a que es una expiraci\u00f3n de contrato, la luchadora puede trabajar con cualquier compa\u00f1\u00eda desde y\u00e1, porque en este caso no aplica la cl\u00e1usula de los 90 d\u00edas de espera.<span style=\"vertical-align: inherit;\"><div id=\"ad-slot\" style=\"min-width: 300px; min-height: 250px;\"><p style=\"text-align: center;\">\r\n<script async src=\"https:\/\/pagead2.googlesyndication.com\/pagead\/js\/adsbygoogle.js\"><\/script>\r\n<!-- Responsive sc c -->\r\n<ins class=\"adsbygoogle\"\r\n     style=\"display:block\"\r\n     data-ad-client=\"ca-pub-1244235910658811\"\r\n     data-ad-slot=\"4234005358\"\r\n     data-ad-format=\"auto\"\r\n     data-full-width-responsive=\"true\"><\/ins>\r\n<script>\r\n     (adsbygoogle = window.adsbygoogle || []).push({});\r\n<\/script><\/p><\/div><\/span><\/p>\n<p>Bryan Alvarez se\u00f1al\u00f3 que Lacey Evans abrir\u00e1 un restaurante ahora ya que no est\u00e1 en WWE, por lo que tiene mucho m\u00e1s tiempo para concentrarse en ese negocio.<\/p>\n<p><span style=\"vertical-align: inherit;\"><span style=\"vertical-align: inherit;\">Lacey Evans adem\u00e1s ya <\/span><\/span><span style=\"vertical-align: inherit;\"><span style=\"vertical-align: inherit;\">ha dicho que podr\u00eda comenzar un OnlyFans ahora, y ciertamente hay muchas especulaciones sobre su pr\u00f3xima parada ya que se entiende que hay inter\u00e9s de otras empresas por su contrataci\u00f3n<\/span><\/span><span style=\"vertical-align: inherit;\"><span style=\"vertical-align: inherit;\">.<\/span><\/span><\/p>\n<p><span style=\"vertical-align: inherit;\"><span style=\"vertical-align: inherit;\">Solo el tiempo dir\u00e1 si realmente abre un OF, pero ciertamente se da cuenta de que una ola de atenci\u00f3n viene en su direcci\u00f3n, por lo que el pr\u00f3ximo movimiento ser\u00e1 crucial. <\/span><span style=\"vertical-align: inherit;\">Tambi\u00e9n parece que puede hacer ese movimiento cuando quiera sin que se interponga una cl\u00e1usula de no competencia.<\/span><\/span><\/p>\n<\/div>\n<p>&nbsp;<\/p>\n","protected":false},"excerpt":{"rendered":"<p>Finalmente se confirm\u00f3 que Lacey Evans dej\u00f3 la WWE despu\u00e9s de publicar varias actualizaciones cr\u00edpticas en las redes sociales.<\/p>\n","protected":false},"author":1,"featured_media":130224,"comment_status":"closed","ping_status":"closed","sticky":false,"template":"","format":"standard","meta":{"footnotes":""},"categories":[5,38],"tags":[],"class_list":{"0":"post-218455","1":"post","2":"type-post","3":"status-publish","4":"format-standard","5":"has-post-thumbnail","7":"category-noticias","8":"category-noticias-y-rumores-de-la-wwe"},"_links":{"self":[{"href":"https:\/\/www.prwrestling.com\/nw\/wp-json\/wp\/v2\/posts\/218455","targetHints":{"allow":["GET"]}}],"collection":[{"href":"https:\/\/www.prwrestling.com\/nw\/wp-json\/wp\/v2\/posts"}],"about":[{"href":"https:\/\/www.prwrestling.com\/nw\/wp-json\/wp\/v2\/types\/post"}],"author":[{"embeddable":true,"href":"https:\/\/www.prwrestling.com\/nw\/wp-json\/wp\/v2\/users\/1"}],"replies":[{"embeddable":true,"href":"https:\/\/www.prwrestling.com\/nw\/wp-json\/wp\/v2\/comments?post=218455"}],"version-history":[{"count":5,"href":"https:\/\/www.prwrestling.com\/nw\/wp-json\/wp\/v2\/posts\/218455\/revisions"}],"predecessor-version":[{"id":218462,"href":"https:\/\/www.prwrestling.com\/nw\/wp-json\/wp\/v2\/posts\/218455\/revisions\/218462"}],"wp:featuredmedia":[{"embeddable":true,"href":"https:\/\/www.prwrestling.com\/nw\/wp-json\/wp\/v2\/media\/130224"}],"wp:attachment":[{"href":"https:\/\/www.prwrestling.com\/nw\/wp-json\/wp\/v2\/media?parent=218455"}],"wp:term":[{"taxonomy":"category","embeddable":true,"href":"https:\/\/www.prwrestling.com\/nw\/wp-json\/wp\/v2\/categories?post=218455"},{"taxonomy":"post_tag","embeddable":true,"href":"https:\/\/www.prwrestling.com\/nw\/wp-json\/wp\/v2\/tags?post=218455"}],"curies":[{"name":"wp","href":"https:\/\/api.w.org\/{rel}","templated":true}]}}