{"id":218967,"date":"2023-08-21T13:46:46","date_gmt":"2023-08-21T17:46:46","guid":{"rendered":"https:\/\/www.prwrestling.com\/nw\/?p=218967"},"modified":"2023-08-21T13:46:46","modified_gmt":"2023-08-21T17:46:46","slug":"sheamus-le-dio-un-obsequio-a-edge-luego-de-wwe-smackdown","status":"publish","type":"post","link":"https:\/\/www.prwrestling.com\/nw\/sheamus-le-dio-un-obsequio-a-edge-luego-de-wwe-smackdown\/","title":{"rendered":"Sheamus le dio un obsequio a Edge luego de WWE Smackdown"},"content":{"rendered":"<p><span style=\"vertical-align: inherit;\"><span style=\"vertical-align: inherit;\">Sheamus le dio a Edge un recuerdo despu\u00e9s de que su \u00faltimo combate de <a href=\"https:\/\/www.prwrestling.com\/nw\/reporte-wwe-smackdown-8-18-edge-celebra-25-anos-de-carrera\/\">WWE SmackDown<\/a> sali\u00f3 del aire.<\/span><\/span><!--more--><div id=\"ad-slot\" style=\"min-width: 300px; min-height: 250px;\">\r\n<p style=\"text-align: center;\">\r\n<script async src=\"https:\/\/pagead2.googlesyndication.com\/pagead\/js\/adsbygoogle.js\"><\/script>\r\n<!-- 300x250 sc a -->\r\n<ins class=\"adsbygoogle\"\r\n     style=\"display:inline-block;width:300px;height:250px\"\r\n     data-ad-client=\"ca-pub-1244235910658811\"\r\n     data-ad-slot=\"8592682546\"><\/ins>\r\n<script>\r\n     (adsbygoogle = window.adsbygoogle || []).push({});\r\n<\/script><\/center>\r\n<\/p><\/div><\/p>\n<p><span style=\"vertical-align: inherit;\"><span style=\"vertical-align: inherit;\">El viernes pasado por la noche en &#8220;WWE SmackDown&#8221;, el miembro del Sal\u00f3n de la Fama de la WWE Edge celebr\u00f3 25 a\u00f1os con la compa\u00f1\u00eda luchando frente a su ciudad natal de Toronto, Ontario, Canad\u00e1. <\/span><span style=\"vertical-align: inherit;\">El evento estelar vio a Edge derrotar a Sheamus, alguien a quien Edge le dio cr\u00e9dito por inspirarlo a volver al ring. <\/span><\/span><\/p>\n<p><span style=\"vertical-align: inherit;\"><span style=\"vertical-align: inherit;\">Pero fue despu\u00e9s de que el programa sali\u00f3 del aire que &#8220;The Celtic Warrior&#8221; le entreg\u00f3 a Edge un regalo especial: un chelele, un bast\u00f3n de madera que a menudo se usa como garrote, y un art\u00edculo de importancia cultural importante en Irlanda. <div id=\"ad-slot\" style=\"min-width: 300px; min-height: 250px;\">\r\n<p style=\"text-align: center;\">\r\n<script async src=\"https:\/\/pagead2.googlesyndication.com\/pagead\/js\/adsbygoogle.js\"><\/script>\r\n<!-- 300x250 sc a -->\r\n<ins class=\"adsbygoogle\"\r\n     style=\"display:inline-block;width:300px;height:250px\"\r\n     data-ad-client=\"ca-pub-1244235910658811\"\r\n     data-ad-slot=\"8592682546\"><\/ins>\r\n<script>\r\n     (adsbygoogle = window.adsbygoogle || []).push({});\r\n<\/script><\/center>\r\n<\/p><\/div><\/span><\/span><\/p>\n<p><span style=\"vertical-align: inherit;\"><span style=\"vertical-align: inherit;\">La pelea de &#8220;SmackDown&#8221; fue la \u00faltima en el contrato actual de WWE de Edge. <\/span><span style=\"vertical-align: inherit;\">Sin embargo, la &#8220;Superestrella Rated-R&#8221; declar\u00f3 m\u00e1s tarde que, a pesar de eso, su pacto con la WWE se extendi\u00f3 hasta fines de septiembre. <\/span><span style=\"vertical-align: inherit;\">Seg\u00fan Edge, actualmente est\u00e1 contemplando retirarse o firmar otro contrato de lucha libre en alg\u00fan lugar.<\/span><\/span><\/p>\n<blockquote class=\"instagram-media\" style=\"background: #FFF; border: 0; border-radius: 3px; box-shadow: 0 0 1px 0 rgba(0,0,0,0.5),0 1px 10px 0 rgba(0,0,0,0.15); margin: 1px; max-width: 540px; min-width: 326px; padding: 0; width: calc(100% - 2px);\" data-instgrm-captioned=\"\" data-instgrm-permalink=\"https:\/\/www.instagram.com\/reel\/CwK9osmBzIs\/?utm_source=ig_embed&amp;utm_campaign=loading\" data-instgrm-version=\"14\">\n<div style=\"padding: 16px;\">\n<p>&nbsp;<\/p>\n<div style=\"display: flex; flex-direction: row; align-items: center;\">\n<div style=\"background-color: #f4f4f4; border-radius: 50%; flex-grow: 0; height: 40px; margin-right: 14px; width: 40px;\"><\/div>\n<div style=\"display: flex; flex-direction: column; flex-grow: 1; justify-content: center;\">\n<div style=\"background-color: #f4f4f4; border-radius: 4px; flex-grow: 0; height: 14px; margin-bottom: 6px; width: 100px;\"><\/div>\n<div style=\"background-color: #f4f4f4; border-radius: 4px; flex-grow: 0; height: 14px; width: 60px;\"><\/div>\n<\/div>\n<\/div>\n<div style=\"padding: 19% 0;\"><\/div>\n<div style=\"display: block; height: 50px; margin: 0 auto 12px; width: 50px;\"><\/div>\n<div style=\"padding-top: 8px;\">\n<div style=\"color: #3897f0; font-family: Arial,sans-serif; font-size: 14px; font-style: normal; font-weight: 550; line-height: 18px;\">View this post on Instagram<\/div>\n<\/div>\n<div style=\"padding: 12.5% 0;\"><\/div>\n<div style=\"display: flex; flex-direction: row; margin-bottom: 14px; align-items: center;\">\n<div>\n<div style=\"background-color: #f4f4f4; border-radius: 50%; height: 12.5px; width: 12.5px; transform: translateX(0px) translateY(7px);\"><\/div>\n<div style=\"background-color: #f4f4f4; height: 12.5px; transform: rotate(-45deg) translateX(3px) translateY(1px); width: 12.5px; flex-grow: 0; margin-right: 14px; margin-left: 2px;\"><\/div>\n<div style=\"background-color: #f4f4f4; border-radius: 50%; height: 12.5px; width: 12.5px; transform: translateX(9px) translateY(-18px);\"><\/div>\n<\/div>\n<div style=\"margin-left: 8px;\">\n<div style=\"background-color: #f4f4f4; border-radius: 50%; flex-grow: 0; height: 20px; width: 20px;\"><\/div>\n<div style=\"width: 0; height: 0; border-top: 2px solid transparent; border-left: 6px solid #f4f4f4; border-bottom: 2px solid transparent; transform: translateX(16px) translateY(-4px) rotate(30deg);\"><\/div>\n<\/div>\n<div style=\"margin-left: auto;\">\n<div style=\"width: 0px; border-top: 8px solid #F4F4F4; border-right: 8px solid transparent; transform: translateY(16px);\"><\/div>\n<div style=\"background-color: #f4f4f4; flex-grow: 0; height: 12px; width: 16px; transform: translateY(-4px);\"><\/div>\n<div style=\"width: 0; height: 0; border-top: 8px solid #F4F4F4; border-left: 8px solid transparent; transform: translateY(-4px) translateX(8px);\"><\/div>\n<\/div>\n<\/div>\n<div style=\"display: flex; flex-direction: column; flex-grow: 1; justify-content: center; margin-bottom: 24px;\">\n<div style=\"background-color: #f4f4f4; border-radius: 4px; flex-grow: 0; height: 14px; margin-bottom: 6px; width: 224px;\"><\/div>\n<div style=\"background-color: #f4f4f4; border-radius: 4px; flex-grow: 0; height: 14px; width: 144px;\"><\/div>\n<\/div>\n<p>&nbsp;<\/p>\n<p style=\"color: #c9c8cd; font-family: Arial,sans-serif; font-size: 14px; line-height: 17px; margin-bottom: 0; margin-top: 8px; overflow: hidden; padding: 8px 0 7px; text-align: center; text-overflow: ellipsis; white-space: nowrap;\"><a style=\"color: #c9c8cd; font-family: Arial,sans-serif; font-size: 14px; font-style: normal; font-weight: normal; line-height: 17px; text-decoration: none;\" href=\"https:\/\/www.instagram.com\/reel\/CwK9osmBzIs\/?utm_source=ig_embed&amp;utm_campaign=loading\" target=\"_blank\" rel=\"noopener\">A post shared by WWE (@wwe)<\/a><\/p>\n<\/div>\n<\/blockquote>\n<p><script async src=\"\/\/www.instagram.com\/embed.js\"><\/script><br \/>\n<span style=\"vertical-align: inherit;\"> <span style=\"vertical-align: inherit;\">Un informe reciente sugiri\u00f3 que las personas cercanas a Edge creen que AEW es un punto de aterrizaje m\u00e1s razonable de lo que algunos podr\u00edan creer. <\/span><span style=\"vertical-align: inherit;\">Vale la pena se\u00f1alar que, antes de su regreso a la WWE en 2020, se inform\u00f3 que Edge estaba discutiendo con Tony Khan sobre una posible corrida en AEW.<\/span><\/span><\/p>\n<p><span style=\"vertical-align: inherit;\"><span style=\"vertical-align: inherit;\">En cuanto a Sheamus, el l\u00edder de Brawling Brutes est\u00e1 en una racha de derrotas, y se qued\u00f3 corto en peleas individuales contra LA Knight, Austin Theory y Solo Sikoa en los \u00faltimos meses. <\/span><span style=\"vertical-align: inherit;\">Sin embargo, eso no le impidi\u00f3 compartir un abrazo de amor y respeto cuando &#8220;SmackDown&#8221; sali\u00f3 del aire con Edge.<\/span><\/span><\/p>\n","protected":false},"excerpt":{"rendered":"<p>Sheamus le dio a Edge un recuerdo despu\u00e9s de que su \u00faltimo combate de WWE SmackDown sali\u00f3 del aire.<\/p>\n","protected":false},"author":1,"featured_media":218976,"comment_status":"closed","ping_status":"closed","sticky":false,"template":"","format":"standard","meta":{"footnotes":""},"categories":[5,38],"tags":[],"class_list":{"0":"post-218967","1":"post","2":"type-post","3":"status-publish","4":"format-standard","5":"has-post-thumbnail","7":"category-noticias","8":"category-noticias-y-rumores-de-la-wwe"},"_links":{"self":[{"href":"https:\/\/www.prwrestling.com\/nw\/wp-json\/wp\/v2\/posts\/218967","targetHints":{"allow":["GET"]}}],"collection":[{"href":"https:\/\/www.prwrestling.com\/nw\/wp-json\/wp\/v2\/posts"}],"about":[{"href":"https:\/\/www.prwrestling.com\/nw\/wp-json\/wp\/v2\/types\/post"}],"author":[{"embeddable":true,"href":"https:\/\/www.prwrestling.com\/nw\/wp-json\/wp\/v2\/users\/1"}],"replies":[{"embeddable":true,"href":"https:\/\/www.prwrestling.com\/nw\/wp-json\/wp\/v2\/comments?post=218967"}],"version-history":[{"count":2,"href":"https:\/\/www.prwrestling.com\/nw\/wp-json\/wp\/v2\/posts\/218967\/revisions"}],"predecessor-version":[{"id":218977,"href":"https:\/\/www.prwrestling.com\/nw\/wp-json\/wp\/v2\/posts\/218967\/revisions\/218977"}],"wp:featuredmedia":[{"embeddable":true,"href":"https:\/\/www.prwrestling.com\/nw\/wp-json\/wp\/v2\/media\/218976"}],"wp:attachment":[{"href":"https:\/\/www.prwrestling.com\/nw\/wp-json\/wp\/v2\/media?parent=218967"}],"wp:term":[{"taxonomy":"category","embeddable":true,"href":"https:\/\/www.prwrestling.com\/nw\/wp-json\/wp\/v2\/categories?post=218967"},{"taxonomy":"post_tag","embeddable":true,"href":"https:\/\/www.prwrestling.com\/nw\/wp-json\/wp\/v2\/tags?post=218967"}],"curies":[{"name":"wp","href":"https:\/\/api.w.org\/{rel}","templated":true}]}}