{"id":218968,"date":"2023-08-21T12:08:20","date_gmt":"2023-08-21T16:08:20","guid":{"rendered":"https:\/\/www.prwrestling.com\/nw\/?p=218968"},"modified":"2023-08-21T12:08:20","modified_gmt":"2023-08-21T16:08:20","slug":"kurt-angle-confiesa-se-decepciono-por-lucha-ante-eugene-en-wwe-summerslam-2005","status":"publish","type":"post","link":"https:\/\/www.prwrestling.com\/nw\/kurt-angle-confiesa-se-decepciono-por-lucha-ante-eugene-en-wwe-summerslam-2005\/","title":{"rendered":"Kurt Angle confiesa se decepcion\u00f3 por lucha ante Eugene en WWE SummerSlam 2005"},"content":{"rendered":"<p><span style=\"vertical-align: inherit;\"><span style=\"vertical-align: inherit;\">Han pasado casi 20 a\u00f1os desde que Kurt Angle luch\u00f3 por \u00faltima vez en SummerSlam.<\/span><\/span><!--more--><div id=\"ad-slot\" style=\"min-width: 300px; min-height: 250px;\">\r\n<p style=\"text-align: center;\">\r\n<script async src=\"https:\/\/pagead2.googlesyndication.com\/pagead\/js\/adsbygoogle.js\"><\/script>\r\n<!-- 300x250 sc a -->\r\n<ins class=\"adsbygoogle\"\r\n     style=\"display:inline-block;width:300px;height:250px\"\r\n     data-ad-client=\"ca-pub-1244235910658811\"\r\n     data-ad-slot=\"8592682546\"><\/ins>\r\n<script>\r\n     (adsbygoogle = window.adsbygoogle || []).push({});\r\n<\/script><\/center>\r\n<\/p><\/div><\/p>\n<p><span style=\"vertical-align: inherit;\"><span style=\"vertical-align: inherit;\">Angle derrot\u00f3 a Eugene en 4 minutos y medio en el evento de 2005. <\/span><span style=\"vertical-align: inherit;\">El combate vio a Angle recuperar su medalla de oro ol\u00edmpica, que previamente hab\u00eda perdido anteEugene durante un combate por invitaci\u00f3n de Kurt Angle a principios de verano.<\/span><\/span><\/p>\n<p><span style=\"vertical-align: inherit;\"><span style=\"vertical-align: inherit;\">Si bien finalmente termin\u00f3 feliz con la historia, Angle revel\u00f3 que no estaba tan interesado en la idea de enfrentar a Eugene ese a\u00f1o en SummerSlam en el episodio m\u00e1s reciente de &#8220;The Kurt Angle Show&#8221;.<div id=\"ad-slot\" style=\"min-width: 300px; min-height: 250px;\"><p style=\"text-align: center;\">\r\n<script async src=\"https:\/\/pagead2.googlesyndication.com\/pagead\/js\/adsbygoogle.js\"><\/script>\r\n<!-- Responsive sc c -->\r\n<ins class=\"adsbygoogle\"\r\n     style=\"display:block\"\r\n     data-ad-client=\"ca-pub-1244235910658811\"\r\n     data-ad-slot=\"4234005358\"\r\n     data-ad-format=\"auto\"\r\n     data-full-width-responsive=\"true\"><\/ins>\r\n<script>\r\n     (adsbygoogle = window.adsbygoogle || []).push({});\r\n<\/script><\/p><\/div> <\/span><\/span><\/p>\n<p><span style=\"vertical-align: inherit;\"><span style=\"vertical-align: inherit;\">Tal revelaci\u00f3n de Angle entr\u00f3 en conflicto con las declaraciones anteriores de Eugene, quien hab\u00eda sugerido que Angle lo hab\u00eda elegido personalmente para su oponente de SummerSlam.<\/span><\/span><\/p>\n<p><span style=\"vertical-align: inherit;\"><span style=\"vertical-align: inherit;\">&#8220;Est\u00e1 bien, no voy a esconderlo.&#8221;, dijo Angle. <\/span><span style=\"vertical-align: inherit;\">&#8220;S\u00ed, estaba un poco decepcionado. En este momento de mi carrera, era considerado uno de los mejores de la compa\u00f1\u00eda. Estaba en excelente forma, estaba luchando bien. Ya sabes, esperaba ser el evento estelar en SummerSlam. Ah\u00ed es donde estaba en ese momento en particular y eso es lo que merec\u00eda ser&#8221;.<\/span><\/span><\/p>\n<p><span style=\"vertical-align: inherit;\"><span style=\"vertical-align: inherit;\">&#8220;\u00bfPero sabes qu\u00e9? Luchar contra Eugene no fue algo tan malo&#8221;, continu\u00f3 Angle. <\/span><span style=\"vertical-align: inherit;\">&#8220;Realmente creo que el chico tiene talento, y no me import\u00f3 hacerlo con \u00e9l. Fue bastante divertido&#8230; No me lo tom\u00e9 con calma. Me dijeron que no lo hiciera, me dijeron que aguantara la m#erda de \u00e9l. Y lo siento, Eugene. Era &#8216;The Wrestling Machine&#8217;. <\/span><span style=\"vertical-align: inherit;\">Probablemente peor: &#8216;The Wrestling Nightmare'&#8221;.<\/span><\/span><\/p>\n","protected":false},"excerpt":{"rendered":"<p>Han pasado casi 20 a\u00f1os desde que Kurt Angle luch\u00f3 por \u00faltima vez en SummerSlam.<\/p>\n","protected":false},"author":1,"featured_media":218971,"comment_status":"closed","ping_status":"closed","sticky":false,"template":"","format":"standard","meta":{"footnotes":""},"categories":[5,38],"tags":[],"class_list":{"0":"post-218968","1":"post","2":"type-post","3":"status-publish","4":"format-standard","5":"has-post-thumbnail","7":"category-noticias","8":"category-noticias-y-rumores-de-la-wwe"},"_links":{"self":[{"href":"https:\/\/www.prwrestling.com\/nw\/wp-json\/wp\/v2\/posts\/218968","targetHints":{"allow":["GET"]}}],"collection":[{"href":"https:\/\/www.prwrestling.com\/nw\/wp-json\/wp\/v2\/posts"}],"about":[{"href":"https:\/\/www.prwrestling.com\/nw\/wp-json\/wp\/v2\/types\/post"}],"author":[{"embeddable":true,"href":"https:\/\/www.prwrestling.com\/nw\/wp-json\/wp\/v2\/users\/1"}],"replies":[{"embeddable":true,"href":"https:\/\/www.prwrestling.com\/nw\/wp-json\/wp\/v2\/comments?post=218968"}],"version-history":[{"count":4,"href":"https:\/\/www.prwrestling.com\/nw\/wp-json\/wp\/v2\/posts\/218968\/revisions"}],"predecessor-version":[{"id":218973,"href":"https:\/\/www.prwrestling.com\/nw\/wp-json\/wp\/v2\/posts\/218968\/revisions\/218973"}],"wp:featuredmedia":[{"embeddable":true,"href":"https:\/\/www.prwrestling.com\/nw\/wp-json\/wp\/v2\/media\/218971"}],"wp:attachment":[{"href":"https:\/\/www.prwrestling.com\/nw\/wp-json\/wp\/v2\/media?parent=218968"}],"wp:term":[{"taxonomy":"category","embeddable":true,"href":"https:\/\/www.prwrestling.com\/nw\/wp-json\/wp\/v2\/categories?post=218968"},{"taxonomy":"post_tag","embeddable":true,"href":"https:\/\/www.prwrestling.com\/nw\/wp-json\/wp\/v2\/tags?post=218968"}],"curies":[{"name":"wp","href":"https:\/\/api.w.org\/{rel}","templated":true}]}}