{"id":219,"date":"2014-04-06T15:59:21","date_gmt":"2014-04-06T15:59:21","guid":{"rendered":"http:\/\/prwrestling.com\/nw\/?p=219"},"modified":"2014-04-06T16:00:40","modified_gmt":"2014-04-06T16:00:40","slug":"wwe-com-entrevista-a-carlito","status":"publish","type":"post","link":"https:\/\/www.prwrestling.com\/nw\/wwe-com-entrevista-a-carlito\/","title":{"rendered":"WWE.COM ENTREVISTA A CARLITO"},"content":{"rendered":"<p><img loading=\"lazy\" decoding=\"async\" class=\"attachment-post-thumbnail alignleft\" alt=\"Carlito_wwe\" src=\"http:\/\/prwrestling.com\/nw\/wp-content\/uploads\/2014\/04\/Carlito_wwe-150x150.jpg\" width=\"150\" height=\"150\" \/>WWE.com habl\u00f3 con Carlito sobre la ceremonia de anoche en donde Carlos Colon fue exaltado al Salon de la Fama. A continuaci\u00f3n la traducci\u00f3n al espa\u00f1ol de lo dicho por el luchador boricua.<\/p>\n<p>WWE.COM : \u00bfQu\u00e9 se siente estar aqu\u00ed esta noche en la ceremonia del WWE Hall of Fame?<\/p>\n<p>CARLITO : Es muy bueno ver a un mont\u00f3n de viejos amigos que no he visto en mucho tiempo, muchos de luchadores y las personas detr\u00e1s del escenario , al ver al Sr. McMahon y todo el mundo . Es bueno estar de vuelta por un minuto.<\/p>\n<p>WWE.COM : \u00bfQu\u00e9 significa para usted estar aqu\u00ed esta noche , ya que su padre entra en el WWE Hall of Fame?<\/p>\n<p>CARLITO : Es un gran honor. Me alegro de que me pidieron que hiciera esto, que soy capaz de estar al lado de mi hermano y mi primo, y hacer algo que mi padre merec\u00eda hace mucho tiempo. Estoy muy contento por \u00e9l y por nuestra familia. Es un gran momento .<\/p>\n<p>WWE.COM : \u00bfQu\u00e9 crees que la gente deber\u00eda conocer a tu padre ?<\/p>\n<p>CARLITO : Conozco a un mont\u00f3n de gente en los Estados no est\u00e1 muy familiarizado con \u00e9l. Ellos deben saber que gracias a \u00e9l y a su promoci\u00f3n, las estrellas de hoy y ayer tuvieron un lugar para ir a trabajar y prepararse, despu\u00e9s a aprender un estilo diferente. Ellos fueron capaces de madurar porque era coherente &#8211; una o dos luchas cada semana . Creo que esa es su mayor contribuci\u00f3n.<\/p>\n<p>WWE.COM : Al armar su discurso de inducci\u00f3n para su padre, \u00bfqu\u00e9 estaba pasando por su mente?<\/p>\n<p>CARLITO : \u00c9l ha tenido una carrera tan legendaria , se escribe a s\u00ed mismo. Mi meta principal es que yo no quiero convertirlo en un acto de stand- up comedy y hacer las cosas acerca de m\u00ed mismo. Quiero concentrarme en mi pap\u00e1, es todo acerca de \u00e9l. Cuanto menos estoy involucrado , mejor.<\/p>\n","protected":false},"excerpt":{"rendered":"<p>WWE.com habl\u00f3 con Carlito sobre la ceremonia de anoche en donde Carlos Colon fue exaltado al Salon de la Fama. A continuaci\u00f3n la traducci\u00f3n al espa\u00f1ol de lo dicho por el luchador boricua. WWE.COM : \u00bfQu\u00e9 se siente estar aqu\u00ed esta noche en la ceremonia del WWE Hall of Fame? CARLITO : Es muy bueno<\/p>\n","protected":false},"author":1,"featured_media":221,"comment_status":"closed","ping_status":"open","sticky":false,"template":"","format":"standard","meta":{"footnotes":""},"categories":[5],"tags":[],"class_list":{"0":"post-219","1":"post","2":"type-post","3":"status-publish","4":"format-standard","5":"has-post-thumbnail","7":"category-noticias"},"_links":{"self":[{"href":"https:\/\/www.prwrestling.com\/nw\/wp-json\/wp\/v2\/posts\/219","targetHints":{"allow":["GET"]}}],"collection":[{"href":"https:\/\/www.prwrestling.com\/nw\/wp-json\/wp\/v2\/posts"}],"about":[{"href":"https:\/\/www.prwrestling.com\/nw\/wp-json\/wp\/v2\/types\/post"}],"author":[{"embeddable":true,"href":"https:\/\/www.prwrestling.com\/nw\/wp-json\/wp\/v2\/users\/1"}],"replies":[{"embeddable":true,"href":"https:\/\/www.prwrestling.com\/nw\/wp-json\/wp\/v2\/comments?post=219"}],"version-history":[{"count":2,"href":"https:\/\/www.prwrestling.com\/nw\/wp-json\/wp\/v2\/posts\/219\/revisions"}],"predecessor-version":[{"id":223,"href":"https:\/\/www.prwrestling.com\/nw\/wp-json\/wp\/v2\/posts\/219\/revisions\/223"}],"wp:featuredmedia":[{"embeddable":true,"href":"https:\/\/www.prwrestling.com\/nw\/wp-json\/wp\/v2\/media\/221"}],"wp:attachment":[{"href":"https:\/\/www.prwrestling.com\/nw\/wp-json\/wp\/v2\/media?parent=219"}],"wp:term":[{"taxonomy":"category","embeddable":true,"href":"https:\/\/www.prwrestling.com\/nw\/wp-json\/wp\/v2\/categories?post=219"},{"taxonomy":"post_tag","embeddable":true,"href":"https:\/\/www.prwrestling.com\/nw\/wp-json\/wp\/v2\/tags?post=219"}],"curies":[{"name":"wp","href":"https:\/\/api.w.org\/{rel}","templated":true}]}}