{"id":219037,"date":"2023-08-21T23:18:25","date_gmt":"2023-08-22T03:18:25","guid":{"rendered":"https:\/\/www.prwrestling.com\/nw\/?p=219037"},"modified":"2023-08-21T23:19:28","modified_gmt":"2023-08-22T03:19:28","slug":"seth-rollins-admite-sufre-lesion-en-la-espalda-durante-wwe-raw","status":"publish","type":"post","link":"https:\/\/www.prwrestling.com\/nw\/seth-rollins-admite-sufre-lesion-en-la-espalda-durante-wwe-raw\/","title":{"rendered":"Seth Rollins admite sufre lesi\u00f3n en la espalda durante WWE RAW"},"content":{"rendered":"<p><span style=\"vertical-align: inherit;\"><span style=\"vertical-align: inherit;\">Seth Rollins est\u00e1 listo para defender el Campeonato Mundial Peso Pesado de la WWE en WWE Payback el s\u00e1bado 2 de septiembre de 2023 en el PPG Paints Arena en Pittsburgh, Pensilvania. <\/span><\/span><!--more--><div id=\"ad-slot\" style=\"min-width: 300px; min-height: 250px;\">\r\n<p style=\"text-align: center;\">\r\n<script async src=\"https:\/\/pagead2.googlesyndication.com\/pagead\/js\/adsbygoogle.js\"><\/script>\r\n<!-- 300x250 sc a -->\r\n<ins class=\"adsbygoogle\"\r\n     style=\"display:inline-block;width:300px;height:250px\"\r\n     data-ad-client=\"ca-pub-1244235910658811\"\r\n     data-ad-slot=\"8592682546\"><\/ins>\r\n<script>\r\n     (adsbygoogle = window.adsbygoogle || []).push({});\r\n<\/script><\/center>\r\n<\/p><\/div><\/p>\n<p><span style=\"vertical-align: inherit;\"><span style=\"vertical-align: inherit;\">Esta semana en <a href=\"http:\/\/wwe.com\" target=\"_blank\" rel=\"noopener\">WWE<\/a> RAW,<\/span><\/span><span style=\"vertical-align: inherit;\"><span class=\"\" style=\"vertical-align: inherit;\"> Shinsuke Nakamura revel\u00f3 lo que le dijo a Seth Rollins<\/span><\/span><span style=\"vertical-align: inherit;\"><span class=\"\" style=\"vertical-align: inherit;\"> la semana pasada en RAW. <\/span><span style=\"vertical-align: inherit;\">Lo amenaz\u00f3 a lo grande, pues revel\u00f3 que le dijo: \u201cS\u00e9 lo de tu espalda\u201d.<\/span><\/span><\/p>\n<p><span style=\"vertical-align: inherit;\"><span style=\"vertical-align: inherit;\">M\u00e1s tarde, Seth Rollins tuvo la oportunidad de responder a esto durante una entrevista tras bastidores. <\/span><span style=\"vertical-align: inherit;\"><em>El Visionario<\/em> admiti\u00f3 que tiene una lesi\u00f3n en la espalda y que no est\u00e1 seguro de cu\u00e1nto tiempo m\u00e1s le queda en el ring, porque sus lesiones no desaparecen.<div id=\"ad-slot\" style=\"min-width: 300px; min-height: 250px;\"><p style=\"text-align: center;\">\r\n<script async src=\"https:\/\/pagead2.googlesyndication.com\/pagead\/js\/adsbygoogle.js\"><\/script>\r\n<!-- Responsive sc c -->\r\n<ins class=\"adsbygoogle\"\r\n     style=\"display:block\"\r\n     data-ad-client=\"ca-pub-1244235910658811\"\r\n     data-ad-slot=\"4234005358\"\r\n     data-ad-format=\"auto\"\r\n     data-full-width-responsive=\"true\"><\/ins>\r\n<script>\r\n     (adsbygoogle = window.adsbygoogle || []).push({});\r\n<\/script><\/p><\/div><\/span><\/span><\/p>\n<blockquote class=\"wp-block-quote\"><p><span style=\"vertical-align: inherit;\"><span style=\"vertical-align: inherit;\">\u201cMe tom\u00f3 desprevenido la semana pasada cuando mencion\u00f3 mi lesi\u00f3n en la espalda, porque la verdad es que no es algo de lo que me guste mucho hablar p\u00fablicamente. <\/span><span style=\"vertical-align: inherit;\">Si estamos siendo completamente abiertos aqu\u00ed, tengo dos fracturas en la columna lumbar.<\/span><\/span><\/p>\n<p><span style=\"vertical-align: inherit;\"> <span style=\"vertical-align: inherit;\">Llevo m\u00e1s de cuatro a\u00f1os viviendo con esa lesi\u00f3n, y no mejora sola, empeora, y la verdad es que no s\u00e9 muy bien cu\u00e1l es el final. <\/span><span style=\"vertical-align: inherit;\">No s\u00e9 cu\u00e1nto tiempo m\u00e1s podr\u00e9 hacer esto en el nivel en el que estoy actualmente. <\/span><span style=\"vertical-align: inherit;\">\u00bfSabes que? <\/span><span style=\"vertical-align: inherit;\">Eso es parte del concierto\u201d.<\/span><\/span><\/p><\/blockquote>\n<p><span style=\"vertical-align: inherit;\"><span style=\"vertical-align: inherit;\">Seth Rollins tambi\u00e9n dijo que es &#8220;parte del trabajo&#8221; si Shinsuke Nakamura quiere jugar juegos mentales, sacar a relucir el pasado, cuestionar su car\u00e1cter o lastimarlo. <\/span><span style=\"vertical-align: inherit;\">Sin embargo, si Nakamura quiere involucrar a la familia Rollins, entonces &#8220;ser\u00e1 mejor que est\u00e9 preparado para enfrentarme de hombre a hombre&#8221;.<\/span><\/span><\/p>\n<blockquote class=\"twitter-tweet\">\n<p dir=\"ltr\" lang=\"en\">World Heavyweight Champion <a href=\"https:\/\/twitter.com\/WWERollins?ref_src=twsrc%5Etfw\" target=\"_blank\" rel=\"noopener\">@WWERollins<\/a> addresses his current mentality and physical state following comments from <a href=\"https:\/\/twitter.com\/ShinsukeN?ref_src=twsrc%5Etfw\" target=\"_blank\" rel=\"noopener\">@ShinsukeN<\/a> earlier tonight on <a href=\"https:\/\/twitter.com\/hashtag\/WWERaw?src=hash&amp;ref_src=twsrc%5Etfw\" target=\"_blank\" rel=\"noopener\">#WWERaw<\/a>. <a href=\"https:\/\/t.co\/7Uh3jRM0AU\">pic.twitter.com\/7Uh3jRM0AU<\/a><\/p>\n<p>\u2014 WWE (@WWE) <a href=\"https:\/\/twitter.com\/WWE\/status\/1693812745232085413?ref_src=twsrc%5Etfw\" target=\"_blank\" rel=\"noopener\">August 22, 2023<\/a><\/p><\/blockquote>\n<p><script async src=\"https:\/\/platform.twitter.com\/widgets.js\" charset=\"utf-8\"><\/script><\/p>\n","protected":false},"excerpt":{"rendered":"<p>Seth Rollins est\u00e1 listo para defender el Campeonato Mundial Peso Pesado de la WWE en WWE Payback el s\u00e1bado 2 de septiembre de 2023 en el PPG Paints Arena en Pittsburgh, Pensilvania.<\/p>\n","protected":false},"author":1,"featured_media":219042,"comment_status":"closed","ping_status":"closed","sticky":false,"template":"","format":"standard","meta":{"footnotes":""},"categories":[5,38],"tags":[],"class_list":{"0":"post-219037","1":"post","2":"type-post","3":"status-publish","4":"format-standard","5":"has-post-thumbnail","7":"category-noticias","8":"category-noticias-y-rumores-de-la-wwe"},"_links":{"self":[{"href":"https:\/\/www.prwrestling.com\/nw\/wp-json\/wp\/v2\/posts\/219037","targetHints":{"allow":["GET"]}}],"collection":[{"href":"https:\/\/www.prwrestling.com\/nw\/wp-json\/wp\/v2\/posts"}],"about":[{"href":"https:\/\/www.prwrestling.com\/nw\/wp-json\/wp\/v2\/types\/post"}],"author":[{"embeddable":true,"href":"https:\/\/www.prwrestling.com\/nw\/wp-json\/wp\/v2\/users\/1"}],"replies":[{"embeddable":true,"href":"https:\/\/www.prwrestling.com\/nw\/wp-json\/wp\/v2\/comments?post=219037"}],"version-history":[{"count":4,"href":"https:\/\/www.prwrestling.com\/nw\/wp-json\/wp\/v2\/posts\/219037\/revisions"}],"predecessor-version":[{"id":219044,"href":"https:\/\/www.prwrestling.com\/nw\/wp-json\/wp\/v2\/posts\/219037\/revisions\/219044"}],"wp:featuredmedia":[{"embeddable":true,"href":"https:\/\/www.prwrestling.com\/nw\/wp-json\/wp\/v2\/media\/219042"}],"wp:attachment":[{"href":"https:\/\/www.prwrestling.com\/nw\/wp-json\/wp\/v2\/media?parent=219037"}],"wp:term":[{"taxonomy":"category","embeddable":true,"href":"https:\/\/www.prwrestling.com\/nw\/wp-json\/wp\/v2\/categories?post=219037"},{"taxonomy":"post_tag","embeddable":true,"href":"https:\/\/www.prwrestling.com\/nw\/wp-json\/wp\/v2\/tags?post=219037"}],"curies":[{"name":"wp","href":"https:\/\/api.w.org\/{rel}","templated":true}]}}