{"id":219114,"date":"2023-08-23T07:16:02","date_gmt":"2023-08-23T11:16:02","guid":{"rendered":"https:\/\/www.prwrestling.com\/nw\/?p=219114"},"modified":"2023-08-23T07:16:02","modified_gmt":"2023-08-23T11:16:02","slug":"no-creo-que-edge-vaya-a-aew-booker-t","status":"publish","type":"post","link":"https:\/\/www.prwrestling.com\/nw\/no-creo-que-edge-vaya-a-aew-booker-t\/","title":{"rendered":"&#8220;No creo que Edge vaya a AEW&#8221; &#8211; Booker T"},"content":{"rendered":"<div class=\"slide-key image-holder gallery-image-holder credit-image-wrap lead-image-holder\" data-post-url=\"https:\/\/www.wrestlinginc.com\/1372399\/booker-t-weighs-idea-fellow-wwe-hall-famer-edge-working-aew\/\" data-post-title=\"Booker T Weighs In On The Idea Of Fellow WWE Hall Of Famer Edge Working For AEW\" data-slide-num=\"0\" data-post-id=\"1372399\">\n<p><span style=\"vertical-align: inherit;\"><span style=\"vertical-align: inherit;\">Es posible que Edge haya luchado en su \u00faltimo combate en la WWE, ya que su reciente enfrentamiento con Sheamus en &#8220;WWE SmackDown&#8221; fue <a href=\"https:\/\/www.prwrestling.com\/nw\/edge-dice-su-lucha-de-smackdown-podria-ser-su-ultima-en-wwe\/\">su \u00faltimo combate contratado<\/a>.<!--more--><div id=\"ad-slot\" style=\"min-width: 300px; min-height: 250px;\">\r\n<p style=\"text-align: center;\">\r\n<script async src=\"https:\/\/pagead2.googlesyndication.com\/pagead\/js\/adsbygoogle.js\"><\/script>\r\n<!-- 300x250 sc a -->\r\n<ins class=\"adsbygoogle\"\r\n     style=\"display:inline-block;width:300px;height:250px\"\r\n     data-ad-client=\"ca-pub-1244235910658811\"\r\n     data-ad-slot=\"8592682546\"><\/ins>\r\n<script>\r\n     (adsbygoogle = window.adsbygoogle || []).push({});\r\n<\/script><\/center>\r\n<\/p><\/div> <\/span><\/span><\/p>\n<p><span style=\"vertical-align: inherit;\"><span style=\"vertical-align: inherit;\">Sin embargo han habido rumores de que el luchador dejar\u00e1 la empresa por completo y eventualmente se unir\u00e1 a AEW.<\/span><\/span><\/p>\n<\/div>\n<div class=\"columns-holder \">\n<p dir=\"ltr\"><span style=\"vertical-align: inherit;\"><span style=\"vertical-align: inherit;\">Hablando en la \u00faltima edici\u00f3n de su podcast <\/span><\/span><a href=\"https:\/\/www.youtube.com\/watch?v=aQuvroaURno\" target=\"_blank\" rel=\"noopener\"><span style=\"vertical-align: inherit;\"><span style=\"vertical-align: inherit;\">&#8220;Hall of Fame&#8221;<\/span><\/span><\/a><span style=\"vertical-align: inherit;\"><span style=\"vertical-align: inherit;\"> , Booker T explic\u00f3 por qu\u00e9 cree que Edge resistir\u00e1 el atractivo de unirse a la promoci\u00f3n de Tony Khan.<div id=\"ad-slot\" style=\"min-width: 300px; min-height: 250px;\"><p style=\"text-align: center;\">\r\n<script async src=\"https:\/\/pagead2.googlesyndication.com\/pagead\/js\/adsbygoogle.js\"><\/script>\r\n<!-- Responsive sc c -->\r\n<ins class=\"adsbygoogle\"\r\n     style=\"display:block\"\r\n     data-ad-client=\"ca-pub-1244235910658811\"\r\n     data-ad-slot=\"4234005358\"\r\n     data-ad-format=\"auto\"\r\n     data-full-width-responsive=\"true\"><\/ins>\r\n<script>\r\n     (adsbygoogle = window.adsbygoogle || []).push({});\r\n<\/script><\/p><\/div><\/span><\/span><\/p>\n<p dir=\"ltr\"><span style=\"vertical-align: inherit;\"><span style=\"vertical-align: inherit;\">&#8220;Si Edge fuera a recoger otro gran cheque de Tony Khan para no hacer nada, ser\u00eda un buen trato, \u00bfverdad? Creo que Edge tiene asuntos pendientes. Se fue totalmente prematuro [cuando se retir\u00f3 en 2011], no para sus gustos, y todo eso&#8230; Creo que Edge quer\u00eda regresar y terminar en WWE. Creo que lo ha hecho. No creo que Edge vaya a AEW&#8221;.<\/span><\/span><\/p>\n<p dir=\"ltr\"><span style=\"vertical-align: inherit;\"><span style=\"vertical-align: inherit;\">Booker continu\u00f3 diciendo que cree que Edge ha agotado su &#8220;carta de ca\u00eddas&#8221;. <\/span><span style=\"vertical-align: inherit;\">Ahora que se acerca a los 50 a\u00f1os, Booker cree que la &#8220;Superestrella Rated R&#8221; est\u00e1 lista para colgar las botas y disfrutar los frutos de su trabajo. <\/span><span style=\"vertical-align: inherit;\">Por supuesto, este es el negocio de la lucha libre, donde el viejo dicho de &#8220;nunca digas nunca&#8221; suena cierto la mayor\u00eda de las veces.<\/span><\/span><\/p>\n<p><span style=\"vertical-align: inherit;\"><span style=\"vertical-align: inherit;\">Al momento de escribir este art\u00edculo, <\/span><\/span><span style=\"vertical-align: inherit;\"><span style=\"vertical-align: inherit;\">Edge no ha descartado la posibilidad de volver a luchar<\/span><\/span><span style=\"vertical-align: inherit;\"><span style=\"vertical-align: inherit;\"> . <\/span><span style=\"vertical-align: inherit;\">Dijo que necesita tiempo para procesar sus pensamientos despu\u00e9s de su lucha con Sheamus en &#8220;WWE SmackDown&#8221; de la semana pasada. <\/span><span style=\"vertical-align: inherit;\">Adem\u00e1s, se ha informado que <\/span><\/span><span style=\"vertical-align: inherit;\"><span style=\"vertical-align: inherit;\">AEW est\u00e1 interesada en reclutar a Edge<\/span><\/span><span style=\"vertical-align: inherit;\"><span style=\"vertical-align: inherit;\"> , y estuvo tentado de unirse a esa promoci\u00f3n antes de regresar a la WWE en 2020.<\/span><\/span><\/p>\n<\/div>\n","protected":false},"excerpt":{"rendered":"<p>Es posible que Edge haya luchado en su \u00faltimo combate en la WWE, ya que su reciente enfrentamiento con Sheamus en &#8220;WWE SmackDown&#8221; fue su \u00faltimo combate contratado.<\/p>\n","protected":false},"author":1,"featured_media":219253,"comment_status":"closed","ping_status":"closed","sticky":false,"template":"","format":"standard","meta":{"footnotes":""},"categories":[5,38],"tags":[],"class_list":{"0":"post-219114","1":"post","2":"type-post","3":"status-publish","4":"format-standard","5":"has-post-thumbnail","7":"category-noticias","8":"category-noticias-y-rumores-de-la-wwe"},"_links":{"self":[{"href":"https:\/\/www.prwrestling.com\/nw\/wp-json\/wp\/v2\/posts\/219114","targetHints":{"allow":["GET"]}}],"collection":[{"href":"https:\/\/www.prwrestling.com\/nw\/wp-json\/wp\/v2\/posts"}],"about":[{"href":"https:\/\/www.prwrestling.com\/nw\/wp-json\/wp\/v2\/types\/post"}],"author":[{"embeddable":true,"href":"https:\/\/www.prwrestling.com\/nw\/wp-json\/wp\/v2\/users\/1"}],"replies":[{"embeddable":true,"href":"https:\/\/www.prwrestling.com\/nw\/wp-json\/wp\/v2\/comments?post=219114"}],"version-history":[{"count":3,"href":"https:\/\/www.prwrestling.com\/nw\/wp-json\/wp\/v2\/posts\/219114\/revisions"}],"predecessor-version":[{"id":219254,"href":"https:\/\/www.prwrestling.com\/nw\/wp-json\/wp\/v2\/posts\/219114\/revisions\/219254"}],"wp:featuredmedia":[{"embeddable":true,"href":"https:\/\/www.prwrestling.com\/nw\/wp-json\/wp\/v2\/media\/219253"}],"wp:attachment":[{"href":"https:\/\/www.prwrestling.com\/nw\/wp-json\/wp\/v2\/media?parent=219114"}],"wp:term":[{"taxonomy":"category","embeddable":true,"href":"https:\/\/www.prwrestling.com\/nw\/wp-json\/wp\/v2\/categories?post=219114"},{"taxonomy":"post_tag","embeddable":true,"href":"https:\/\/www.prwrestling.com\/nw\/wp-json\/wp\/v2\/tags?post=219114"}],"curies":[{"name":"wp","href":"https:\/\/api.w.org\/{rel}","templated":true}]}}