{"id":219348,"date":"2023-08-23T16:47:44","date_gmt":"2023-08-23T20:47:44","guid":{"rendered":"https:\/\/www.prwrestling.com\/nw\/?p=219348"},"modified":"2023-08-23T16:53:12","modified_gmt":"2023-08-23T20:53:12","slug":"fallece-terry-funk","status":"publish","type":"post","link":"https:\/\/www.prwrestling.com\/nw\/fallece-terry-funk\/","title":{"rendered":"Fallece Terry Funk"},"content":{"rendered":"<div>\n<p><span style=\"vertical-align: inherit;\"><span style=\"vertical-align: inherit;\">El miembro del Sal\u00f3n de la Fama de la WWE, Terry Funk, falleci\u00f3 a la edad de 79 a\u00f1os.<!--more--><div id=\"ad-slot\" style=\"min-width: 300px; min-height: 250px;\">\r\n<p style=\"text-align: center;\">\r\n<script async src=\"https:\/\/pagead2.googlesyndication.com\/pagead\/js\/adsbygoogle.js\"><\/script>\r\n<!-- 300x250 sc a -->\r\n<ins class=\"adsbygoogle\"\r\n     style=\"display:inline-block;width:300px;height:250px\"\r\n     data-ad-client=\"ca-pub-1244235910658811\"\r\n     data-ad-slot=\"8592682546\"><\/ins>\r\n<script>\r\n     (adsbygoogle = window.adsbygoogle || []).push({});\r\n<\/script><\/center>\r\n<\/p><\/div><\/span><\/span><\/p>\n<p><span style=\"vertical-align: inherit;\"><span style=\"vertical-align: inherit;\">Los detalles sobre el fallecimiento de Funk no est\u00e1n disponibles al momento de escribir este art\u00edculo, pero los viejos amigos y rivales de Funk,\u00a0 Ric Flair y Mick Foley, acudieron a Twitter para anunciar la desafortunada noticia.<\/span><\/span><\/p>\n<p><span style=\"vertical-align: inherit;\"><span style=\"vertical-align: inherit;\">\u201cEn toda mi vida, nunca he conocido a un chico que trabajara m\u00e1s duro. <\/span><span style=\"vertical-align: inherit;\">\u00a1Terry Funk fue un gran luchador, animador, incre\u00edblemente valiente y un gran amigo! <\/span><span style=\"vertical-align: inherit;\">\u00a1Descansa en paz mi amigo Terry Funk sabiendo que nadie jam\u00e1s te reemplazar\u00e1 en el mundo de la lucha libre profesional!<\/span><span style=\"vertical-align: inherit;\">\u201d, <a href=\"https:\/\/twitter.com\/RicFlairNatrBoy\" target=\"_blank\" rel=\"noopener\">escribi\u00f3 Flair<\/a>.<div id=\"ad-slot\" style=\"min-width: 300px; min-height: 250px;\"><p style=\"text-align: center;\">\r\n<script async src=\"https:\/\/pagead2.googlesyndication.com\/pagead\/js\/adsbygoogle.js\"><\/script>\r\n<!-- Responsive sc c -->\r\n<ins class=\"adsbygoogle\"\r\n     style=\"display:block\"\r\n     data-ad-client=\"ca-pub-1244235910658811\"\r\n     data-ad-slot=\"4234005358\"\r\n     data-ad-format=\"auto\"\r\n     data-full-width-responsive=\"true\"><\/ins>\r\n<script>\r\n     (adsbygoogle = window.adsbygoogle || []).push({});\r\n<\/script><\/p><\/div><\/span><\/span><\/p>\n<p><span style=\"vertical-align: inherit;\"><span style=\"vertical-align: inherit;\">Foley <a href=\"https:\/\/twitter.com\/foleyispod\" target=\"_blank\" rel=\"noopener\">confirm\u00f3 el fallecimiento<\/a> despu\u00e9s de hablar con la hija de Funk.<\/span><\/span><\/p>\n<p><span style=\"vertical-align: inherit;\"><span style=\"vertical-align: inherit;\">\u201cTerry Funk se ha ido. <\/span><span style=\"vertical-align: inherit;\">Acabo de hablar con la hija de Terry, Brandee, quien me dio la terrible noticia. <\/span><span style=\"vertical-align: inherit;\">Era mi mentor, mi \u00eddolo, uno de mis amigos m\u00e1s cercanos. <\/span><span style=\"vertical-align: inherit;\">Era el mejor luchador que jam\u00e1s haya visto. <\/span><span style=\"vertical-align: inherit;\">Si tienes la oportunidad, busca un combate de Terry Funk o una promo de Terry Funk y agradece que este hombre incre\u00edble haya dado tanto, durante tanto tiempo, a tantas personas. <\/span><span style=\"vertical-align: inherit;\">Nunca habr\u00e1 otro como \u00e9l. <\/span><span style=\"vertical-align: inherit;\">Que Dios bendiga a Terry, sus amigos, familiares y todos los que lo amaban. <\/span><span style=\"vertical-align: inherit;\">QEPD mi querido amigo, fue un honor conocerte. <\/span><span style=\"vertical-align: inherit;\">#RIPTerryFunk\u201d, escribi\u00f3 Foley.<\/span><\/span><\/p>\n<p><span style=\"vertical-align: inherit;\"><span style=\"vertical-align: inherit;\">Funk comenz\u00f3 su carrera de lucha libre profesional en 1965 y tuvo carreras importantes con WWE, WCW, ECW, NWA, AJPW, Puerto Rico y muchos otros. <\/span><span style=\"vertical-align: inherit;\">Funk fue pionero en el estilo de lucha libre y muchos lo consideran uno de los mejores luchadores profesionales de todos los tiempos. <\/span><span style=\"vertical-align: inherit;\">La carrera de Funk incluy\u00f3 varios retiros de corta duraci\u00f3n, y es famoso por declarar que nunca se jubilar\u00e1 realmente. <\/span><span style=\"vertical-align: inherit;\">Luch\u00f3 por \u00faltima vez en 2014, pero se retir\u00f3 definitivamente en 2017.<\/span><\/span><br \/>\n<iframe loading=\"lazy\" width=\"334\" height=\"252\" src=\"https:\/\/www.youtube.com\/embed\/EpgETRzs11A\" title=\"WWC: Terry Funk Interview (1986)\" frameborder=\"0\" allow=\"accelerometer; autoplay; clipboard-write; encrypted-media; gyroscope; picture-in-picture; web-share\" allowfullscreen><\/iframe><br \/>\n<span style=\"vertical-align: inherit;\"><span style=\"vertical-align: inherit;\">Funk fue incluido en el Sal\u00f3n de la Fama de la WWE en 2009, el Sal\u00f3n de la Fama de la WCW en 1995, el Sal\u00f3n de la Fama de la Lucha Libre de St. Louis en 2010, el Sal\u00f3n de la Fama de la Lucha Libre Stampede en 1995, el Sal\u00f3n de la Fama de la Lucha Libre Profesional en 2004, el Sal\u00f3n de la Fama del Hardcore en 2005, Sal\u00f3n de la Fama de la Lucha Libre Profesional Internacional en 2021, Sal\u00f3n de la Fama de la Lucha Libre Profesional de George Tragos\/Lou Thesz en 2010 y Sal\u00f3n de la Fama de la NWA en 2009. <\/span><\/span><\/p>\n<p><span style=\"vertical-align: inherit;\"><span style=\"vertical-align: inherit;\">Funk obtuvo numerosos t\u00edtulos en su carrera, incluido el T\u00edtulo Mundial de Peso Pesado de ECW en dos ocasiones, T\u00edtulo de la Televisi\u00f3n de ECW, T\u00edtulo Mundial de Peso Pesado de NWA, T\u00edtulo de Peso Pesado de Estados Unidos NWA\/WCW en dos ocasiones, T\u00edtulo Hardcore de WCW en tres ocasiones y T\u00edtulos de Parejas de WWE, entre muchos otros.<\/span><\/span><\/p>\n<\/div>\n<p>&nbsp;<\/p>\n","protected":false},"excerpt":{"rendered":"<p>El miembro del Sal\u00f3n de la Fama de la WWE, Terry Funk, falleci\u00f3 a la edad de 79 a\u00f1os.<\/p>\n","protected":false},"author":1,"featured_media":10124,"comment_status":"closed","ping_status":"closed","sticky":false,"template":"","format":"standard","meta":{"footnotes":""},"categories":[5,38],"tags":[],"class_list":{"0":"post-219348","1":"post","2":"type-post","3":"status-publish","4":"format-standard","5":"has-post-thumbnail","7":"category-noticias","8":"category-noticias-y-rumores-de-la-wwe"},"_links":{"self":[{"href":"https:\/\/www.prwrestling.com\/nw\/wp-json\/wp\/v2\/posts\/219348","targetHints":{"allow":["GET"]}}],"collection":[{"href":"https:\/\/www.prwrestling.com\/nw\/wp-json\/wp\/v2\/posts"}],"about":[{"href":"https:\/\/www.prwrestling.com\/nw\/wp-json\/wp\/v2\/types\/post"}],"author":[{"embeddable":true,"href":"https:\/\/www.prwrestling.com\/nw\/wp-json\/wp\/v2\/users\/1"}],"replies":[{"embeddable":true,"href":"https:\/\/www.prwrestling.com\/nw\/wp-json\/wp\/v2\/comments?post=219348"}],"version-history":[{"count":7,"href":"https:\/\/www.prwrestling.com\/nw\/wp-json\/wp\/v2\/posts\/219348\/revisions"}],"predecessor-version":[{"id":219356,"href":"https:\/\/www.prwrestling.com\/nw\/wp-json\/wp\/v2\/posts\/219348\/revisions\/219356"}],"wp:featuredmedia":[{"embeddable":true,"href":"https:\/\/www.prwrestling.com\/nw\/wp-json\/wp\/v2\/media\/10124"}],"wp:attachment":[{"href":"https:\/\/www.prwrestling.com\/nw\/wp-json\/wp\/v2\/media?parent=219348"}],"wp:term":[{"taxonomy":"category","embeddable":true,"href":"https:\/\/www.prwrestling.com\/nw\/wp-json\/wp\/v2\/categories?post=219348"},{"taxonomy":"post_tag","embeddable":true,"href":"https:\/\/www.prwrestling.com\/nw\/wp-json\/wp\/v2\/tags?post=219348"}],"curies":[{"name":"wp","href":"https:\/\/api.w.org\/{rel}","templated":true}]}}