{"id":219382,"date":"2023-08-23T20:39:09","date_gmt":"2023-08-24T00:39:09","guid":{"rendered":"https:\/\/www.prwrestling.com\/nw\/?p=219382"},"modified":"2023-08-23T20:40:27","modified_gmt":"2023-08-24T00:40:27","slug":"reporte-wwe-declino-propuesta-de-edge-para-permanecer-en-la-empresa","status":"publish","type":"post","link":"https:\/\/www.prwrestling.com\/nw\/reporte-wwe-declino-propuesta-de-edge-para-permanecer-en-la-empresa\/","title":{"rendered":"Reporte: WWE declin\u00f3 propuesta de Edge para permanecer en la empresa"},"content":{"rendered":"<div>\n<p><span style=\"vertical-align: inherit;\"><span style=\"vertical-align: inherit;\">M\u00faltiples fuentes contin\u00faan informando sobre c\u00f3mo se espera que Edge se una a AEW, seg\u00fan las conversaciones dentro de ambas compa\u00f1\u00edas.<!--more--><div id=\"ad-slot\" style=\"min-width: 300px; min-height: 250px;\">\r\n<p style=\"text-align: center;\">\r\n<script async src=\"https:\/\/pagead2.googlesyndication.com\/pagead\/js\/adsbygoogle.js\"><\/script>\r\n<!-- 300x250 sc a -->\r\n<ins class=\"adsbygoogle\"\r\n     style=\"display:inline-block;width:300px;height:250px\"\r\n     data-ad-client=\"ca-pub-1244235910658811\"\r\n     data-ad-slot=\"8592682546\"><\/ins>\r\n<script>\r\n     (adsbygoogle = window.adsbygoogle || []).push({});\r\n<\/script><\/center>\r\n<\/p><\/div><\/span><\/span><\/p>\n<p><span style=\"vertical-align: inherit;\"><span style=\"vertical-align: inherit;\">Un nuevo informe de <a href=\"http:\/\/PWTorch.com\" target=\"_blank\" rel=\"noopener\">PWTorch<\/a> se\u00f1ala que Edge present\u00f3 a WWE lo que se necesitar\u00eda para conservar sus servicios, pero WWE se neg\u00f3 a cumplir su solicitud.<\/span><\/span><\/p>\n<p><span style=\"vertical-align: inherit;\"><span style=\"vertical-align: inherit;\">Esto ha despertado la creencia dentro de WWE de que Edge probablemente se dirige a AEW, y sab\u00eda en ese momento lo que AEW le ofrecer\u00eda o podr\u00eda ofrecerle, lo que podr\u00eda basarse en conversaciones sobre el pago de AEW con otros luchadores de su poder estelar, o algunos de sus cercanos amigos en la empresa, como Christian Cage o los campeones mundiales en parejas de AEW, FTR.<div id=\"ad-slot\" style=\"min-width: 300px; min-height: 250px;\"><p style=\"text-align: center;\">\r\n<script async src=\"https:\/\/pagead2.googlesyndication.com\/pagead\/js\/adsbygoogle.js\"><\/script>\r\n<!-- Responsive sc c -->\r\n<ins class=\"adsbygoogle\"\r\n     style=\"display:block\"\r\n     data-ad-client=\"ca-pub-1244235910658811\"\r\n     data-ad-slot=\"4234005358\"\r\n     data-ad-format=\"auto\"\r\n     data-full-width-responsive=\"true\"><\/ins>\r\n<script>\r\n     (adsbygoogle = window.adsbygoogle || []).push({});\r\n<\/script><\/p><\/div><\/span><\/span><\/p>\n<p><span style=\"vertical-align: inherit;\"><span style=\"vertical-align: inherit;\">Se se\u00f1al\u00f3 que a los funcionarios de la WWE no les molesta la posibilidad de que Edge termine en AEW. <\/span><span style=\"vertical-align: inherit;\">WWE celebr\u00f3 el 25 aniversario de Edge en el SmackDown del viernes pasado desde Toronto porque es muy querido dentro de la empresa. <\/span><\/span><\/p>\n<p><span style=\"vertical-align: inherit;\"><span style=\"vertical-align: inherit;\">Adem\u00e1s, WWE siempre est\u00e1 buscando formas de crear segmentos y episodios especiales, y el SmackDown del viernes fue una oportunidad para poner a Edge en el centro de atenci\u00f3n de una manera positiva. <\/span><span style=\"vertical-align: inherit;\">Los funcionarios de la WWE tambi\u00e9n esperaban atraer una audiencia m\u00e1s grande con el primer combate Edge vs. Sheamus que si tuvieran que ir con un evento estelar diferente.<\/span><\/span><\/p>\n<p><span style=\"vertical-align: inherit;\"><span style=\"vertical-align: inherit;\">El presidente de AEW, Tony Khan, es un gran admirador de <em>The Rated R Superstar<\/em> y obviamente ver\u00eda valor en agregarlo a la lista, como luchador o alg\u00fan otro rol.<\/span><\/span><\/p>\n<p><span style=\"vertical-align: inherit;\"><span style=\"vertical-align: inherit;\">Edge confirm\u00f3 recientemente que su contrato con la WWE expira a finales de septiembre, pero la pelea del viernes con Sheamus fue la \u00faltima pelea del contrato. <\/span><span style=\"vertical-align: inherit;\">A\u00fan no se sabe si hay alguna cl\u00e1usula de no competencia adjunta al contrato.<\/span><\/span><\/p>\n<\/div>\n<p>&nbsp;<\/p>\n","protected":false},"excerpt":{"rendered":"<p>M\u00faltiples fuentes contin\u00faan informando sobre c\u00f3mo se espera que Edge se una a AEW, seg\u00fan las conversaciones dentro de ambas compa\u00f1\u00edas.<\/p>\n","protected":false},"author":1,"featured_media":148104,"comment_status":"closed","ping_status":"closed","sticky":false,"template":"","format":"standard","meta":{"footnotes":""},"categories":[5,38],"tags":[],"class_list":{"0":"post-219382","1":"post","2":"type-post","3":"status-publish","4":"format-standard","5":"has-post-thumbnail","7":"category-noticias","8":"category-noticias-y-rumores-de-la-wwe"},"_links":{"self":[{"href":"https:\/\/www.prwrestling.com\/nw\/wp-json\/wp\/v2\/posts\/219382","targetHints":{"allow":["GET"]}}],"collection":[{"href":"https:\/\/www.prwrestling.com\/nw\/wp-json\/wp\/v2\/posts"}],"about":[{"href":"https:\/\/www.prwrestling.com\/nw\/wp-json\/wp\/v2\/types\/post"}],"author":[{"embeddable":true,"href":"https:\/\/www.prwrestling.com\/nw\/wp-json\/wp\/v2\/users\/1"}],"replies":[{"embeddable":true,"href":"https:\/\/www.prwrestling.com\/nw\/wp-json\/wp\/v2\/comments?post=219382"}],"version-history":[{"count":4,"href":"https:\/\/www.prwrestling.com\/nw\/wp-json\/wp\/v2\/posts\/219382\/revisions"}],"predecessor-version":[{"id":219386,"href":"https:\/\/www.prwrestling.com\/nw\/wp-json\/wp\/v2\/posts\/219382\/revisions\/219386"}],"wp:featuredmedia":[{"embeddable":true,"href":"https:\/\/www.prwrestling.com\/nw\/wp-json\/wp\/v2\/media\/148104"}],"wp:attachment":[{"href":"https:\/\/www.prwrestling.com\/nw\/wp-json\/wp\/v2\/media?parent=219382"}],"wp:term":[{"taxonomy":"category","embeddable":true,"href":"https:\/\/www.prwrestling.com\/nw\/wp-json\/wp\/v2\/categories?post=219382"},{"taxonomy":"post_tag","embeddable":true,"href":"https:\/\/www.prwrestling.com\/nw\/wp-json\/wp\/v2\/tags?post=219382"}],"curies":[{"name":"wp","href":"https:\/\/api.w.org\/{rel}","templated":true}]}}