{"id":219494,"date":"2023-08-24T13:32:08","date_gmt":"2023-08-24T17:32:08","guid":{"rendered":"https:\/\/www.prwrestling.com\/nw\/?p=219494"},"modified":"2023-08-24T14:00:41","modified_gmt":"2023-08-24T18:00:41","slug":"hulk-hogan-alega-por-poco-lo-asesinan-en-puerto-rico-meses-antes-que-bruiser-brody","status":"publish","type":"post","link":"https:\/\/www.prwrestling.com\/nw\/hulk-hogan-alega-por-poco-lo-asesinan-en-puerto-rico-meses-antes-que-bruiser-brody\/","title":{"rendered":"Hulk Hogan alega por poco lo asesinan en Puerto Rico"},"content":{"rendered":"<p><span style=\"vertical-align: inherit;\"><span style=\"vertical-align: inherit;\">Mientras hablaba en <\/span><\/span><em><a href=\"https:\/\/open.spotify.com\/show\/4rOoJ6Egrf8K2IrywzwOMk\" target=\"_blank\" rel=\"noreferrer noopener\"><span style=\"vertical-align: inherit;\"><span style=\"vertical-align: inherit;\">The Joe Rogan Experience<\/span><\/span><\/a><\/em><span style=\"vertical-align: inherit;\"><span style=\"vertical-align: inherit;\">, Hulk Hogan habl\u00f3 sobre su carrera de lucha libre profesional y todas las experiencias negativas que tuvo durante ese tiempo. <\/span><\/span><!--more--><div id=\"ad-slot\" style=\"min-width: 300px; min-height: 250px;\">\r\n<p style=\"text-align: center;\">\r\n<script async src=\"https:\/\/pagead2.googlesyndication.com\/pagead\/js\/adsbygoogle.js\"><\/script>\r\n<!-- 300x250 sc a -->\r\n<ins class=\"adsbygoogle\"\r\n     style=\"display:inline-block;width:300px;height:250px\"\r\n     data-ad-client=\"ca-pub-1244235910658811\"\r\n     data-ad-slot=\"8592682546\"><\/ins>\r\n<script>\r\n     (adsbygoogle = window.adsbygoogle || []).push({});\r\n<\/script><\/center>\r\n<\/p><\/div><\/p>\n<p><span style=\"vertical-align: inherit;\"><span style=\"vertical-align: inherit;\">Hogan afirm\u00f3 que casi lo matan en Puerto Rico durante un show de la WWF apenas cuatro meses antes que Bruiser Brody.\u00a0<\/span><\/span><\/p>\n<p>Nota: el show de WWF en realidad fue en el 1985, mientras que la muerte de Brody fue en el 1988.<\/p>\n<blockquote class=\"wp-block-quote\"><p><span style=\"vertical-align: inherit;\"><span style=\"vertical-align: inherit;\">\u201cAs\u00ed que voy a Puerto Rico y tenemos el combate. <\/span><span style=\"vertical-align: inherit;\">Vendemos el estadio. <\/span><span style=\"vertical-align: inherit;\">Macho Man y yo volvemos al camerino y caminamos por su espacio, y\u00a0 est\u00e1 destrozado. <\/span><span style=\"vertical-align: inherit;\">De repente, pens\u00e9: &#8216;Dios m\u00edo, voy a ir a mi camerino.<div id=\"ad-slot\" style=\"min-width: 300px; min-height: 250px;\"><p style=\"text-align: center;\">\r\n<script async src=\"https:\/\/pagead2.googlesyndication.com\/pagead\/js\/adsbygoogle.js\"><\/script>\r\n<!-- Responsive sc c -->\r\n<ins class=\"adsbygoogle\"\r\n     style=\"display:block\"\r\n     data-ad-client=\"ca-pub-1244235910658811\"\r\n     data-ad-slot=\"4234005358\"\r\n     data-ad-format=\"auto\"\r\n     data-full-width-responsive=\"true\"><\/ins>\r\n<script>\r\n     (adsbygoogle = window.adsbygoogle || []).push({});\r\n<\/script><\/p><\/div> <\/span><\/span><\/p>\n<p><span style=\"vertical-align: inherit;\"><span style=\"vertical-align: inherit;\">Entonces, de repente, voy a mi camerino y no quiero decir el nombre del tipo, pero cuando abr\u00ed la puerta, est\u00e1 sentado all\u00ed, y como todav\u00eda est\u00e1 muy activo, est\u00e1 sentado all\u00ed con una pistola y dijo: &#8216;Si alguna vez vuelves aqu\u00ed, te matar\u00e9.&#8217;<\/span><\/span><\/p>\n<p><span style=\"vertical-align: inherit;\"><span style=\"vertical-align: inherit;\">Iba a regresar a Tampa. <\/span><span style=\"vertical-align: inherit;\">Llev\u00e9 el c#lo al aeropuerto. <\/span><span style=\"vertical-align: inherit;\">Tom\u00e9 un vuelo de Eastern Airlines, el \u00faltimo fuera de la ciudad, y vol\u00e9 a Los \u00c1ngeles. <\/span><span style=\"vertical-align: inherit;\">Se supon\u00eda que iba a regresar a mi casa en Tampa. <\/span><span style=\"vertical-align: inherit;\">Unos cuatro meses despu\u00e9s, Bruiser Brody baja y tiene una peque\u00f1a discusi\u00f3n. <\/span><span style=\"vertical-align: inherit;\">El booker lo llama a la ducha, le corta el cuello y lo mata. <\/span><span style=\"vertical-align: inherit;\">Eso es all\u00e1 en Puerto Rico\u201d.<\/span><\/span><\/p><\/blockquote>\n<p>&nbsp;<\/p>\n","protected":false},"excerpt":{"rendered":"<p>Mientras hablaba en The Joe Rogan Experience, Hulk Hogan habl\u00f3 sobre su carrera de lucha libre profesional y todas las experiencias negativas que tuvo durante ese tiempo.<\/p>\n","protected":false},"author":1,"featured_media":124490,"comment_status":"closed","ping_status":"closed","sticky":false,"template":"","format":"standard","meta":{"footnotes":""},"categories":[5,38],"tags":[],"class_list":{"0":"post-219494","1":"post","2":"type-post","3":"status-publish","4":"format-standard","5":"has-post-thumbnail","7":"category-noticias","8":"category-noticias-y-rumores-de-la-wwe"},"_links":{"self":[{"href":"https:\/\/www.prwrestling.com\/nw\/wp-json\/wp\/v2\/posts\/219494","targetHints":{"allow":["GET"]}}],"collection":[{"href":"https:\/\/www.prwrestling.com\/nw\/wp-json\/wp\/v2\/posts"}],"about":[{"href":"https:\/\/www.prwrestling.com\/nw\/wp-json\/wp\/v2\/types\/post"}],"author":[{"embeddable":true,"href":"https:\/\/www.prwrestling.com\/nw\/wp-json\/wp\/v2\/users\/1"}],"replies":[{"embeddable":true,"href":"https:\/\/www.prwrestling.com\/nw\/wp-json\/wp\/v2\/comments?post=219494"}],"version-history":[{"count":5,"href":"https:\/\/www.prwrestling.com\/nw\/wp-json\/wp\/v2\/posts\/219494\/revisions"}],"predecessor-version":[{"id":219512,"href":"https:\/\/www.prwrestling.com\/nw\/wp-json\/wp\/v2\/posts\/219494\/revisions\/219512"}],"wp:featuredmedia":[{"embeddable":true,"href":"https:\/\/www.prwrestling.com\/nw\/wp-json\/wp\/v2\/media\/124490"}],"wp:attachment":[{"href":"https:\/\/www.prwrestling.com\/nw\/wp-json\/wp\/v2\/media?parent=219494"}],"wp:term":[{"taxonomy":"category","embeddable":true,"href":"https:\/\/www.prwrestling.com\/nw\/wp-json\/wp\/v2\/categories?post=219494"},{"taxonomy":"post_tag","embeddable":true,"href":"https:\/\/www.prwrestling.com\/nw\/wp-json\/wp\/v2\/tags?post=219494"}],"curies":[{"name":"wp","href":"https:\/\/api.w.org\/{rel}","templated":true}]}}