{"id":220180,"date":"2023-09-08T17:48:58","date_gmt":"2023-09-08T21:48:58","guid":{"rendered":"https:\/\/www.prwrestling.com\/nw\/?p=220180"},"modified":"2023-09-08T17:48:58","modified_gmt":"2023-09-08T21:48:58","slug":"ex-campeona-femenina-de-la-wwe-muestra-una-nueva-apariencia-durante-tiempo-fuera-de-la-tv","status":"publish","type":"post","link":"https:\/\/www.prwrestling.com\/nw\/ex-campeona-femenina-de-la-wwe-muestra-una-nueva-apariencia-durante-tiempo-fuera-de-la-tv\/","title":{"rendered":"Ex campeona femenina de la WWE muestra una nueva apariencia durante tiempo fuera de la TV"},"content":{"rendered":"<p><span style=\"vertical-align: inherit;\"><span style=\"vertical-align: inherit;\">La Divisi\u00f3n Femenina de\u00a0 <\/span><\/span><a href=\"http:\/\/wwe.com\" target=\"_blank\" rel=\"noopener noreferrer\" data-is-sponsored=\"false\"><span style=\"vertical-align: inherit;\"><span style=\"vertical-align: inherit;\">WWE\u00a0<\/span><\/span><\/a><span style=\"vertical-align: inherit;\"><span style=\"vertical-align: inherit;\"> SmackDown parece estar centrada en Charlotte Flair y Damage CTRL en este momento, lo que podr\u00eda ser la raz\u00f3n por la que ha pasado casi un mes desde que\u00a0 <\/span><\/span><span style=\"vertical-align: inherit;\"><span style=\"vertical-align: inherit;\">Asuka<\/span><\/span><span style=\"vertical-align: inherit;\"><span style=\"vertical-align: inherit;\"> luch\u00f3 en la marca azul.<\/span><\/span><!--more--><div id=\"ad-slot\" style=\"min-width: 300px; min-height: 250px;\">\r\n<p style=\"text-align: center;\">\r\n<!-- Site name: prwrestling.com\r\nZone name: prwrestling.com_banner_300x250\r\nZone id: 2109741734\r\nType: banner\r\nFormat: 300x250\r\n --> \r\n\r\n<!-- Copy and paste this code on the page. -->\r\n<div id='zone_2109741734' ><\/div>\r\n<script>\r\n    (function(w,d,o,g,r,a,m){\r\n        var cid='zone_2109741734';\r\n        w[r]=w[r]||function(){(w[r+'l']=w[r+'l']||[]).push(arguments)};\r\n        function e(b,w,r){if((w[r+'h']=b.pop())&&!w.ABN){\r\n            var a=d.createElement(o),p=d.getElementsByTagName(o)[0];a.async=1;\r\n            a.src='https:\/\/cdn.'+w[r+'h']+'\/libs\/e.js';a.onerror=function(){e(g,w,r)};\r\n            p.parentNode.insertBefore(a,p)}}e(g,w,r);\r\n        w[r](cid,{id:2109741734,domain:w[r+'h']});\r\n    })(window,document,'script',['traffmovie.com'],'ABNS');\r\n<\/script>\r\n\r\n<!--\r\nWhen setting the zone code, make sure:\r\n  - you have provided all domains from which the area code will be called\r\n  - the site does not limit the loading in the Content Security Policy\r\n  - the area code is installed in the ad space inside the page\r\n  - site layout allows you to display the banner on mobile devices in full size\r\nUse data-cp1={customParam1} data-cp2={customParam2}... attributes for sending custom params\r\n-->\r\n<\/p><\/div><\/p>\n<p><span style=\"vertical-align: inherit;\"><span style=\"vertical-align: inherit;\">La Emperatriz del Ma\u00f1ana ha aparecido recientemente en eventos en vivo, luchando contra la campeona femenina Iyo Sky, pero parece que ha tomado una decisi\u00f3n dr\u00e1stica durante su pausa.<\/span><\/span><\/p>\n<p><span style=\"vertical-align: inherit;\"><span style=\"vertical-align: inherit;\">Asuka actualiz\u00f3 recientemente su Twitter para mostrar varias im\u00e1genes de ella con un nuevo corte de pelo m\u00e1s corto. <\/span><span style=\"vertical-align: inherit;\">A lo largo de su carrera, ha sido conocida por sus coloridos mechones, que ahora parecen mucho m\u00e1s cortos de lo que eran antes.<div id=\"ad-slot\" style=\"min-width: 300px; min-height: 250px;\"><p style=\"text-align: center;\">\r\n<script async src=\"https:\/\/pagead2.googlesyndication.com\/pagead\/js\/adsbygoogle.js\"><\/script>\r\n<!-- Responsive sc c -->\r\n<ins class=\"adsbygoogle\"\r\n     style=\"display:block\"\r\n     data-ad-client=\"ca-pub-1244235910658811\"\r\n     data-ad-slot=\"4234005358\"\r\n     data-ad-format=\"auto\"\r\n     data-full-width-responsive=\"true\"><\/ins>\r\n<script>\r\n     (adsbygoogle = window.adsbygoogle || []).push({});\r\n<\/script><\/p><\/div><\/span><\/span><\/p>\n<p><span style=\"vertical-align: inherit;\"><span style=\"vertical-align: inherit;\">Este podr\u00eda ser justo el cambio que Asuka ha estado buscando para impulsar a su personaje con una nueva apariencia.<\/span><\/span><\/p>\n<blockquote class=\"twitter-tweet\">\n<p dir=\"ltr\" lang=\"zxx\"><a href=\"https:\/\/t.co\/83Mhl4OBIn\">pic.twitter.com\/83Mhl4OBIn<\/a><\/p>\n<p>\u2014 ASUKA \/ \u660e\u65e5\u83ef (@WWEAsuka) <a href=\"https:\/\/twitter.com\/WWEAsuka\/status\/1699836133457424733?ref_src=twsrc%5Etfw\" target=\"_blank\" rel=\"noopener\">September 7, 2023<\/a><\/p><\/blockquote>\n<p><script async src=\"https:\/\/platform.twitter.com\/widgets.js\" charset=\"utf-8\"><\/script><\/p>\n<h2><span style=\"vertical-align: inherit;\"><span style=\"vertical-align: inherit;\">\u00bfSer\u00e1 Asuka quien destrone a Iyo Sky en WWE SmackDown?<\/span><\/span><\/h2>\n<p><span style=\"vertical-align: inherit;\"><span style=\"vertical-align: inherit;\">Asuka e Iyo Sky tienen bastante historia, y con los rumores de que Kairi Sane podr\u00eda regresar a la WWE en un futuro cercano, muchos fan\u00e1ticos creen que Asuka podr\u00eda ser quien finalmente destrone a Sky.<\/span><\/span><\/p>\n<p><span style=\"vertical-align: inherit;\"><span style=\"vertical-align: inherit;\">Iyo Sky ha sido empujada mucho en SmackDown desde su victoria en <a href=\"https:\/\/www.prwrestling.com\/nw\/resultados-wwe-money-in-the-bank-priest-y-sky-ganan-los-maletines-aparece-cena-usos-vs-reigns-y-sikoa\/\">Money in the Bank,<\/a> y como Campeona Femenina de SmackDown, luce imparable. <\/span><span style=\"vertical-align: inherit;\">Con Damage CTRL en su esquina, es dif\u00edcil imaginar que alguien pueda neutralizar a las dos mujeres el tiempo suficiente para llegar a Sky y su campeonato, seg\u00fan <a href=\"http:\/\/prwrestling.com\" target=\"_blank\" rel=\"noopener\">rumores en WWE<\/a>.<\/span><\/span><\/p>\n","protected":false},"excerpt":{"rendered":"<p>La Divisi\u00f3n Femenina de\u00a0 WWE\u00a0 SmackDown parece estar centrada en Charlotte Flair y Damage CTRL en este momento, lo que podr\u00eda ser la raz\u00f3n por la que ha pasado casi un mes desde que\u00a0 Asuka luch\u00f3 en la marca azul.<\/p>\n","protected":false},"author":1,"featured_media":125283,"comment_status":"closed","ping_status":"closed","sticky":false,"template":"","format":"standard","meta":{"footnotes":""},"categories":[5,38],"tags":[],"class_list":["post-220180","post","type-post","status-publish","format-standard","has-post-thumbnail","category-noticias","category-noticias-y-rumores-de-la-wwe"],"_links":{"self":[{"href":"https:\/\/www.prwrestling.com\/nw\/wp-json\/wp\/v2\/posts\/220180","targetHints":{"allow":["GET"]}}],"collection":[{"href":"https:\/\/www.prwrestling.com\/nw\/wp-json\/wp\/v2\/posts"}],"about":[{"href":"https:\/\/www.prwrestling.com\/nw\/wp-json\/wp\/v2\/types\/post"}],"author":[{"embeddable":true,"href":"https:\/\/www.prwrestling.com\/nw\/wp-json\/wp\/v2\/users\/1"}],"replies":[{"embeddable":true,"href":"https:\/\/www.prwrestling.com\/nw\/wp-json\/wp\/v2\/comments?post=220180"}],"version-history":[{"count":3,"href":"https:\/\/www.prwrestling.com\/nw\/wp-json\/wp\/v2\/posts\/220180\/revisions"}],"predecessor-version":[{"id":220183,"href":"https:\/\/www.prwrestling.com\/nw\/wp-json\/wp\/v2\/posts\/220180\/revisions\/220183"}],"wp:featuredmedia":[{"embeddable":true,"href":"https:\/\/www.prwrestling.com\/nw\/wp-json\/wp\/v2\/media\/125283"}],"wp:attachment":[{"href":"https:\/\/www.prwrestling.com\/nw\/wp-json\/wp\/v2\/media?parent=220180"}],"wp:term":[{"taxonomy":"category","embeddable":true,"href":"https:\/\/www.prwrestling.com\/nw\/wp-json\/wp\/v2\/categories?post=220180"},{"taxonomy":"post_tag","embeddable":true,"href":"https:\/\/www.prwrestling.com\/nw\/wp-json\/wp\/v2\/tags?post=220180"}],"curies":[{"name":"wp","href":"https:\/\/api.w.org\/{rel}","templated":true}]}}