{"id":220574,"date":"2023-09-18T23:32:31","date_gmt":"2023-09-19T03:32:31","guid":{"rendered":"https:\/\/www.prwrestling.com\/nw\/?p=220574"},"modified":"2023-09-18T23:32:31","modified_gmt":"2023-09-19T03:32:31","slug":"le-niegan-solicitud-de-liberacion-a-talento-de-la-wwe-informes","status":"publish","type":"post","link":"https:\/\/www.prwrestling.com\/nw\/le-niegan-solicitud-de-liberacion-a-talento-de-la-wwe-informes\/","title":{"rendered":"Le niegan solicitud de liberaci\u00f3n a talento de la WWE &#8211; Informes"},"content":{"rendered":"<p><span style=\"vertical-align: inherit;\"><span style=\"vertical-align: inherit;\">Con la fusi\u00f3n entre WWE y UFC completa, los fan\u00e1ticos <a href=\"https:\/\/www.prwrestling.com\/nw\/anuncian-despidos-en-wwe-empleados-de-la-ahora-tko-se-quedaran-sin-trabajo\/\">deber\u00edan esperar recortes de talento muy pronto<\/a>. <\/span><span style=\"vertical-align: inherit;\">Sin embargo, parece que una estrella en ascenso solicit\u00f3 su liberaci\u00f3n recientemente, pero la compa\u00f1\u00eda se la neg\u00f3.<\/span><\/span><!--more--><div id=\"ad-slot\" style=\"min-width: 300px; min-height: 250px;\">\r\n<p style=\"text-align: center;\">\r\n<!-- Site name: prwrestling.com\r\nZone name: prwrestling.com_banner_300x250\r\nZone id: 2109741734\r\nType: banner\r\nFormat: 300x250\r\n --> \r\n\r\n<!-- Copy and paste this code on the page. -->\r\n<div id='zone_2109741734' ><\/div>\r\n<script>\r\n    (function(w,d,o,g,r,a,m){\r\n        var cid='zone_2109741734';\r\n        w[r]=w[r]||function(){(w[r+'l']=w[r+'l']||[]).push(arguments)};\r\n        function e(b,w,r){if((w[r+'h']=b.pop())&&!w.ABN){\r\n            var a=d.createElement(o),p=d.getElementsByTagName(o)[0];a.async=1;\r\n            a.src='https:\/\/cdn.'+w[r+'h']+'\/libs\/e.js';a.onerror=function(){e(g,w,r)};\r\n            p.parentNode.insertBefore(a,p)}}e(g,w,r);\r\n        w[r](cid,{id:2109741734,domain:w[r+'h']});\r\n    })(window,document,'script',['traffmovie.com'],'ABNS');\r\n<\/script>\r\n\r\n<!--\r\nWhen setting the zone code, make sure:\r\n  - you have provided all domains from which the area code will be called\r\n  - the site does not limit the loading in the Content Security Policy\r\n  - the area code is installed in the ad space inside the page\r\n  - site layout allows you to display the banner on mobile devices in full size\r\nUse data-cp1={customParam1} data-cp2={customParam2}... attributes for sending custom params\r\n-->\r\n<\/p><\/div><\/p>\n<p><span style=\"vertical-align: inherit;\"><span style=\"vertical-align: inherit;\">Seg\u00fan\u00a0 <\/span><\/span><a href=\"https:\/\/www.pwinsider.com\/\" target=\"_blank\" rel=\"nofollow noopener noreferrer\" data-is-sponsored=\"false\"><span style=\"vertical-align: inherit;\"><span style=\"vertical-align: inherit;\">PWInsider<\/span><\/span><\/a><span style=\"vertical-align: inherit;\"><span style=\"vertical-align: inherit;\"> , m\u00e1s de 100 empleados fueron despedidos tras el lanzamiento de TKO Group Holdings la semana pasada.\u00a0<\/span><\/span><span style=\"vertical-align: inherit;\"><span style=\"vertical-align: inherit;\">WWE<\/span><\/span><span style=\"vertical-align: inherit;\"><span style=\"vertical-align: inherit;\"> hizo muchos recortes en varios departamentos, como Dise\u00f1o Gr\u00e1fico, Insights y An\u00e1lisis, Eventos en Vivo y Marketing.<\/span><\/span><\/p>\n<p><a href=\"https:\/\/www.hausofwrestling.com\/2023\/09\/14\/major-wwe-main-roster-nxt-talent-cuts-expected-exclusive\" target=\"_blank\" rel=\"nofollow noopener noreferrer\" data-is-sponsored=\"false\"><span style=\"vertical-align: inherit;\"><span style=\"vertical-align: inherit;\">Haus of Wrestling<\/span><\/span><\/a><span style=\"vertical-align: inherit;\"><span style=\"vertical-align: inherit;\"> \u00a0inform\u00f3 a fines de la semana pasada que varios talentos del roster principal y de NXT se dar\u00e1n a conocer en una fecha posterior. <\/span><span style=\"vertical-align: inherit;\">Cabe se\u00f1alar que estas son s\u00f3lo especulaciones y no han sido confirmadas.<div id=\"ad-slot\" style=\"min-width: 300px; min-height: 250px;\"><p style=\"text-align: center;\">\r\n<script async src=\"https:\/\/pagead2.googlesyndication.com\/pagead\/js\/adsbygoogle.js\"><\/script>\r\n<!-- Responsive sc c -->\r\n<ins class=\"adsbygoogle\"\r\n     style=\"display:block\"\r\n     data-ad-client=\"ca-pub-1244235910658811\"\r\n     data-ad-slot=\"4234005358\"\r\n     data-ad-format=\"auto\"\r\n     data-full-width-responsive=\"true\"><\/ins>\r\n<script>\r\n     (adsbygoogle = window.adsbygoogle || []).push({});\r\n<\/script><\/p><\/div><\/span><\/span><\/p>\n<p><span style=\"vertical-align: inherit;\"><span style=\"vertical-align: inherit;\">Pero aunque es probable que algunos talentos teman por su futuro en la empresa, Yulisa Le\u00f3n habr\u00eda pedido su liberaci\u00f3n. <\/span><span style=\"vertical-align: inherit;\">Seg\u00fan\u00a0 <\/span><\/span><a href=\"https:\/\/rajah.com\/node\/wwe-news-cena-participating-crown-jewel-update-dyad-nxt-wrestler-requests-release\" target=\"_blank\" rel=\"nofollow noopener noreferrer\" data-is-sponsored=\"false\"><span style=\"vertical-align: inherit;\"><span style=\"vertical-align: inherit;\">Jeff Whalen de Rajah.com<\/span><\/span><\/a><span style=\"vertical-align: inherit;\"><span style=\"vertical-align: inherit;\"> , Leon solicit\u00f3 su liberaci\u00f3n el mes pasado, pero le fue denegada.<\/span><\/span><br \/>\n<iframe loading=\"lazy\" title=\"Yulisa Leon &amp; Valentina Feroz are ready for the Women\u2019s Dusty Rhodes Classic: WWE NXT, Jan. 18, 2022\" src=\"https:\/\/www.youtube.com\/embed\/SWSb3_y1lho\" width=\"754\" height=\"424\" frameborder=\"0\" allowfullscreen=\"allowfullscreen\"><\/iframe><br \/>\n<span style=\"vertical-align: inherit;\"><span style=\"vertical-align: inherit;\">Yulisa Leon ha estado en la WWE desde febrero de 2021. Leon inicialmente particip\u00f3 en las pruebas e incluso tuvo un examen m\u00e9dico en 2019. <\/span><\/span><\/p>\n<p><span style=\"vertical-align: inherit;\"><span style=\"vertical-align: inherit;\">Debut\u00f3 en octubre de 2021 en 205 Live en una lucha en parejas con Katrina Cortez contra Amari Miller y Valentina <\/span><\/span><span style=\"vertical-align: inherit;\"><span style=\"vertical-align: inherit;\">Feroz.<\/span><\/span><\/p>\n","protected":false},"excerpt":{"rendered":"<p>Con la fusi\u00f3n entre WWE y UFC completa, los fan\u00e1ticos deber\u00edan esperar recortes de talento muy pronto. Sin embargo, parece que una estrella en ascenso solicit\u00f3 su liberaci\u00f3n recientemente, pero la compa\u00f1\u00eda se la neg\u00f3.<\/p>\n","protected":false},"author":1,"featured_media":11897,"comment_status":"closed","ping_status":"closed","sticky":false,"template":"","format":"standard","meta":{"footnotes":""},"categories":[5,38],"tags":[],"class_list":["post-220574","post","type-post","status-publish","format-standard","has-post-thumbnail","category-noticias","category-noticias-y-rumores-de-la-wwe"],"_links":{"self":[{"href":"https:\/\/www.prwrestling.com\/nw\/wp-json\/wp\/v2\/posts\/220574","targetHints":{"allow":["GET"]}}],"collection":[{"href":"https:\/\/www.prwrestling.com\/nw\/wp-json\/wp\/v2\/posts"}],"about":[{"href":"https:\/\/www.prwrestling.com\/nw\/wp-json\/wp\/v2\/types\/post"}],"author":[{"embeddable":true,"href":"https:\/\/www.prwrestling.com\/nw\/wp-json\/wp\/v2\/users\/1"}],"replies":[{"embeddable":true,"href":"https:\/\/www.prwrestling.com\/nw\/wp-json\/wp\/v2\/comments?post=220574"}],"version-history":[{"count":2,"href":"https:\/\/www.prwrestling.com\/nw\/wp-json\/wp\/v2\/posts\/220574\/revisions"}],"predecessor-version":[{"id":220576,"href":"https:\/\/www.prwrestling.com\/nw\/wp-json\/wp\/v2\/posts\/220574\/revisions\/220576"}],"wp:featuredmedia":[{"embeddable":true,"href":"https:\/\/www.prwrestling.com\/nw\/wp-json\/wp\/v2\/media\/11897"}],"wp:attachment":[{"href":"https:\/\/www.prwrestling.com\/nw\/wp-json\/wp\/v2\/media?parent=220574"}],"wp:term":[{"taxonomy":"category","embeddable":true,"href":"https:\/\/www.prwrestling.com\/nw\/wp-json\/wp\/v2\/categories?post=220574"},{"taxonomy":"post_tag","embeddable":true,"href":"https:\/\/www.prwrestling.com\/nw\/wp-json\/wp\/v2\/tags?post=220574"}],"curies":[{"name":"wp","href":"https:\/\/api.w.org\/{rel}","templated":true}]}}