{"id":220714,"date":"2023-09-22T23:08:28","date_gmt":"2023-09-23T03:08:28","guid":{"rendered":"https:\/\/www.prwrestling.com\/nw\/?p=220714"},"modified":"2023-10-15T13:02:47","modified_gmt":"2023-10-15T17:02:47","slug":"la-knight-removido-de-wwe-smackdown-tras-arrojar-positivo-a-covid","status":"publish","type":"post","link":"https:\/\/www.prwrestling.com\/nw\/la-knight-removido-de-wwe-smackdown-tras-arrojar-positivo-a-covid\/","title":{"rendered":"LA Knight removido de WWE SmackDown tras arrojar positivo a covid"},"content":{"rendered":"<p><span style=\"vertical-align: inherit;\"><span style=\"vertical-align: inherit;\">LA Knight estuvo ausente del SmackDown del viernes debido a que dio positivo por COVID-19.<\/span><\/span><!--more--><div id=\"ad-slot\" style=\"min-width: 300px; min-height: 250px;\">\r\n<p style=\"text-align: center;\">\r\n<script async src=\"https:\/\/pagead2.googlesyndication.com\/pagead\/js\/adsbygoogle.js\"><\/script>\r\n<!-- 300x250 sc a -->\r\n<ins class=\"adsbygoogle\"\r\n     style=\"display:inline-block;width:300px;height:250px\"\r\n     data-ad-client=\"ca-pub-1244235910658811\"\r\n     data-ad-slot=\"8592682546\"><\/ins>\r\n<script>\r\n     (adsbygoogle = window.adsbygoogle || []).push({});\r\n<\/script><\/center>\r\n<\/p><\/div><\/p>\n<p><span style=\"vertical-align: inherit;\"><span style=\"vertical-align: inherit;\">Seg\u00fan Dave Meltzer, Knight no estuvo en el SmackDown de esta noche en el Desert Diamond Arena en Glendale, Arizona debido a que contrajo COVID-19. <\/span><span style=\"vertical-align: inherit;\">Fightful inform\u00f3 que Knight abandon\u00f3 la arena poco antes de que comenzara SmackDown.<\/span><\/span><\/p>\n<p><span style=\"vertical-align: inherit;\"><span style=\"vertical-align: inherit;\">Fightful tambi\u00e9n inform\u00f3 el viernes que estaba previsto que LA Knight participara en el segmento del evento principal del programa con John Cena, Solo Sikoa y Jimmy Uso.<\/span><\/span><\/p>\n<p><span style=\"vertical-align: inherit;\"> <span style=\"vertical-align: inherit;\">En cambio, el espect\u00e1culo termin\u00f3 con un asalto 2 contra 1, con Cena recibiendo m\u00faltiples splash de Uso en la cuerda superior.<\/span><\/span><\/p>\n","protected":false},"excerpt":{"rendered":"<p>LA Knight estuvo ausente del SmackDown del viernes debido a que dio positivo por COVID-19.<\/p>\n","protected":false},"author":1,"featured_media":220715,"comment_status":"closed","ping_status":"closed","sticky":false,"template":"","format":"standard","meta":{"footnotes":""},"categories":[5,38],"tags":[7506],"class_list":{"0":"post-220714","1":"post","2":"type-post","3":"status-publish","4":"format-standard","5":"has-post-thumbnail","7":"category-noticias","8":"category-noticias-y-rumores-de-la-wwe","9":"tag-la-knight"},"_links":{"self":[{"href":"https:\/\/www.prwrestling.com\/nw\/wp-json\/wp\/v2\/posts\/220714","targetHints":{"allow":["GET"]}}],"collection":[{"href":"https:\/\/www.prwrestling.com\/nw\/wp-json\/wp\/v2\/posts"}],"about":[{"href":"https:\/\/www.prwrestling.com\/nw\/wp-json\/wp\/v2\/types\/post"}],"author":[{"embeddable":true,"href":"https:\/\/www.prwrestling.com\/nw\/wp-json\/wp\/v2\/users\/1"}],"replies":[{"embeddable":true,"href":"https:\/\/www.prwrestling.com\/nw\/wp-json\/wp\/v2\/comments?post=220714"}],"version-history":[{"count":1,"href":"https:\/\/www.prwrestling.com\/nw\/wp-json\/wp\/v2\/posts\/220714\/revisions"}],"predecessor-version":[{"id":220716,"href":"https:\/\/www.prwrestling.com\/nw\/wp-json\/wp\/v2\/posts\/220714\/revisions\/220716"}],"wp:featuredmedia":[{"embeddable":true,"href":"https:\/\/www.prwrestling.com\/nw\/wp-json\/wp\/v2\/media\/220715"}],"wp:attachment":[{"href":"https:\/\/www.prwrestling.com\/nw\/wp-json\/wp\/v2\/media?parent=220714"}],"wp:term":[{"taxonomy":"category","embeddable":true,"href":"https:\/\/www.prwrestling.com\/nw\/wp-json\/wp\/v2\/categories?post=220714"},{"taxonomy":"post_tag","embeddable":true,"href":"https:\/\/www.prwrestling.com\/nw\/wp-json\/wp\/v2\/tags?post=220714"}],"curies":[{"name":"wp","href":"https:\/\/api.w.org\/{rel}","templated":true}]}}