{"id":221169,"date":"2023-10-08T10:23:02","date_gmt":"2023-10-08T14:23:02","guid":{"rendered":"https:\/\/www.prwrestling.com\/nw\/?p=221169"},"modified":"2023-10-09T09:43:18","modified_gmt":"2023-10-09T13:43:18","slug":"me-recuerda-mucho-a-the-miz-john-cena-compara-a-talento-joven-de-la-wwe-con-ex-rival","status":"publish","type":"post","link":"https:\/\/www.prwrestling.com\/nw\/me-recuerda-mucho-a-the-miz-john-cena-compara-a-talento-joven-de-la-wwe-con-ex-rival\/","title":{"rendered":"&#8220;Me recuerda mucho a The Miz&#8221; &#8211; John Cena compara a talento joven de la WWE con ex rival"},"content":{"rendered":"<p><span style=\"vertical-align: inherit;\"><span style=\"vertical-align: inherit;\">Respaldado por sus s\u00f3lidas habilidades para hablar y su actitud, Grayson Waller ha recibido varias comparaciones con el ex campe\u00f3n de la WWE The Miz, un tema que Waller abraza felizmente. <\/span><\/span><!--more--><div id=\"ad-slot\" style=\"min-width: 300px; min-height: 250px;\">\r\n<p style=\"text-align: center;\">\r\n<!-- Site name: prwrestling.com\r\nZone name: prwrestling.com_banner_300x250\r\nZone id: 2109741734\r\nType: banner\r\nFormat: 300x250\r\n --> \r\n\r\n<!-- Copy and paste this code on the page. -->\r\n<div id='zone_2109741734' ><\/div>\r\n<script>\r\n    (function(w,d,o,g,r,a,m){\r\n        var cid='zone_2109741734';\r\n        w[r]=w[r]||function(){(w[r+'l']=w[r+'l']||[]).push(arguments)};\r\n        function e(b,w,r){if((w[r+'h']=b.pop())&&!w.ABN){\r\n            var a=d.createElement(o),p=d.getElementsByTagName(o)[0];a.async=1;\r\n            a.src='https:\/\/cdn.'+w[r+'h']+'\/libs\/e.js';a.onerror=function(){e(g,w,r)};\r\n            p.parentNode.insertBefore(a,p)}}e(g,w,r);\r\n        w[r](cid,{id:2109741734,domain:w[r+'h']});\r\n    })(window,document,'script',['traffmovie.com'],'ABNS');\r\n<\/script>\r\n\r\n<!--\r\nWhen setting the zone code, make sure:\r\n  - you have provided all domains from which the area code will be called\r\n  - the site does not limit the loading in the Content Security Policy\r\n  - the area code is installed in the ad space inside the page\r\n  - site layout allows you to display the banner on mobile devices in full size\r\nUse data-cp1={customParam1} data-cp2={customParam2}... attributes for sending custom params\r\n-->\r\n<\/p><\/div><\/p>\n<p><span style=\"vertical-align: inherit;\"><span style=\"vertical-align: inherit;\">En &#8220;<a href=\"https:\/\/www.youtube.com\/@WWE\" target=\"_blank\" rel=\"noopener\">The Bump<\/a>&#8221; de la WWE, el 16 veces campe\u00f3n mundial John Cena continu\u00f3 esa tendencia, explicando c\u00f3mo la confianza de Waller es similar a la de The Miz, con quien Cena ha trabajado extensamente en el pasado. <\/span><span style=\"vertical-align: inherit;\">Es la misma seguridad en s\u00ed mismo que Cena desear\u00eda tener durante las primeras etapas de su carrera en la WWE.<\/span><\/span><\/p>\n<blockquote><p><span style=\"vertical-align: inherit;\"><span style=\"vertical-align: inherit;\">&#8220;Grayson me recuerda mucho a The Miz, mucho. A pesar de toda la confianza, la arrogancia y la confianza de Miz, ha estado aqu\u00ed durante 19 a\u00f1os y es uno de los talentos \u00e9lite m\u00e1s confiables y condecorados en la historia de la WWE. El hecho de que lleva 19 a\u00f1os, y siga aplast\u00e1ndolo, creo que eso dice cosas buenas sobre Grayson Waller, y me gusta ver a alguien llegar con confianza&#8221;, dijo <a href=\"https:\/\/www.prwrestling.com\/nw\/tag\/john-cena\">Cena<\/a>.<div id=\"ad-slot\" style=\"min-width: 300px; min-height: 250px;\"><p style=\"text-align: center;\">\r\n<script async src=\"https:\/\/pagead2.googlesyndication.com\/pagead\/js\/adsbygoogle.js\"><\/script>\r\n<!-- Responsive sc c -->\r\n<ins class=\"adsbygoogle\"\r\n     style=\"display:block\"\r\n     data-ad-client=\"ca-pub-1244235910658811\"\r\n     data-ad-slot=\"4234005358\"\r\n     data-ad-format=\"auto\"\r\n     data-full-width-responsive=\"true\"><\/ins>\r\n<script>\r\n     (adsbygoogle = window.adsbygoogle || []).push({});\r\n<\/script><\/p><\/div> <\/span><\/span><\/p>\n<p><span style=\"vertical-align: inherit;\"><span style=\"vertical-align: inherit;\">&#8220;Mirando hacia atr\u00e1s en mi existencia, desear\u00eda tener m\u00e1s confianza. Desear\u00eda tener la arrogancia de Grayson Waller en 2002 cuando abofete\u00e9 a Kurt Angle. En lugar de eso, t\u00edmidamente estrech\u00e9 la mano del Undertaker cuando deber\u00eda haberlo abofeteado tambi\u00e9n. No lo hice. Tiene esa agresi\u00f3n despiadada. \u00c9l la tiene y eso lo admiro&#8221;.<\/span><\/span><\/p><\/blockquote>\n<p><iframe loading=\"lazy\" title=\"John Cena, Raquel Rodriguez and Tyler Breeze: WWE's The Bump, Oct. 4, 2023\" src=\"https:\/\/www.youtube.com\/embed\/mD3LiDguMcE\" width=\"562\" height=\"310\" frameborder=\"0\" allowfullscreen=\"allowfullscreen\"><span data-mce-type=\"bookmark\" style=\"display: inline-block; width: 0px; overflow: hidden; line-height: 0;\" class=\"mce_SELRES_start\">\ufeff<\/span><\/iframe><br \/>\n<span style=\"vertical-align: inherit;\"><span style=\"vertical-align: inherit;\">Si bien Cena reconoce que Waller todav\u00eda tiene algunos elementos en los que concentrarse, cree que el luchador australiano ha sentado una base firme, lo que lo beneficia enormemente. <\/span><span style=\"vertical-align: inherit;\">Ahora, seg\u00fan la gu\u00eda de Cena, Waller debe continuar construyendo. <\/span><\/span><\/p>\n<blockquote><p><span style=\"vertical-align: inherit;\"><span style=\"vertical-align: inherit;\">&#8220;Tiene algunas cosas que aprender, as\u00ed que como alguien que tiene mucha sabidur\u00eda en el ring, quiero sacudirlo y decirle: &#8216;No sabes que esto est\u00e1 en tu futuro&#8217;, pero \u00e9l encontrar\u00e1 todas esas cosas luego&#8221;, dijo Cena. <\/span><span style=\"vertical-align: inherit;\">&#8220;Tiene el primer ingrediente: cree en qui\u00e9n es&#8221;.<\/span><\/span><\/p><\/blockquote>\n","protected":false},"excerpt":{"rendered":"<p>Respaldado por sus s\u00f3lidas habilidades para hablar y su actitud, Grayson Waller ha recibido varias comparaciones con el ex campe\u00f3n de la WWE The Miz, un tema que Waller abraza felizmente.<\/p>\n","protected":false},"author":1,"featured_media":221171,"comment_status":"closed","ping_status":"closed","sticky":false,"template":"","format":"standard","meta":{"footnotes":""},"categories":[5,38],"tags":[1504],"class_list":["post-221169","post","type-post","status-publish","format-standard","has-post-thumbnail","category-noticias","category-noticias-y-rumores-de-la-wwe","tag-john-cena"],"_links":{"self":[{"href":"https:\/\/www.prwrestling.com\/nw\/wp-json\/wp\/v2\/posts\/221169","targetHints":{"allow":["GET"]}}],"collection":[{"href":"https:\/\/www.prwrestling.com\/nw\/wp-json\/wp\/v2\/posts"}],"about":[{"href":"https:\/\/www.prwrestling.com\/nw\/wp-json\/wp\/v2\/types\/post"}],"author":[{"embeddable":true,"href":"https:\/\/www.prwrestling.com\/nw\/wp-json\/wp\/v2\/users\/1"}],"replies":[{"embeddable":true,"href":"https:\/\/www.prwrestling.com\/nw\/wp-json\/wp\/v2\/comments?post=221169"}],"version-history":[{"count":2,"href":"https:\/\/www.prwrestling.com\/nw\/wp-json\/wp\/v2\/posts\/221169\/revisions"}],"predecessor-version":[{"id":221172,"href":"https:\/\/www.prwrestling.com\/nw\/wp-json\/wp\/v2\/posts\/221169\/revisions\/221172"}],"wp:featuredmedia":[{"embeddable":true,"href":"https:\/\/www.prwrestling.com\/nw\/wp-json\/wp\/v2\/media\/221171"}],"wp:attachment":[{"href":"https:\/\/www.prwrestling.com\/nw\/wp-json\/wp\/v2\/media?parent=221169"}],"wp:term":[{"taxonomy":"category","embeddable":true,"href":"https:\/\/www.prwrestling.com\/nw\/wp-json\/wp\/v2\/categories?post=221169"},{"taxonomy":"post_tag","embeddable":true,"href":"https:\/\/www.prwrestling.com\/nw\/wp-json\/wp\/v2\/tags?post=221169"}],"curies":[{"name":"wp","href":"https:\/\/api.w.org\/{rel}","templated":true}]}}