{"id":221286,"date":"2023-10-13T15:34:45","date_gmt":"2023-10-13T19:34:45","guid":{"rendered":"https:\/\/www.prwrestling.com\/nw\/?p=221286"},"modified":"2023-10-13T15:34:45","modified_gmt":"2023-10-13T19:34:45","slug":"luchador-de-38-anos-de-smackdown-quiere-lucha-ante-john-cena-en-wwe","status":"publish","type":"post","link":"https:\/\/www.prwrestling.com\/nw\/luchador-de-38-anos-de-smackdown-quiere-lucha-ante-john-cena-en-wwe\/","title":{"rendered":"Luchador de 38 a\u00f1os de Smackdown quiere lucha ante John Cena en WWE"},"content":{"rendered":"<p><span style=\"vertical-align: inherit;\"><span style=\"vertical-align: inherit;\">Karrion Kross dio de qu\u00e9 hablar al mundo de la lucha libre despu\u00e9s de que comparti\u00f3 un video de \u00e9l mismo viendo a John Cena en acci\u00f3n en &#8220;WWE SmackDown&#8221;. <\/span><span style=\"vertical-align: inherit;\">Esto gener\u00f3 especulaciones sobre una posible lucha entre los dos y Kross admiti\u00f3 en el podcast &#8220;<a href=\"https:\/\/open.spotify.com\/episode\/0hh5ajFW4vEFZ8lZv4ZD8C?si=0dc580fd0d6746a5&amp;nd=1\" target=\"_blank\" rel=\"noopener\">Insight<\/a>&#8221; que no puede decir que la lucha no sea imposible. <\/span><\/span><!--more--><div id=\"ad-slot\" style=\"min-width: 300px; min-height: 250px;\">\r\n<p style=\"text-align: center;\">\r\n<!-- Site name: prwrestling.com\r\nZone name: prwrestling.com_banner_300x250\r\nZone id: 2109741734\r\nType: banner\r\nFormat: 300x250\r\n --> \r\n\r\n<!-- Copy and paste this code on the page. -->\r\n<div id='zone_2109741734' ><\/div>\r\n<script>\r\n    (function(w,d,o,g,r,a,m){\r\n        var cid='zone_2109741734';\r\n        w[r]=w[r]||function(){(w[r+'l']=w[r+'l']||[]).push(arguments)};\r\n        function e(b,w,r){if((w[r+'h']=b.pop())&&!w.ABN){\r\n            var a=d.createElement(o),p=d.getElementsByTagName(o)[0];a.async=1;\r\n            a.src='https:\/\/cdn.'+w[r+'h']+'\/libs\/e.js';a.onerror=function(){e(g,w,r)};\r\n            p.parentNode.insertBefore(a,p)}}e(g,w,r);\r\n        w[r](cid,{id:2109741734,domain:w[r+'h']});\r\n    })(window,document,'script',['traffmovie.com'],'ABNS');\r\n<\/script>\r\n\r\n<!--\r\nWhen setting the zone code, make sure:\r\n  - you have provided all domains from which the area code will be called\r\n  - the site does not limit the loading in the Content Security Policy\r\n  - the area code is installed in the ad space inside the page\r\n  - site layout allows you to display the banner on mobile devices in full size\r\nUse data-cp1={customParam1} data-cp2={customParam2}... attributes for sending custom params\r\n-->\r\n<\/p><\/div><\/p>\n<blockquote><p><span style=\"vertical-align: inherit;\"><span style=\"vertical-align: inherit;\">&#8220;Durante los encierros, los fan\u00e1ticos hablaban de toneladas de cosas con fantas\u00eda; comenzaron a ponerme en fantas\u00eda contra<a href=\"https:\/\/www.prwrestling.com\/nw\/tag\/john-cena\"> John Cena<\/a>, eso me dej\u00f3 alucinado&#8221;, dijo. <\/span><span style=\"vertical-align: inherit;\">&#8220;Yo todav\u00eda estaba en &#8216;NXT&#8217;. <\/span><span style=\"vertical-align: inherit;\">Esperaba que ideas y conceptos como esos surgieran m\u00e1s tarde, alg\u00fan d\u00eda, cuando est\u00e9 en el roster principal. Ya estaban diciendo: &#8216;Quiero ver eso'&#8221;.<\/span><\/span><\/p><\/blockquote>\n<p><span style=\"vertical-align: inherit;\"><span style=\"vertical-align: inherit;\">La conversaci\u00f3n en torno a Kross vs Cena se intensific\u00f3 cuando el 16 veces campe\u00f3n mundial comparti\u00f3 una imagen de Kross en su Instagram en ese momento. <\/span><span style=\"vertical-align: inherit;\">Pero el Instagram de Cena es conocido por provocar a los fan\u00e1ticos, ya que a menudo comparte im\u00e1genes sin t\u00edtulos ni contexto, lo que permite a sus seguidores proyectar en ellas cualquier significado que quieran. <\/span><span style=\"vertical-align: inherit;\">Entonces Kross le pregunt\u00f3 a Cena sobre la publicaci\u00f3n.<div id=\"ad-slot\" style=\"min-width: 300px; min-height: 250px;\"><p style=\"text-align: center;\">\r\n<script async src=\"https:\/\/pagead2.googlesyndication.com\/pagead\/js\/adsbygoogle.js\"><\/script>\r\n<!-- Responsive sc c -->\r\n<ins class=\"adsbygoogle\"\r\n     style=\"display:block\"\r\n     data-ad-client=\"ca-pub-1244235910658811\"\r\n     data-ad-slot=\"4234005358\"\r\n     data-ad-format=\"auto\"\r\n     data-full-width-responsive=\"true\"><\/ins>\r\n<script>\r\n     (adsbygoogle = window.adsbygoogle || []).push({});\r\n<\/script><\/p><\/div><\/span><\/span><\/p>\n<blockquote><p><span style=\"vertical-align: inherit;\"><span style=\"vertical-align: inherit;\">&#8220;Le dije: &#8216;\u00bfEras t\u00fa o tu equipo de medios?&#8217; <\/span><span style=\"vertical-align: inherit;\">\u00c9l dice: &#8216;Fue en Instagram&#8217;, yo digo: &#8216;S\u00ed&#8217;, \u00e9l dice: &#8216;Ese era yo'&#8221;, confirm\u00f3 Kross, revelando que Cena fue la persona que lo public\u00f3.<\/span><\/span><\/p><\/blockquote>\n<blockquote class=\"instagram-media\" style=\"background: #FFF; border: 0; border-radius: 3px; box-shadow: 0 0 1px 0 rgba(0,0,0,0.5),0 1px 10px 0 rgba(0,0,0,0.15); margin: 1px; max-width: 540px; min-width: 326px; padding: 0; width: calc(100% - 2px);\" data-instgrm-captioned=\"\" data-instgrm-permalink=\"https:\/\/www.instagram.com\/p\/CN6KHILMWul\/?utm_source=ig_embed&amp;utm_campaign=loading\" data-instgrm-version=\"14\">\n<div style=\"padding: 16px;\">\n<p>&nbsp;<\/p>\n<div style=\"display: flex; flex-direction: row; align-items: center;\">\n<div style=\"background-color: #f4f4f4; border-radius: 50%; flex-grow: 0; height: 40px; margin-right: 14px; width: 40px;\"><\/div>\n<div style=\"display: flex; flex-direction: column; flex-grow: 1; justify-content: center;\">\n<div style=\"background-color: #f4f4f4; border-radius: 4px; flex-grow: 0; height: 14px; margin-bottom: 6px; width: 100px;\"><\/div>\n<div style=\"background-color: #f4f4f4; border-radius: 4px; flex-grow: 0; height: 14px; width: 60px;\"><\/div>\n<\/div>\n<\/div>\n<div style=\"padding: 19% 0;\"><\/div>\n<div style=\"display: block; height: 50px; margin: 0 auto 12px; width: 50px;\"><\/div>\n<div style=\"padding-top: 8px;\">\n<div style=\"color: #3897f0; font-family: Arial,sans-serif; font-size: 14px; font-style: normal; font-weight: 550; line-height: 18px;\">View this post on Instagram<\/div>\n<\/div>\n<div style=\"padding: 12.5% 0;\"><\/div>\n<div style=\"display: flex; flex-direction: row; margin-bottom: 14px; align-items: center;\">\n<div>\n<div style=\"background-color: #f4f4f4; border-radius: 50%; height: 12.5px; width: 12.5px; transform: translateX(0px) translateY(7px);\"><\/div>\n<div style=\"background-color: #f4f4f4; height: 12.5px; transform: rotate(-45deg) translateX(3px) translateY(1px); width: 12.5px; flex-grow: 0; margin-right: 14px; margin-left: 2px;\"><\/div>\n<div style=\"background-color: #f4f4f4; border-radius: 50%; height: 12.5px; width: 12.5px; transform: translateX(9px) translateY(-18px);\"><\/div>\n<\/div>\n<div style=\"margin-left: 8px;\">\n<div style=\"background-color: #f4f4f4; border-radius: 50%; flex-grow: 0; height: 20px; width: 20px;\"><\/div>\n<div style=\"width: 0; height: 0; border-top: 2px solid transparent; border-left: 6px solid #f4f4f4; border-bottom: 2px solid transparent; transform: translateX(16px) translateY(-4px) rotate(30deg);\"><\/div>\n<\/div>\n<div style=\"margin-left: auto;\">\n<div style=\"width: 0px; border-top: 8px solid #F4F4F4; border-right: 8px solid transparent; transform: translateY(16px);\"><\/div>\n<div style=\"background-color: #f4f4f4; flex-grow: 0; height: 12px; width: 16px; transform: translateY(-4px);\"><\/div>\n<div style=\"width: 0; height: 0; border-top: 8px solid #F4F4F4; border-left: 8px solid transparent; transform: translateY(-4px) translateX(8px);\"><\/div>\n<\/div>\n<\/div>\n<div style=\"display: flex; flex-direction: column; flex-grow: 1; justify-content: center; margin-bottom: 24px;\">\n<div style=\"background-color: #f4f4f4; border-radius: 4px; flex-grow: 0; height: 14px; margin-bottom: 6px; width: 224px;\"><\/div>\n<div style=\"background-color: #f4f4f4; border-radius: 4px; flex-grow: 0; height: 14px; width: 144px;\"><\/div>\n<\/div>\n<p>&nbsp;<\/p>\n<p style=\"color: #c9c8cd; font-family: Arial,sans-serif; font-size: 14px; line-height: 17px; margin-bottom: 0; margin-top: 8px; overflow: hidden; padding: 8px 0 7px; text-align: center; text-overflow: ellipsis; white-space: nowrap;\"><a style=\"color: #c9c8cd; font-family: Arial,sans-serif; font-size: 14px; font-style: normal; font-weight: normal; line-height: 17px; text-decoration: none;\" href=\"https:\/\/www.instagram.com\/p\/CN6KHILMWul\/?utm_source=ig_embed&amp;utm_campaign=loading\" target=\"_blank\" rel=\"noopener\">A post shared by WrestlingWorldCC (@wrestlingworldcc)<\/a><\/p>\n<\/div>\n<\/blockquote>\n<p><script async src=\"\/\/www.instagram.com\/embed.js\"><\/script><br \/>\n<span style=\"vertical-align: inherit;\"><span style=\"vertical-align: inherit;\">Kross admiti\u00f3 que la gente se volvi\u00f3 loca con la imagen en ese momento, pero fue liberado de la WWE poco despu\u00e9s, lo que atrofi\u00f3 el apetito de los fan\u00e1ticos. <\/span><\/span><\/p>\n<h2><strong>Tras su regreso Kross quiere la lucha ante John Cena<\/strong><\/h2>\n<p><span style=\"vertical-align: inherit;\"><span style=\"vertical-align: inherit;\">Sin embargo, como <a href=\"https:\/\/www.prwrestling.com\/nw\/tag\/karrion-kross\">Kross<\/a> ha regresado, se pregunta qui\u00e9n no querr\u00eda ver una colisi\u00f3n entre ellos dos. <\/span><span style=\"vertical-align: inherit;\">&#8220;Simplemente pens\u00e9 en publicarlo y ver c\u00f3mo se sent\u00eda la gente todav\u00eda al respecto&#8221;, dijo. <\/span><span style=\"vertical-align: inherit;\">&#8220;Hubo mucha gente que no lo olvid\u00f3&#8221;.<\/span><\/span><\/p>\n<p>Ahora que Cena est\u00e1 en los alrededores, todo luce que es ahora o nunca para que el choque entre estos dos talentos suceda. Veremos a ver si se logra.<br \/>\n<iframe loading=\"lazy\" title=\"Karrion Kross, Scarlett and Shotzi survive the Gateway to Hell at Bobby Mackey\u2019s Music World\" src=\"https:\/\/www.youtube.com\/embed\/I92M-rUGTBM\" width=\"562\" height=\"310\" frameborder=\"0\" allowfullscreen=\"allowfullscreen\"><span data-mce-type=\"bookmark\" style=\"display: inline-block; width: 0px; overflow: hidden; line-height: 0;\" class=\"mce_SELRES_start\">\ufeff<\/span><\/iframe><\/p>\n","protected":false},"excerpt":{"rendered":"<p>Karrion Kross dio de qu\u00e9 hablar al mundo de la lucha libre despu\u00e9s de que comparti\u00f3 un video de \u00e9l mismo viendo a John Cena en acci\u00f3n en &#8220;WWE SmackDown&#8221;. Esto gener\u00f3 especulaciones sobre una posible lucha entre los dos y Kross admiti\u00f3 en el podcast &#8220;Insight&#8221; que no puede decir que la lucha no<\/p>\n","protected":false},"author":1,"featured_media":221288,"comment_status":"closed","ping_status":"closed","sticky":false,"template":"","format":"standard","meta":{"footnotes":""},"categories":[5,38],"tags":[],"class_list":["post-221286","post","type-post","status-publish","format-standard","has-post-thumbnail","category-noticias","category-noticias-y-rumores-de-la-wwe"],"_links":{"self":[{"href":"https:\/\/www.prwrestling.com\/nw\/wp-json\/wp\/v2\/posts\/221286","targetHints":{"allow":["GET"]}}],"collection":[{"href":"https:\/\/www.prwrestling.com\/nw\/wp-json\/wp\/v2\/posts"}],"about":[{"href":"https:\/\/www.prwrestling.com\/nw\/wp-json\/wp\/v2\/types\/post"}],"author":[{"embeddable":true,"href":"https:\/\/www.prwrestling.com\/nw\/wp-json\/wp\/v2\/users\/1"}],"replies":[{"embeddable":true,"href":"https:\/\/www.prwrestling.com\/nw\/wp-json\/wp\/v2\/comments?post=221286"}],"version-history":[{"count":2,"href":"https:\/\/www.prwrestling.com\/nw\/wp-json\/wp\/v2\/posts\/221286\/revisions"}],"predecessor-version":[{"id":221289,"href":"https:\/\/www.prwrestling.com\/nw\/wp-json\/wp\/v2\/posts\/221286\/revisions\/221289"}],"wp:featuredmedia":[{"embeddable":true,"href":"https:\/\/www.prwrestling.com\/nw\/wp-json\/wp\/v2\/media\/221288"}],"wp:attachment":[{"href":"https:\/\/www.prwrestling.com\/nw\/wp-json\/wp\/v2\/media?parent=221286"}],"wp:term":[{"taxonomy":"category","embeddable":true,"href":"https:\/\/www.prwrestling.com\/nw\/wp-json\/wp\/v2\/categories?post=221286"},{"taxonomy":"post_tag","embeddable":true,"href":"https:\/\/www.prwrestling.com\/nw\/wp-json\/wp\/v2\/tags?post=221286"}],"curies":[{"name":"wp","href":"https:\/\/api.w.org\/{rel}","templated":true}]}}