{"id":221306,"date":"2023-10-14T09:58:12","date_gmt":"2023-10-14T13:58:12","guid":{"rendered":"https:\/\/www.prwrestling.com\/nw\/?p=221306"},"modified":"2024-05-19T22:06:37","modified_gmt":"2024-05-20T02:06:37","slug":"bayley-dedica-victoria-de-smackdown-a-5-veces-campeona-de-la-wwe-hace-una-gran-promesa","status":"publish","type":"post","link":"https:\/\/www.prwrestling.com\/nw\/bayley-dedica-victoria-de-smackdown-a-5-veces-campeona-de-la-wwe-hace-una-gran-promesa\/","title":{"rendered":"Bayley dedica victoria de SmackDown a 5 veces campeona de la WWE; hace una gran promesa"},"content":{"rendered":"<p><span style=\"vertical-align: inherit;\"><span style=\"vertical-align: inherit;\">Bayley se enfrent\u00f3 a Zelina Vega en una lucha individual en <a href=\"https:\/\/www.prwrestling.com\/nw\/reporte-wwe-smackdown-10-13-roman-reigns-ataca-a-la-knight-kevin-owens-llega-a-smackdown-nuevo-gerente-general\/\">WWE SmackDown<\/a>. <\/span><span style=\"vertical-align: inherit;\">Derrot\u00f3 a su oponente despu\u00e9s de un combate decente, tras lo cual dedic\u00f3 su victoria a un actual monarca de la WWE.<\/span><\/span><!--more--><div id=\"ad-slot\" style=\"min-width: 300px; min-height: 250px;\">\r\n<p style=\"text-align: center;\">\r\n<script async src=\"https:\/\/pagead2.googlesyndication.com\/pagead\/js\/adsbygoogle.js\"><\/script>\r\n<!-- 300x250 sc a -->\r\n<ins class=\"adsbygoogle\"\r\n     style=\"display:inline-block;width:300px;height:250px\"\r\n     data-ad-client=\"ca-pub-1244235910658811\"\r\n     data-ad-slot=\"8592682546\"><\/ins>\r\n<script>\r\n     (adsbygoogle = window.adsbygoogle || []).push({});\r\n<\/script><\/center>\r\n<\/p><\/div><\/p>\n<p><span style=\"vertical-align: inherit;\"><span style=\"vertical-align: inherit;\">La serie de derrotas de Bayley finalmente lleg\u00f3 a su fin el viernes por la noche. La luchadora<\/span><span style=\"vertical-align: inherit;\"> se enfrent\u00f3 a la ex Rosita y finalmente consigui\u00f3 la victoria en un combate individual.<\/span><\/span><\/p>\n<p><span style=\"vertical-align: inherit;\"><span style=\"vertical-align: inherit;\">Bayley e IYO SKY ejecutaron una paliza a Vega despu\u00e9s de la victoria antes de que <a href=\"https:\/\/www.prwrestling.com\/nw\/tag\/charlotte-flair\">Charlotte Flair<\/a> saliera a salvar. <\/span><span style=\"vertical-align: inherit;\">Las rudas salieron corriendo, pero eso no impidi\u00f3 que <em>The Role Model<\/em> celebrara su victoria.<\/span><\/span><\/p>\n<p><span style=\"vertical-align: inherit;\"><span style=\"vertical-align: inherit;\">La l\u00edder de Damage CTRL recurri\u00f3 a Twitter para dedicar su victoria en SmackDown a su compa\u00f1era de equipo IYO SKY. <\/span><span style=\"vertical-align: inherit;\">Ella escribi\u00f3 que a pesar de que su oponente era peque\u00f1a, obtuvo una gran victoria en el estreno de la temporada de Friday Night SmackDown.<div id=\"ad-slot\" style=\"min-width: 300px; min-height: 250px;\"><p style=\"text-align: center;\">\r\n<script async src=\"https:\/\/pagead2.googlesyndication.com\/pagead\/js\/adsbygoogle.js\"><\/script>\r\n<!-- Responsive sc c -->\r\n<ins class=\"adsbygoogle\"\r\n     style=\"display:block\"\r\n     data-ad-client=\"ca-pub-1244235910658811\"\r\n     data-ad-slot=\"4234005358\"\r\n     data-ad-format=\"auto\"\r\n     data-full-width-responsive=\"true\"><\/ins>\r\n<script>\r\n     (adsbygoogle = window.adsbygoogle || []).push({});\r\n<\/script><\/p><\/div><\/span><\/span><\/p>\n<p><span style=\"vertical-align: inherit;\"><span style=\"vertical-align: inherit;\">Bayley agreg\u00f3 que ella y Dakota Kai pronto realizar\u00e1n una celebraci\u00f3n para la Campeona Femenina de la WWE.<\/span><\/span><\/p>\n<p><span style=\"vertical-align: inherit;\"><span style=\"vertical-align: inherit;\">Esto es lo que Bayley escribi\u00f3 en Twitter:<\/span><\/span><\/p>\n<blockquote><p><span style=\"vertical-align: inherit;\"><span style=\"vertical-align: inherit;\">&#8220;\u00a1\u00a1\u00a1\u00a1ESA GRAN VICTORIA (aunque peque\u00f1a oponente) FUE PARA TI @Iyo_SkyWWE !!!!!! @ImKingKota y te har\u00e9 la celebraci\u00f3n que te mereces, LO PROMETO!!!!!!!!!!!!!!!! # Da\u00f1oCTRL.\u201d <\/span><\/span><\/p><\/blockquote>\n<blockquote class=\"twitter-tweet\">\n<p dir=\"ltr\" lang=\"en\">THAT BIG WIN (although tiny opponent) WAS FOR YOU <a href=\"https:\/\/twitter.com\/Iyo_SkyWWE?ref_src=twsrc%5Etfw\" target=\"_blank\" rel=\"noopener\">@Iyo_SkyWWE<\/a>!!!!!! <a href=\"https:\/\/twitter.com\/ImKingKota?ref_src=twsrc%5Etfw\" target=\"_blank\" rel=\"noopener\">@ImKingKota<\/a> and I will throw you the celebration you deserve, I PROMISE!!!!!!!!!!!!!!! <a href=\"https:\/\/twitter.com\/hashtag\/DamageCTRL?src=hash&amp;ref_src=twsrc%5Etfw\" target=\"_blank\" rel=\"noopener\">#DamageCTRL<\/a> <a href=\"https:\/\/t.co\/aEaOP2sL0s\">pic.twitter.com\/aEaOP2sL0s<\/a><\/p>\n<p>\u2014 Bayley (@itsBayleyWWE) <a href=\"https:\/\/twitter.com\/itsBayleyWWE\/status\/1713035438745628817?ref_src=twsrc%5Etfw\" target=\"_blank\" rel=\"noopener\">October 14, 2023<\/a><\/p><\/blockquote>\n<p><script async src=\"https:\/\/platform.twitter.com\/widgets.js\" charset=\"utf-8\"><\/script><br \/>\n<span style=\"vertical-align: inherit;\">Charlotte Flair tendr\u00e1 una revancha contra IYO SKY la pr\u00f3xima semana, gracias a la decisi\u00f3n tomada por el nuevo Gerente General de SmackDown, Nick Aldis. <\/span><span style=\"vertical-align: inherit;\">La contienda podr\u00eda llevar a la interferencia de Zelina Vega, lo que resultar\u00eda en la formaci\u00f3n de un nuevo equipo.<\/span><\/p>\n<h2><strong><span style=\"vertical-align: inherit;\"><span style=\"vertical-align: inherit;\">Bayley obtuvo una victoria en WWE SmackDown despu\u00e9s de tres meses<\/span><\/span><\/strong><\/h2>\n<p><span style=\"vertical-align: inherit;\"><span style=\"vertical-align: inherit;\">Si bien <a href=\"https:\/\/www.prwrestling.com\/nw\/tag\/bayley\">Bayley<\/a> es una ex campeona, no tuvo la mejor de las suertes en el ring en los \u00faltimos meses. <\/span><span style=\"vertical-align: inherit;\">Su victoria del viernes por la noche fue su primera en tres meses.<\/span><\/span><\/p>\n<p><span style=\"vertical-align: inherit;\"><span style=\"vertical-align: inherit;\">Ir\u00f3nicamente, la \u00faltima victoria de Bayley tambi\u00e9n fue contra Zelina Vega en el episodio del 14 de julio de 2023 de SmackDown. <\/span><span style=\"vertical-align: inherit;\">Parece que The Role Model tiene m\u00e1s suerte contra la latina de 32 a\u00f1os que contra cualquier otra persona en el roster, al menos en este momento.<\/span><\/span><\/p>\n<blockquote class=\"instagram-media\" style=\"background: #FFF; border: 0; border-radius: 3px; box-shadow: 0 0 1px 0 rgba(0,0,0,0.5),0 1px 10px 0 rgba(0,0,0,0.15); margin: 1px; max-width: 540px; min-width: 326px; padding: 0; width: calc(100% - 2px);\" data-instgrm-captioned=\"\" data-instgrm-permalink=\"https:\/\/www.instagram.com\/p\/CyWCqWWuwGo\/?utm_source=ig_embed&amp;utm_campaign=loading\" data-instgrm-version=\"14\">\n<div style=\"padding: 16px;\">\n<p>&nbsp;<\/p>\n<div style=\"display: flex; flex-direction: row; align-items: center;\">\n<div style=\"background-color: #f4f4f4; border-radius: 50%; flex-grow: 0; height: 40px; margin-right: 14px; width: 40px;\"><\/div>\n<div style=\"display: flex; flex-direction: column; flex-grow: 1; justify-content: center;\">\n<div style=\"background-color: #f4f4f4; border-radius: 4px; flex-grow: 0; height: 14px; margin-bottom: 6px; width: 100px;\"><\/div>\n<div style=\"background-color: #f4f4f4; border-radius: 4px; flex-grow: 0; height: 14px; width: 60px;\"><\/div>\n<\/div>\n<\/div>\n<div style=\"padding: 19% 0;\"><\/div>\n<div style=\"display: block; height: 50px; margin: 0 auto 12px; width: 50px;\"><\/div>\n<div style=\"padding-top: 8px;\">\n<div style=\"color: #3897f0; font-family: Arial,sans-serif; font-size: 14px; font-style: normal; font-weight: 550; line-height: 18px;\">View this post on Instagram<\/div>\n<\/div>\n<div style=\"padding: 12.5% 0;\"><\/div>\n<div style=\"display: flex; flex-direction: row; margin-bottom: 14px; align-items: center;\">\n<div>\n<div style=\"background-color: #f4f4f4; border-radius: 50%; height: 12.5px; width: 12.5px; transform: translateX(0px) translateY(7px);\"><\/div>\n<div style=\"background-color: #f4f4f4; height: 12.5px; transform: rotate(-45deg) translateX(3px) translateY(1px); width: 12.5px; flex-grow: 0; margin-right: 14px; margin-left: 2px;\"><\/div>\n<div style=\"background-color: #f4f4f4; border-radius: 50%; height: 12.5px; width: 12.5px; transform: translateX(9px) translateY(-18px);\"><\/div>\n<\/div>\n<div style=\"margin-left: 8px;\">\n<div style=\"background-color: #f4f4f4; border-radius: 50%; flex-grow: 0; height: 20px; width: 20px;\"><\/div>\n<div style=\"width: 0; height: 0; border-top: 2px solid transparent; border-left: 6px solid #f4f4f4; border-bottom: 2px solid transparent; transform: translateX(16px) translateY(-4px) rotate(30deg);\"><\/div>\n<\/div>\n<div style=\"margin-left: auto;\">\n<div style=\"width: 0px; border-top: 8px solid #F4F4F4; border-right: 8px solid transparent; transform: translateY(16px);\"><\/div>\n<div style=\"background-color: #f4f4f4; flex-grow: 0; height: 12px; width: 16px; transform: translateY(-4px);\"><\/div>\n<div style=\"width: 0; height: 0; border-top: 8px solid #F4F4F4; border-left: 8px solid transparent; transform: translateY(-4px) translateX(8px);\"><\/div>\n<\/div>\n<\/div>\n<div style=\"display: flex; flex-direction: column; flex-grow: 1; justify-content: center; margin-bottom: 24px;\">\n<div style=\"background-color: #f4f4f4; border-radius: 4px; flex-grow: 0; height: 14px; margin-bottom: 6px; width: 224px;\"><\/div>\n<div style=\"background-color: #f4f4f4; border-radius: 4px; flex-grow: 0; height: 14px; width: 144px;\"><\/div>\n<\/div>\n<p>&nbsp;<\/p>\n<p style=\"color: #c9c8cd; font-family: Arial,sans-serif; font-size: 14px; line-height: 17px; margin-bottom: 0; margin-top: 8px; overflow: hidden; padding: 8px 0 7px; text-align: center; text-overflow: ellipsis; white-space: nowrap;\"><a style=\"color: #c9c8cd; font-family: Arial,sans-serif; font-size: 14px; font-style: normal; font-weight: normal; line-height: 17px; text-decoration: none;\" href=\"https:\/\/www.instagram.com\/p\/CyWCqWWuwGo\/?utm_source=ig_embed&amp;utm_campaign=loading\" target=\"_blank\" rel=\"noopener\">A post shared by Bayley (@itsmebayley)<\/a><\/p>\n<\/div>\n<\/blockquote>\n<p><script async src=\"\/\/www.instagram.com\/embed.js\"><\/script><\/p>\n","protected":false},"excerpt":{"rendered":"<p>Bayley se enfrent\u00f3 a Zelina Vega en una lucha individual en WWE SmackDown. Derrot\u00f3 a su oponente despu\u00e9s de un combate decente, tras lo cual dedic\u00f3 su victoria a un actual monarca de la WWE.<\/p>\n","protected":false},"author":1,"featured_media":221308,"comment_status":"closed","ping_status":"closed","sticky":false,"template":"","format":"standard","meta":{"footnotes":""},"categories":[5,38],"tags":[2025],"class_list":{"0":"post-221306","1":"post","2":"type-post","3":"status-publish","4":"format-standard","5":"has-post-thumbnail","7":"category-noticias","8":"category-noticias-y-rumores-de-la-wwe","9":"tag-bayley"},"_links":{"self":[{"href":"https:\/\/www.prwrestling.com\/nw\/wp-json\/wp\/v2\/posts\/221306","targetHints":{"allow":["GET"]}}],"collection":[{"href":"https:\/\/www.prwrestling.com\/nw\/wp-json\/wp\/v2\/posts"}],"about":[{"href":"https:\/\/www.prwrestling.com\/nw\/wp-json\/wp\/v2\/types\/post"}],"author":[{"embeddable":true,"href":"https:\/\/www.prwrestling.com\/nw\/wp-json\/wp\/v2\/users\/1"}],"replies":[{"embeddable":true,"href":"https:\/\/www.prwrestling.com\/nw\/wp-json\/wp\/v2\/comments?post=221306"}],"version-history":[{"count":2,"href":"https:\/\/www.prwrestling.com\/nw\/wp-json\/wp\/v2\/posts\/221306\/revisions"}],"predecessor-version":[{"id":221309,"href":"https:\/\/www.prwrestling.com\/nw\/wp-json\/wp\/v2\/posts\/221306\/revisions\/221309"}],"wp:featuredmedia":[{"embeddable":true,"href":"https:\/\/www.prwrestling.com\/nw\/wp-json\/wp\/v2\/media\/221308"}],"wp:attachment":[{"href":"https:\/\/www.prwrestling.com\/nw\/wp-json\/wp\/v2\/media?parent=221306"}],"wp:term":[{"taxonomy":"category","embeddable":true,"href":"https:\/\/www.prwrestling.com\/nw\/wp-json\/wp\/v2\/categories?post=221306"},{"taxonomy":"post_tag","embeddable":true,"href":"https:\/\/www.prwrestling.com\/nw\/wp-json\/wp\/v2\/tags?post=221306"}],"curies":[{"name":"wp","href":"https:\/\/api.w.org\/{rel}","templated":true}]}}