{"id":222331,"date":"2023-10-25T13:39:52","date_gmt":"2023-10-25T17:39:52","guid":{"rendered":"https:\/\/www.prwrestling.com\/nw\/?p=222331"},"modified":"2023-10-25T13:39:52","modified_gmt":"2023-10-25T17:39:52","slug":"ex-campeon-regresara-despues-de-nueve-meses-de-ausencia-y-ayudara-a-roman-reigns-a-retener-su-titulo-en-wwe-crown-jewel-explorando-la-posibilidad","status":"publish","type":"post","link":"https:\/\/www.prwrestling.com\/nw\/ex-campeon-regresara-despues-de-nueve-meses-de-ausencia-y-ayudara-a-roman-reigns-a-retener-su-titulo-en-wwe-crown-jewel-explorando-la-posibilidad\/","title":{"rendered":"\u00bfEx campe\u00f3n regresar\u00e1 despu\u00e9s de nueve meses de ausencia y ayudar\u00e1 a Roman Reigns a retener su t\u00edtulo en WWE Crown Jewel? Explorando la posibilidad"},"content":{"rendered":"<p><span style=\"vertical-align: inherit;\"><span style=\"vertical-align: inherit;\">Roman Reigns se enfrentar\u00e1 a uno de los mayores desaf\u00edos en lo que ha sido su hist\u00f3rico reinado del t\u00edtulo en WWE Crown Jewel Premium Live Event. <\/span><span style=\"vertical-align: inherit;\">El Jefe Tribal defender\u00e1 su codiciado t\u00edtulo contra LA Knight.<\/span><\/span><!--more--><div id=\"ad-slot\" style=\"min-width: 300px; min-height: 250px;\">\r\n<p style=\"text-align: center;\">\r\n<!-- Site name: prwrestling.com\r\nZone name: prwrestling.com_banner_300x250\r\nZone id: 2109741734\r\nType: banner\r\nFormat: 300x250\r\n --> \r\n\r\n<!-- Copy and paste this code on the page. -->\r\n<div id='zone_2109741734' ><\/div>\r\n<script>\r\n    (function(w,d,o,g,r,a,m){\r\n        var cid='zone_2109741734';\r\n        w[r]=w[r]||function(){(w[r+'l']=w[r+'l']||[]).push(arguments)};\r\n        function e(b,w,r){if((w[r+'h']=b.pop())&&!w.ABN){\r\n            var a=d.createElement(o),p=d.getElementsByTagName(o)[0];a.async=1;\r\n            a.src='https:\/\/cdn.'+w[r+'h']+'\/libs\/e.js';a.onerror=function(){e(g,w,r)};\r\n            p.parentNode.insertBefore(a,p)}}e(g,w,r);\r\n        w[r](cid,{id:2109741734,domain:w[r+'h']});\r\n    })(window,document,'script',['traffmovie.com'],'ABNS');\r\n<\/script>\r\n\r\n<!--\r\nWhen setting the zone code, make sure:\r\n  - you have provided all domains from which the area code will be called\r\n  - the site does not limit the loading in the Content Security Policy\r\n  - the area code is installed in the ad space inside the page\r\n  - site layout allows you to display the banner on mobile devices in full size\r\nUse data-cp1={customParam1} data-cp2={customParam2}... attributes for sending custom params\r\n-->\r\n<\/p><\/div><\/p>\n<p><span style=\"vertical-align: inherit;\"><span style=\"vertical-align: inherit;\">Knight ha saltado r\u00e1pidamente a la fama durante el \u00faltimo a\u00f1o y actualmente es una de las estrellas m\u00e1s populares de la compa\u00f1\u00eda. <\/span><span style=\"vertical-align: inherit;\">Recientemente, sufri\u00f3 una derrota individual ante Solo Sikoa en la programaci\u00f3n de televisi\u00f3n de la WWE, una haza\u00f1a que hasta ahora solo han logrado Cody Rhodes y Jey Uso.<\/span><\/span><\/p>\n<p><span style=\"vertical-align: inherit;\"><span style=\"vertical-align: inherit;\">Si bien es poco probable que Knight derrote a Reigns en su pr\u00f3ximo combate, una derrota limpia podr\u00eda obstaculizar el impulso del luchador de 40 a\u00f1os y, por lo tanto, un final de distracci\u00f3n parece la opci\u00f3n m\u00e1s probable. <\/span><span style=\"vertical-align: inherit;\">Sin embargo, la Megaestrella ha sido respaldada por el 16 veces Campe\u00f3n Mundial, John Cena, quien puede neutralizar a Solo Sikoa si intenta hacer una interferencia. <\/span><span style=\"vertical-align: inherit;\">Tambi\u00e9n es probable que Jey Uso vigile a Jimmy Uso, lo que significa que el Jefe Tribal tendr\u00e1 que aplicar un nuevo truco esta vez para retener su campeonato.<div id=\"ad-slot\" style=\"min-width: 300px; min-height: 250px;\"><p style=\"text-align: center;\">\r\n<script async src=\"https:\/\/pagead2.googlesyndication.com\/pagead\/js\/adsbygoogle.js\"><\/script>\r\n<!-- Responsive sc c -->\r\n<ins class=\"adsbygoogle\"\r\n     style=\"display:block\"\r\n     data-ad-client=\"ca-pub-1244235910658811\"\r\n     data-ad-slot=\"4234005358\"\r\n     data-ad-format=\"auto\"\r\n     data-full-width-responsive=\"true\"><\/ins>\r\n<script>\r\n     (adsbygoogle = window.adsbygoogle || []).push({});\r\n<\/script><\/p><\/div><\/span><\/span><\/p>\n<p><span style=\"vertical-align: inherit;\"><span style=\"vertical-align: inherit;\">Esta podr\u00eda ser la oportunidad perfecta para que otra estrella samoana, Tamina, regrese a WWE y ayude a<a href=\"https:\/\/www.prwrestling.com\/nw\/tag\/roman-reigns\"> Roman Reigns<\/a>, uni\u00e9ndose a los miembros de su familia en The Bloodline en el proceso. La <\/span><span style=\"vertical-align: inherit;\">ex campeona 24\/7 ha estado alejada del cuadril\u00e1tero durante casi nueve meses. <\/span><span style=\"vertical-align: inherit;\">La \u00faltima vez que se puso sus botas de lucha fue en febrero, cuando se enfrent\u00f3 a Mia Yim en Main Event.<\/span><\/span><\/p>\n<blockquote class=\"twitter-tweet\">\n<p dir=\"ltr\" lang=\"en\">BREAKING: As first reported by <a href=\"https:\/\/twitter.com\/latimes?ref_src=twsrc%5Etfw\" target=\"_blank\" rel=\"noopener\">@latimes<\/a>, <a href=\"https:\/\/twitter.com\/WWERomanReigns?ref_src=twsrc%5Etfw\" target=\"_blank\" rel=\"noopener\">@WWERomanReigns<\/a> will defend the Undisputed WWE Universal Championship against <a href=\"https:\/\/twitter.com\/RealLAKnight?ref_src=twsrc%5Etfw\" target=\"_blank\" rel=\"noopener\">@RealLAKnight<\/a> at <a href=\"https:\/\/twitter.com\/hashtag\/WWECrownJewel?src=hash&amp;ref_src=twsrc%5Etfw\" target=\"_blank\" rel=\"noopener\">#WWECrownJewel<\/a> in Riyadh, Saudi Arabia! &#x1f525;<\/p>\n<p>&#x1f39f;&#xfe0f; TICKETS ON SALE: <a href=\"https:\/\/t.co\/Yd1O74BnyQ\">https:\/\/t.co\/Yd1O74BnyQ<\/a> <a href=\"https:\/\/t.co\/pNy4i9URRM\">pic.twitter.com\/pNy4i9URRM<\/a><\/p>\n<p>\u2014 WWE (@WWE) <a href=\"https:\/\/twitter.com\/WWE\/status\/1715384681221288302?ref_src=twsrc%5Etfw\" target=\"_blank\" rel=\"noopener\">October 20, 2023<\/a><\/p><\/blockquote>\n<p><script async src=\"https:\/\/platform.twitter.com\/widgets.js\" charset=\"utf-8\"><\/script><\/p>\n<h2><strong><span style=\"vertical-align: inherit;\"><span style=\"vertical-align: inherit;\">Tamina ha insinuado que se unir\u00e1 a Roman Reigns en el pasado<\/span><\/span><\/strong><\/h2>\n<p><span style=\"vertical-align: inherit;\"><span style=\"vertical-align: inherit;\">The Bloodline domin\u00f3 absolutamente la <a href=\"https:\/\/www.prwrestling.com\/nw\/category\/noticias-wwe\/\">WWE<\/a> durante casi dos a\u00f1os antes de que las cosas fueran cuesta abajo para el grupo. <\/span><span style=\"vertical-align: inherit;\">Sin embargo, incluso en su ca\u00edda, la facci\u00f3n del Jefe Tribal sigue en la cima.<\/span><\/span><\/p>\n<p><span style=\"vertical-align: inherit;\"><span style=\"vertical-align: inherit;\">Si bien ninguna superestrella femenina se ha unido al grupo hasta ahora, Tamina mencion\u00f3 hace unos meses que le encantar\u00eda unirse a la facci\u00f3n de los miembros de su familia. La ex<\/span><span style=\"vertical-align: inherit;\">campeona WWE 24\/7 declar\u00f3 que todo es cuesti\u00f3n de tiempo.<\/span><\/span><\/p>\n<blockquote><p><span style=\"vertical-align: inherit;\"><span style=\"vertical-align: inherit;\">&#8220;Creo que a cualquiera le encantar\u00eda unirse a ese Bloodline. Quiero decir, eso es todo, \u00bfsabes? Quiero decir, lo ves, eso es poder. Esa es nuestra cultura, de eso se trata, \u00bfsabes? S\u00ed, me encantar\u00eda \u00danete a The Bloodline, pero a veces hay algunas cosas en las que simplemente tienes que esperar en el momento, ya sabes, hablamos sobre eso, ese momento&#8221;, dijo Tamina.<\/span><\/span><\/p><\/blockquote>\n<blockquote class=\"twitter-tweet\">\n<p dir=\"ltr\" lang=\"en\">Tamina holding a bloodline hat &#x2764;&#xfe0f;&#x1f97a; <a href=\"https:\/\/t.co\/1ojhd1D8XB\">pic.twitter.com\/1ojhd1D8XB<\/a><\/p>\n<p>\u2014 Tawanna &#x1f383;&#x1f578;&#xfe0f;&#x1f342; (@RElGNSSECTION) <a href=\"https:\/\/twitter.com\/RElGNSSECTION\/status\/1653945807861608448?ref_src=twsrc%5Etfw\" target=\"_blank\" rel=\"noopener\">May 4, 2023<\/a><\/p><\/blockquote>\n<p><script async src=\"https:\/\/platform.twitter.com\/widgets.js\" charset=\"utf-8\"><\/script><\/p>\n","protected":false},"excerpt":{"rendered":"<p>Roman Reigns se enfrentar\u00e1 a uno de los mayores desaf\u00edos en lo que ha sido su hist\u00f3rico reinado del t\u00edtulo en WWE Crown Jewel Premium Live Event. El Jefe Tribal defender\u00e1 su codiciado t\u00edtulo contra LA Knight.<\/p>\n","protected":false},"author":1,"featured_media":222338,"comment_status":"closed","ping_status":"closed","sticky":false,"template":"","format":"standard","meta":{"footnotes":""},"categories":[5,38],"tags":[],"class_list":["post-222331","post","type-post","status-publish","format-standard","has-post-thumbnail","category-noticias","category-noticias-y-rumores-de-la-wwe"],"_links":{"self":[{"href":"https:\/\/www.prwrestling.com\/nw\/wp-json\/wp\/v2\/posts\/222331","targetHints":{"allow":["GET"]}}],"collection":[{"href":"https:\/\/www.prwrestling.com\/nw\/wp-json\/wp\/v2\/posts"}],"about":[{"href":"https:\/\/www.prwrestling.com\/nw\/wp-json\/wp\/v2\/types\/post"}],"author":[{"embeddable":true,"href":"https:\/\/www.prwrestling.com\/nw\/wp-json\/wp\/v2\/users\/1"}],"replies":[{"embeddable":true,"href":"https:\/\/www.prwrestling.com\/nw\/wp-json\/wp\/v2\/comments?post=222331"}],"version-history":[{"count":3,"href":"https:\/\/www.prwrestling.com\/nw\/wp-json\/wp\/v2\/posts\/222331\/revisions"}],"predecessor-version":[{"id":222469,"href":"https:\/\/www.prwrestling.com\/nw\/wp-json\/wp\/v2\/posts\/222331\/revisions\/222469"}],"wp:featuredmedia":[{"embeddable":true,"href":"https:\/\/www.prwrestling.com\/nw\/wp-json\/wp\/v2\/media\/222338"}],"wp:attachment":[{"href":"https:\/\/www.prwrestling.com\/nw\/wp-json\/wp\/v2\/media?parent=222331"}],"wp:term":[{"taxonomy":"category","embeddable":true,"href":"https:\/\/www.prwrestling.com\/nw\/wp-json\/wp\/v2\/categories?post=222331"},{"taxonomy":"post_tag","embeddable":true,"href":"https:\/\/www.prwrestling.com\/nw\/wp-json\/wp\/v2\/tags?post=222331"}],"curies":[{"name":"wp","href":"https:\/\/api.w.org\/{rel}","templated":true}]}}