{"id":223453,"date":"2023-11-02T07:17:07","date_gmt":"2023-11-02T11:17:07","guid":{"rendered":"https:\/\/www.prwrestling.com\/nw\/?p=223453"},"modified":"2023-11-02T07:17:07","modified_gmt":"2023-11-02T11:17:07","slug":"ex-campeon-en-parejas-de-wwe-raw-no-podra-luchar-por-muchos-meses-tras-someterse-a-operacion-en-el-cuello","status":"publish","type":"post","link":"https:\/\/www.prwrestling.com\/nw\/ex-campeon-en-parejas-de-wwe-raw-no-podra-luchar-por-muchos-meses-tras-someterse-a-operacion-en-el-cuello\/","title":{"rendered":"Ex campe\u00f3n en parejas de WWE Raw no podr\u00e1 luchar por muchos meses tras someterse a operaci\u00f3n en el cuello"},"content":{"rendered":"<div class=\"slide-key image-holder gallery-image-holder credit-image-wrap lead-image-holder\" data-post-url=\"https:\/\/www.wrestlinginc.com\/1436524\/erik-wwe-viking-raiders-announces-undergone-neck-fusion-surgery\/\" data-post-title=\"Erik Of WWE's Viking Raiders Announces He Has Undergone Neck Fusion Surgery\" data-slide-num=\"0\" data-post-id=\"1436524\">\n<p><span style=\"vertical-align: inherit;\"><span style=\"vertical-align: inherit;\">La estrella de la WWE Erik de The Viking Raiders ha revelado que se someti\u00f3 a una cirug\u00eda de fusi\u00f3n de cuello despu\u00e9s de haber sido marginado por la lesi\u00f3n en septiembre de este a\u00f1o.<\/span><\/span><\/p>\n<\/div>\n<p><!--more--><div id=\"ad-slot\" style=\"min-width: 300px; min-height: 250px;\">\r\n<p style=\"text-align: center;\">\r\n<script async src=\"https:\/\/pagead2.googlesyndication.com\/pagead\/js\/adsbygoogle.js\"><\/script>\r\n<!-- 300x250 sc a -->\r\n<ins class=\"adsbygoogle\"\r\n     style=\"display:inline-block;width:300px;height:250px\"\r\n     data-ad-client=\"ca-pub-1244235910658811\"\r\n     data-ad-slot=\"8592682546\"><\/ins>\r\n<script>\r\n     (adsbygoogle = window.adsbygoogle || []).push({});\r\n<\/script><\/center>\r\n<\/p><\/div><\/p>\n<div class=\"columns-holder \">\n<p><span style=\"vertical-align: inherit;\"><span style=\"vertical-align: inherit;\">El ex Campe\u00f3n de Parejas de Raw <\/span><\/span><a href=\"https:\/\/www.instagram.com\/p\/CzH33sjMsyD\/?utm_source=ig_embed&amp;ig_rid=4c5272e1-b76c-499d-abc0-1a63450f234d&amp;img_index=1\" target=\"_blank\" rel=\"noopener\"><span style=\"vertical-align: inherit;\"><span style=\"vertical-align: inherit;\">revel\u00f3 en las redes sociales<\/span><\/span><\/a><span style=\"vertical-align: inherit;\"><span style=\"vertical-align: inherit;\"> que se someti\u00f3 a una cirug\u00eda de fusi\u00f3n en su columna cervical C6 y C7 en el Hospital St Vincent&#8217;s en Birmingham, Alabama. <\/span><span style=\"vertical-align: inherit;\">Agradeci\u00f3 a los m\u00e9dicos del hospital y a la WWE por su apoyo y atenci\u00f3n, y comparti\u00f3 varias fotos en la publicaci\u00f3n, incluida una radiograf\u00eda de su lesi\u00f3n, una foto con su esposa y la estrella de la WWE Valhalla y una selfie.<\/span><\/span><\/p>\n<blockquote><p><span style=\"vertical-align: inherit;\"><span style=\"vertical-align: inherit;\">&#8220;No puedo expresar la gratitud y el agradecimiento adecuados al incre\u00edble Dr. Cordover y su incre\u00edble personal en @andrews_sports_medicine y el Hospital St Vincent en Birmingham, AL y a @wwe por asegurarse siempre de que reciba la mejor atenci\u00f3n posible. La cirug\u00eda de fusi\u00f3n C6\/C7 fue exitosa y la recuperaci\u00f3n comienza ahora. Estoy emocionado por todas las posibilidades una vez que mis actualizaciones\u00a0 est\u00e9n completamente en l\u00ednea&#8221;.<\/span><\/span><\/p><\/blockquote>\n<p><span style=\"vertical-align: inherit;\"><span style=\"vertical-align: inherit;\"><div id=\"ad-slot\" style=\"min-width: 300px; min-height: 250px;\"><p style=\"text-align: center;\">\r\n<script async src=\"https:\/\/pagead2.googlesyndication.com\/pagead\/js\/adsbygoogle.js\"><\/script>\r\n<!-- Responsive sc c -->\r\n<ins class=\"adsbygoogle\"\r\n     style=\"display:block\"\r\n     data-ad-client=\"ca-pub-1244235910658811\"\r\n     data-ad-slot=\"4234005358\"\r\n     data-ad-format=\"auto\"\r\n     data-full-width-responsive=\"true\"><\/ins>\r\n<script>\r\n     (adsbygoogle = window.adsbygoogle || []).push({});\r\n<\/script><\/p><\/div><\/span><\/span><\/p>\n<p>Una cirug\u00eda como esta usualmente mantiene a un luchador fuera de acci\u00f3n por el periodo de 9 a 12 meses.<\/p>\n<blockquote class=\"instagram-media\" style=\"background: #FFF; border: 0; border-radius: 3px; box-shadow: 0 0 1px 0 rgba(0,0,0,0.5),0 1px 10px 0 rgba(0,0,0,0.15); margin: 1px; max-width: 540px; min-width: 326px; padding: 0; width: calc(100% - 2px);\" data-instgrm-captioned=\"\" data-instgrm-permalink=\"https:\/\/www.instagram.com\/p\/CzH33sjMsyD\/?utm_source=ig_embed&amp;utm_campaign=loading\" data-instgrm-version=\"14\">\n<div style=\"padding: 16px;\">\n<p>&nbsp;<\/p>\n<div style=\"display: flex; flex-direction: row; align-items: center;\">\n<div style=\"background-color: #f4f4f4; border-radius: 50%; flex-grow: 0; height: 40px; margin-right: 14px; width: 40px;\"><\/div>\n<div style=\"display: flex; flex-direction: column; flex-grow: 1; justify-content: center;\">\n<div style=\"background-color: #f4f4f4; border-radius: 4px; flex-grow: 0; height: 14px; margin-bottom: 6px; width: 100px;\"><\/div>\n<div style=\"background-color: #f4f4f4; border-radius: 4px; flex-grow: 0; height: 14px; width: 60px;\"><\/div>\n<\/div>\n<\/div>\n<div style=\"padding: 19% 0;\"><\/div>\n<div style=\"display: block; height: 50px; margin: 0 auto 12px; width: 50px;\"><\/div>\n<div style=\"padding-top: 8px;\">\n<div style=\"color: #3897f0; font-family: Arial,sans-serif; font-size: 14px; font-style: normal; font-weight: 550; line-height: 18px;\">View this post on Instagram<\/div>\n<\/div>\n<div style=\"padding: 12.5% 0;\"><\/div>\n<div style=\"display: flex; flex-direction: row; margin-bottom: 14px; align-items: center;\">\n<div>\n<div style=\"background-color: #f4f4f4; border-radius: 50%; height: 12.5px; width: 12.5px; transform: translateX(0px) translateY(7px);\"><\/div>\n<div style=\"background-color: #f4f4f4; height: 12.5px; transform: rotate(-45deg) translateX(3px) translateY(1px); width: 12.5px; flex-grow: 0; margin-right: 14px; margin-left: 2px;\"><\/div>\n<div style=\"background-color: #f4f4f4; border-radius: 50%; height: 12.5px; width: 12.5px; transform: translateX(9px) translateY(-18px);\"><\/div>\n<\/div>\n<div style=\"margin-left: 8px;\">\n<div style=\"background-color: #f4f4f4; border-radius: 50%; flex-grow: 0; height: 20px; width: 20px;\"><\/div>\n<div style=\"width: 0; height: 0; border-top: 2px solid transparent; border-left: 6px solid #f4f4f4; border-bottom: 2px solid transparent; transform: translateX(16px) translateY(-4px) rotate(30deg);\"><\/div>\n<\/div>\n<div style=\"margin-left: auto;\">\n<div style=\"width: 0px; border-top: 8px solid #F4F4F4; border-right: 8px solid transparent; transform: translateY(16px);\"><\/div>\n<div style=\"background-color: #f4f4f4; flex-grow: 0; height: 12px; width: 16px; transform: translateY(-4px);\"><\/div>\n<div style=\"width: 0; height: 0; border-top: 8px solid #F4F4F4; border-left: 8px solid transparent; transform: translateY(-4px) translateX(8px);\"><\/div>\n<\/div>\n<\/div>\n<div style=\"display: flex; flex-direction: column; flex-grow: 1; justify-content: center; margin-bottom: 24px;\">\n<div style=\"background-color: #f4f4f4; border-radius: 4px; flex-grow: 0; height: 14px; margin-bottom: 6px; width: 224px;\"><\/div>\n<div style=\"background-color: #f4f4f4; border-radius: 4px; flex-grow: 0; height: 14px; width: 144px;\"><\/div>\n<\/div>\n<p>&nbsp;<\/p>\n<p style=\"color: #c9c8cd; font-family: Arial,sans-serif; font-size: 14px; line-height: 17px; margin-bottom: 0; margin-top: 8px; overflow: hidden; padding: 8px 0 7px; text-align: center; text-overflow: ellipsis; white-space: nowrap;\"><a style=\"color: #c9c8cd; font-family: Arial,sans-serif; font-size: 14px; font-style: normal; font-weight: normal; line-height: 17px; text-decoration: none;\" href=\"https:\/\/www.instagram.com\/p\/CzH33sjMsyD\/?utm_source=ig_embed&amp;utm_campaign=loading\" target=\"_blank\" rel=\"noopener\">A post shared by Raymond Rowe (@erik_wwe)<\/a><\/p>\n<\/div>\n<\/blockquote>\n<p><script async src=\"\/\/www.instagram.com\/embed.js\"><\/script><\/p>\n<h2>Erik de los Viking Raiders no lucha desde septiembre<\/h2>\n<p><span style=\"vertical-align: inherit;\"><span style=\"vertical-align: inherit;\">El \u00faltimo combate de Erik fue en el programa WWE Main Event, donde form\u00f3 equipo con su compa\u00f1ero de los Viking Raiders, Ivar, para enfrentar al d\u00fao de Cedric Alexander y Shelton Benjamin. <\/span><\/span><\/p>\n<p><span style=\"vertical-align: inherit;\"><span style=\"vertical-align: inherit;\">Los Viking Raiders estaban originalmente programados para competir en una lucha fatal 4way en septiembre, pero fueron retirados de la lucha en el \u00faltimo momento, y el comentarista Michael Cole anunci\u00f3 que Erik estaba lidiando con una lesi\u00f3n en el <\/span><\/span><span style=\"vertical-align: inherit;\"><span style=\"vertical-align: inherit;\">pie<\/span><\/span><span style=\"vertical-align: inherit;\"><span style=\"vertical-align: inherit;\"> . <\/span><span style=\"vertical-align: inherit;\">Desde la lesi\u00f3n de Erik, su compa\u00f1ero Ivar ha luchado como competidor individual y, <\/span><\/span><a href=\"https:\/\/www.prwrestling.com\/nw\/superestrella-de-la-wwe-ha-impresionado-a-muchos-tras-bastidores-con-su-trabajo-reciente-en-raw\/\" target=\"_blank\" rel=\"noopener\"><span style=\"vertical-align: inherit;\"><span style=\"vertical-align: inherit;\">seg\u00fan se informa, ha impresionado a la gerencia de la WWE<\/span><\/span><\/a><span style=\"vertical-align: inherit;\"><span style=\"vertical-align: inherit;\"> .<\/span><\/span><\/p>\n<\/div>\n<p><iframe loading=\"lazy\" title=\"Viking Raiders show The Usos their axes: SmackDown, Jan. 28, 2022 @WWE\" src=\"https:\/\/www.youtube.com\/embed\/aWoOZ9AcQTk\" width=\"553\" height=\"310\" frameborder=\"0\" allowfullscreen=\"allowfullscreen\"><span data-mce-type=\"bookmark\" style=\"display: inline-block; width: 0px; overflow: hidden; line-height: 0;\" class=\"mce_SELRES_start\">\ufeff<\/span><\/iframe><\/p>\n","protected":false},"excerpt":{"rendered":"<p>La estrella de la WWE Erik de The Viking Raiders ha revelado que se someti\u00f3 a una cirug\u00eda de fusi\u00f3n de cuello despu\u00e9s de haber sido marginado por la lesi\u00f3n en septiembre de este a\u00f1o.<\/p>\n","protected":false},"author":1,"featured_media":223474,"comment_status":"open","ping_status":"closed","sticky":false,"template":"","format":"standard","meta":{"footnotes":""},"categories":[5,38],"tags":[],"class_list":{"0":"post-223453","1":"post","2":"type-post","3":"status-publish","4":"format-standard","5":"has-post-thumbnail","7":"category-noticias","8":"category-noticias-y-rumores-de-la-wwe"},"_links":{"self":[{"href":"https:\/\/www.prwrestling.com\/nw\/wp-json\/wp\/v2\/posts\/223453","targetHints":{"allow":["GET"]}}],"collection":[{"href":"https:\/\/www.prwrestling.com\/nw\/wp-json\/wp\/v2\/posts"}],"about":[{"href":"https:\/\/www.prwrestling.com\/nw\/wp-json\/wp\/v2\/types\/post"}],"author":[{"embeddable":true,"href":"https:\/\/www.prwrestling.com\/nw\/wp-json\/wp\/v2\/users\/1"}],"replies":[{"embeddable":true,"href":"https:\/\/www.prwrestling.com\/nw\/wp-json\/wp\/v2\/comments?post=223453"}],"version-history":[{"count":3,"href":"https:\/\/www.prwrestling.com\/nw\/wp-json\/wp\/v2\/posts\/223453\/revisions"}],"predecessor-version":[{"id":223475,"href":"https:\/\/www.prwrestling.com\/nw\/wp-json\/wp\/v2\/posts\/223453\/revisions\/223475"}],"wp:featuredmedia":[{"embeddable":true,"href":"https:\/\/www.prwrestling.com\/nw\/wp-json\/wp\/v2\/media\/223474"}],"wp:attachment":[{"href":"https:\/\/www.prwrestling.com\/nw\/wp-json\/wp\/v2\/media?parent=223453"}],"wp:term":[{"taxonomy":"category","embeddable":true,"href":"https:\/\/www.prwrestling.com\/nw\/wp-json\/wp\/v2\/categories?post=223453"},{"taxonomy":"post_tag","embeddable":true,"href":"https:\/\/www.prwrestling.com\/nw\/wp-json\/wp\/v2\/tags?post=223453"}],"curies":[{"name":"wp","href":"https:\/\/api.w.org\/{rel}","templated":true}]}}