{"id":228185,"date":"2023-11-25T15:34:30","date_gmt":"2023-11-25T20:34:30","guid":{"rendered":"https:\/\/www.prwrestling.com\/nw\/?p=228185"},"modified":"2023-11-25T15:37:18","modified_gmt":"2023-11-25T20:37:18","slug":"viejo-amigo-de-randy-orton-habla-sobre-la-gravedad-de-su-reciente-lesion-en-la-espalda","status":"publish","type":"post","link":"https:\/\/www.prwrestling.com\/nw\/viejo-amigo-de-randy-orton-habla-sobre-la-gravedad-de-su-reciente-lesion-en-la-espalda\/","title":{"rendered":"Viejo amigo de Randy Orton habla sobre la gravedad de su reciente lesi\u00f3n en la espalda"},"content":{"rendered":"<p><span style=\"vertical-align: inherit;\"><span style=\"vertical-align: inherit;\">Despu\u00e9s de un a\u00f1o y medio, los fan\u00e1ticos ac\u00e9rrimos de Randy Orton pueden tomar un respiro con su <a href=\"https:\/\/www.prwrestling.com\/nw\/por-que-wwe-manejo-la-noticia-del-regreso-de-randy-orton-como-lo-hizo-en-raw\/\">regreso al ring en Survivor Series<\/a>. Para muchos, el evento de Acci\u00f3n de Gracias tiene todo el sentido del mundo como lugar para verlo de vuelta.<\/span><\/span><!--more--><div id=\"ad-slot\" style=\"min-width: 300px; min-height: 250px;\">\r\n<p style=\"text-align: center;\">\r\n<!-- Site name: prwrestling.com\r\nZone name: prwrestling.com_banner_300x250\r\nZone id: 2109741734\r\nType: banner\r\nFormat: 300x250\r\n --> \r\n\r\n<!-- Copy and paste this code on the page. -->\r\n<div id='zone_2109741734' ><\/div>\r\n<script>\r\n    (function(w,d,o,g,r,a,m){\r\n        var cid='zone_2109741734';\r\n        w[r]=w[r]||function(){(w[r+'l']=w[r+'l']||[]).push(arguments)};\r\n        function e(b,w,r){if((w[r+'h']=b.pop())&&!w.ABN){\r\n            var a=d.createElement(o),p=d.getElementsByTagName(o)[0];a.async=1;\r\n            a.src='https:\/\/cdn.'+w[r+'h']+'\/libs\/e.js';a.onerror=function(){e(g,w,r)};\r\n            p.parentNode.insertBefore(a,p)}}e(g,w,r);\r\n        w[r](cid,{id:2109741734,domain:w[r+'h']});\r\n    })(window,document,'script',['traffmovie.com'],'ABNS');\r\n<\/script>\r\n\r\n<!--\r\nWhen setting the zone code, make sure:\r\n  - you have provided all domains from which the area code will be called\r\n  - the site does not limit the loading in the Content Security Policy\r\n  - the area code is installed in the ad space inside the page\r\n  - site layout allows you to display the banner on mobile devices in full size\r\nUse data-cp1={customParam1} data-cp2={customParam2}... attributes for sending custom params\r\n-->\r\n<\/p><\/div><\/p>\n<p><span style=\"vertical-align: inherit;\"><span style=\"vertical-align: inherit;\">Kurt Angle revel\u00f3 recientemente que el propio Randy Orton no estaba seguro de regresar al ring. Seg\u00fan el miembro del Sal\u00f3n de la Fama, si el 14 veces Campe\u00f3n Mundial de la WWE puede mantenerse saludable, todav\u00eda le quedan unos buenos seis o siete a\u00f1os de carrera en el ring.<\/span><\/span><\/p>\n<p><span style=\"vertical-align: inherit;\"><span style=\"vertical-align: inherit;\">Hablando en <a href=\"https:\/\/www.youtube.com\/@TheAnglePod\" target=\"_blank\" rel=\"noopener\">The Kurt Angle Show<\/a>, Angle reflexion\u00f3 sobre la lesi\u00f3n en la espalda de Orton que mantuvo a este \u00faltimo alejado de la lucha libre durante tanto tiempo. Revel\u00f3 que lo hab\u00edan mantenido informado sobre lo que estaba pasando a trav\u00e9s de sus esposas, y que los dos hablaron al respecto:<\/span><\/span><\/p>\n<div id=\"ad-slot\" style=\"min-width: 300px; min-height: 250px;\"><p style=\"text-align: center;\">\r\n<script async src=\"https:\/\/pagead2.googlesyndication.com\/pagead\/js\/adsbygoogle.js\"><\/script>\r\n<!-- Responsive sc c -->\r\n<ins class=\"adsbygoogle\"\r\n     style=\"display:block\"\r\n     data-ad-client=\"ca-pub-1244235910658811\"\r\n     data-ad-slot=\"4234005358\"\r\n     data-ad-format=\"auto\"\r\n     data-full-width-responsive=\"true\"><\/ins>\r\n<script>\r\n     (adsbygoogle = window.adsbygoogle || []).push({});\r\n<\/script><\/p><\/div>\n<blockquote><p><span style=\"vertical-align: inherit;\"><span style=\"vertical-align: inherit;\">&#8220;Ya era hora. Me alegro de que haya regresado porque estuve comunic\u00e1ndome con \u00e9l durante bastante tiempo cuando estuvo fuera por la lesi\u00f3n porque Kim [Orton] y Giovanna [Angle] son \u200b\u200bmejores amigas. Me estaba diciendo: &#8220;Oye, hombre, esto no se ve bien. No s\u00e9 c\u00f3mo se va a sanar mi espalda o si mi espalda se va a sanar\u201d, dijo Kurt.<\/span><\/span><\/p><\/blockquote>\n<p><span style=\"vertical-align: inherit;\"><span style=\"vertical-align: inherit;\">Las cosas mejoraron eventualmente, pero el miembro del Sal\u00f3n de la Fama reiter\u00f3 que Orton estuvo preocupado por un tiempo.<\/span><\/span><\/p>\n<blockquote><p><span style=\"vertical-align: inherit;\"><span style=\"vertical-align: inherit;\">&#8220;No sab\u00edan [si Orton regresar\u00eda]. Randy, \u00e9l tambi\u00e9n es joven. Quiero decir que tiene unos 40 a\u00f1os, pero todav\u00eda es bastante joven. En comparaci\u00f3n conmigo y con otros muchachos que luchan como Sting en sus 60 a\u00f1os y Chris Jericho en sus 50 a\u00f1os. Entonces s\u00ed, todav\u00eda es joven. Todav\u00eda le quedan unos buenos seis o siete a\u00f1os si se mantiene sano\u201d.\u00a0<\/span><\/span><\/p><\/blockquote>\n<p><iframe loading=\"lazy\" title=\"Kurt Angle breaks Randy Orton's ankle - SmackDown April 14, 2006\" src=\"https:\/\/www.youtube.com\/embed\/vRiNdTGuv4k\" width=\"562\" height=\"310\" frameborder=\"0\" allowfullscreen=\"allowfullscreen\"><span data-mce-type=\"bookmark\" style=\"display: inline-block; width: 0px; overflow: hidden; line-height: 0;\" class=\"mce_SELRES_start\">\ufeff<\/span><\/iframe><\/p>\n<h2><strong><span style=\"vertical-align: inherit;\"><span style=\"vertical-align: inherit;\">John Cena envi\u00f3 un mensaje a Randy Orton antes de Survivor Series: WarGames<\/span><\/span><\/strong><\/h2>\n<p><span style=\"vertical-align: inherit;\"><span style=\"vertical-align: inherit;\">Antes del regreso de Randy Orton, <a href=\"https:\/\/www.prwrestling.com\/nw\/tag\/john-cena\">John Cena<\/a> expres\u00f3 su gratitud a Orton y a OVW por sus humildes comienzos en el negocio de la lucha libre. Escribi\u00f3 una sentida publicaci\u00f3n en Twitter\/X y comparti\u00f3 un clip de su lucja hace dos d\u00e9cadas:<\/span><\/span><\/p>\n<blockquote><p><span style=\"vertical-align: inherit;\"><span style=\"vertical-align: inherit;\">&#8220;No puedo celebrar este d\u00eda sin agradecer a todas las personas que ayudaron y crecieron a lo largo del camino. Realmente agradecido por mi tiempo en OVW y @RandyOrton durante esos a\u00f1os. \u00a1Echa un vistazo a nuestra \u00faltima lucha en OVW! \u00a1Feliz d\u00eda de acci\u00f3n de gracias!&#8221;<\/span><\/span><\/p><\/blockquote>\n<p><span style=\"vertical-align: inherit;\"><span style=\"vertical-align: inherit;\">Puedes ver el clip de OVW que Cena comparti\u00f3 aqu\u00ed.<\/span><\/span><\/p>\n<blockquote class=\"twitter-tweet\">\n<p dir=\"ltr\" lang=\"en\">Cannot celebrate this day without being thankful for all the people who helped and grew along the way. Truly thankful for my time in OVW and <a href=\"https:\/\/twitter.com\/RandyOrton?ref_src=twsrc%5Etfw\" target=\"_blank\" rel=\"noopener\">@RandyOrton<\/a> during those years. Take a look back at our final match in OVW! Happy Thanksgiving! <a href=\"https:\/\/twitter.com\/tiktok_us?ref_src=twsrc%5Etfw\" target=\"_blank\" rel=\"noopener\">@tiktok_us<\/a> <a href=\"https:\/\/twitter.com\/WWE?ref_src=twsrc%5Etfw\" target=\"_blank\" rel=\"noopener\">@WWE<\/a> <a href=\"https:\/\/t.co\/LUVzXNOCA0\">pic.twitter.com\/LUVzXNOCA0<\/a><\/p>\n<p>\u2014 John Cena (@JohnCena) <a href=\"https:\/\/twitter.com\/JohnCena\/status\/1727701192233386140?ref_src=twsrc%5Etfw\" target=\"_blank\" rel=\"noopener\">November 23, 2023<\/a><\/p><\/blockquote>\n<p><script async src=\"https:\/\/platform.twitter.com\/widgets.js\" charset=\"utf-8\"><\/script><\/p>\n","protected":false},"excerpt":{"rendered":"<p>Despu\u00e9s de un a\u00f1o y medio, los fan\u00e1ticos ac\u00e9rrimos de Randy Orton pueden tomar un respiro con su regreso al ring en Survivor Series. Para muchos, el evento de Acci\u00f3n de Gracias tiene todo el sentido del mundo como lugar para verlo de vuelta.<\/p>\n","protected":false},"author":1,"featured_media":228208,"comment_status":"closed","ping_status":"closed","sticky":false,"template":"","format":"standard","meta":{"footnotes":""},"categories":[5,38],"tags":[],"class_list":["post-228185","post","type-post","status-publish","format-standard","has-post-thumbnail","category-noticias","category-noticias-y-rumores-de-la-wwe"],"_links":{"self":[{"href":"https:\/\/www.prwrestling.com\/nw\/wp-json\/wp\/v2\/posts\/228185","targetHints":{"allow":["GET"]}}],"collection":[{"href":"https:\/\/www.prwrestling.com\/nw\/wp-json\/wp\/v2\/posts"}],"about":[{"href":"https:\/\/www.prwrestling.com\/nw\/wp-json\/wp\/v2\/types\/post"}],"author":[{"embeddable":true,"href":"https:\/\/www.prwrestling.com\/nw\/wp-json\/wp\/v2\/users\/1"}],"replies":[{"embeddable":true,"href":"https:\/\/www.prwrestling.com\/nw\/wp-json\/wp\/v2\/comments?post=228185"}],"version-history":[{"count":5,"href":"https:\/\/www.prwrestling.com\/nw\/wp-json\/wp\/v2\/posts\/228185\/revisions"}],"predecessor-version":[{"id":228207,"href":"https:\/\/www.prwrestling.com\/nw\/wp-json\/wp\/v2\/posts\/228185\/revisions\/228207"}],"wp:featuredmedia":[{"embeddable":true,"href":"https:\/\/www.prwrestling.com\/nw\/wp-json\/wp\/v2\/media\/228208"}],"wp:attachment":[{"href":"https:\/\/www.prwrestling.com\/nw\/wp-json\/wp\/v2\/media?parent=228185"}],"wp:term":[{"taxonomy":"category","embeddable":true,"href":"https:\/\/www.prwrestling.com\/nw\/wp-json\/wp\/v2\/categories?post=228185"},{"taxonomy":"post_tag","embeddable":true,"href":"https:\/\/www.prwrestling.com\/nw\/wp-json\/wp\/v2\/tags?post=228185"}],"curies":[{"name":"wp","href":"https:\/\/api.w.org\/{rel}","templated":true}]}}