{"id":23020,"date":"2018-05-12T16:05:21","date_gmt":"2018-05-12T20:05:21","guid":{"rendered":"http:\/\/www.prwrestling.com\/nw\/?p=23020"},"modified":"2018-05-12T16:10:44","modified_gmt":"2018-05-12T20:10:44","slug":"fan-muestra-inmenso-tatuaje-strowman-de-su-persona","status":"publish","type":"post","link":"https:\/\/www.prwrestling.com\/nw\/fan-muestra-inmenso-tatuaje-strowman-de-su-persona\/","title":{"rendered":"Fan muestra inmenso tatuaje a Strowman de su persona"},"content":{"rendered":"<p><a href=\"http:\/\/www.prwrestling.com\/nw\/wp-content\/uploads\/2018\/05\/35e90c5956a7281f5ca89caebfa1f0ac.jpeg\"><img loading=\"lazy\" decoding=\"async\" class=\"aligncenter wp-image-22894\" src=\"http:\/\/www.prwrestling.com\/nw\/wp-content\/uploads\/2018\/05\/35e90c5956a7281f5ca89caebfa1f0ac-1024x576.jpeg\" alt=\"\" width=\"561\" height=\"316\" srcset=\"https:\/\/www.prwrestling.com\/nw\/wp-content\/uploads\/2018\/05\/35e90c5956a7281f5ca89caebfa1f0ac-1024x576.jpeg 1024w, https:\/\/www.prwrestling.com\/nw\/wp-content\/uploads\/2018\/05\/35e90c5956a7281f5ca89caebfa1f0ac-300x169.jpeg 300w, https:\/\/www.prwrestling.com\/nw\/wp-content\/uploads\/2018\/05\/35e90c5956a7281f5ca89caebfa1f0ac-768x432.jpeg 768w, https:\/\/www.prwrestling.com\/nw\/wp-content\/uploads\/2018\/05\/35e90c5956a7281f5ca89caebfa1f0ac.jpeg 1280w\" sizes=\"auto, (max-width: 561px) 100vw, 561px\" \/><\/a><\/p>\n<p>Mientras estaba en una presentaci\u00f3n y saludaba a los fans en Espa\u00f1a, un fan\u00e1tico de Braun Strowman mostr\u00f3 su tatuaje de pierna de la superestrella de la WWE. Strowman public\u00f3 una foto de ella en su Instagram<!--more-->:<\/p>\n<p><center><script type=\"text\/javascript\"><!-- google_ad_client = \"ca-pub-1244235910658811\"; \/* 300x250 derecha main page *\/ google_ad_slot = \"1988061967\"; google_ad_width = 300; google_ad_height = 250; \/\/--><\/script><script type=\"text\/javascript\" src=\"http:\/\/pagead2.googlesyndication.com\/pagead\/show_ads.js\">\n<\/script><\/center><\/p>\n<blockquote class=\"instagram-media\" style=\"background: #FFF; border: 0; border-radius: 3px; box-shadow: 0 0 1px 0 rgba(0,0,0,0.5),0 1px 10px 0 rgba(0,0,0,0.15); margin: 1px; max-width: 658px; padding: 0; width: calc(100% - 2px);\" data-instgrm-captioned=\"\" data-instgrm-permalink=\"https:\/\/www.instagram.com\/p\/Bir1JaHHXbf\/\" data-instgrm-version=\"8\">\n<div style=\"padding: 8px;\">\n<div style=\"background: #F8F8F8; line-height: 0; margin-top: 40px; padding: 50.0% 0; text-align: center; width: 100%;\"><\/div>\n<p style=\"margin: 8px 0 0 0; padding: 0 4px;\"><a style=\"color: #000; font-family: Arial,sans-serif; font-size: 14px; font-style: normal; font-weight: normal; line-height: 17px; text-decoration: none; word-wrap: break-word;\" href=\"https:\/\/www.instagram.com\/p\/Bir1JaHHXbf\/\" target=\"_blank\" rel=\"noopener\">Was doing the #wwe #vip #meetandgreet in #Zaragoza #Spain and a fan showed me this unbelievable #tattoo he had done of me on his quad. I\u2019m blow away and thankful all at the same time to be that big of an influence in someone\u2019s life. I never thought I would be able to touch peoples life\u2019s the way I have and will continue to do!!!!! #ThankYou #HowDoYouWantToBeRemembered<\/a><\/p>\n<p style=\"color: #c9c8cd; font-family: Arial,sans-serif; font-size: 14px; line-height: 17px; margin-bottom: 0; margin-top: 8px; overflow: hidden; padding: 8px 0 7px; text-align: center; text-overflow: ellipsis; white-space: nowrap;\">A post shared by <a style=\"color: #c9c8cd; font-family: Arial,sans-serif; font-size: 14px; font-style: normal; font-weight: normal; line-height: 17px;\" href=\"https:\/\/www.instagram.com\/adamscherr99\/\" target=\"_blank\" rel=\"noopener\"> Adam Scherr<\/a> (@adamscherr99) on <time style=\"font-family: Arial,sans-serif; font-size: 14px; line-height: 17px;\" datetime=\"2018-05-12T16:55:24+00:00\">May 12, 2018 at 9:55am PDT<\/time><\/p>\n<\/div>\n<\/blockquote>\n<p><script async defer src=\"\/\/www.instagram.com\/embed.js\"><\/script><\/p>\n<p>&#8220;Estaba haciendo el VIP Meet and Greet de la WWE en Zaragoza, Espa\u00f1a y un fan me mostr\u00f3 este incre\u00edble tatuaje que me hizo en su quad. Estoy asombrado y agradecido al mismo tiempo por ser tan influyente en la vida de alguien. \u00a1Nunca pens\u00e9 que ser\u00eda capaz de tocar la vida de las personas de la manera en que lo hice y lo seguir\u00e9 haciendo! &#8221;<\/p>\n<h3>WWE HACE ENCUESTA DE REVANCHA STYLES VS NAKAMURA<\/h3>\n<p>La \u00faltima encuesta de la WWE les pregunt\u00f3 a los fan\u00e1ticos: &#8220;\u00bfQu\u00e9 estipulaci\u00f3n deber\u00edan tener AJ Styles y Shinsuke Nakamura en una revancha?&#8221; Al escribir estas l\u00edneas los resultados son: Iron Man Match (31%), Last Man Standing Match (29%), Extreme Rules Match (20%), Ladder Match (16%) y Steel Cage Match (5%).<\/p>\n<p><center><script type=\"text\/javascript\"><!-- google_ad_client = \"ca-pub-1244235910658811\"; \/* 300x250 derecha main page *\/ google_ad_slot = \"1988061967\"; google_ad_width = 300; google_ad_height = 250; \/\/--><\/script><script type=\"text\/javascript\" src=\"http:\/\/pagead2.googlesyndication.com\/pagead\/show_ads.js\">\n<\/script><\/center><\/p>\n","protected":false},"excerpt":{"rendered":"<p>Mientras estaba en una presentaci\u00f3n y saludaba a los fans en Espa\u00f1a, un fan\u00e1tico de Braun Strowman mostr\u00f3 su tatuaje de pierna de la superestrella de la WWE. Strowman public\u00f3 una foto de ella en su Instagram<\/p>\n","protected":false},"author":3,"featured_media":22894,"comment_status":"closed","ping_status":"closed","sticky":false,"template":"","format":"standard","meta":{"footnotes":""},"categories":[5],"tags":[],"class_list":{"0":"post-23020","1":"post","2":"type-post","3":"status-publish","4":"format-standard","5":"has-post-thumbnail","7":"category-noticias"},"_links":{"self":[{"href":"https:\/\/www.prwrestling.com\/nw\/wp-json\/wp\/v2\/posts\/23020","targetHints":{"allow":["GET"]}}],"collection":[{"href":"https:\/\/www.prwrestling.com\/nw\/wp-json\/wp\/v2\/posts"}],"about":[{"href":"https:\/\/www.prwrestling.com\/nw\/wp-json\/wp\/v2\/types\/post"}],"author":[{"embeddable":true,"href":"https:\/\/www.prwrestling.com\/nw\/wp-json\/wp\/v2\/users\/3"}],"replies":[{"embeddable":true,"href":"https:\/\/www.prwrestling.com\/nw\/wp-json\/wp\/v2\/comments?post=23020"}],"version-history":[{"count":2,"href":"https:\/\/www.prwrestling.com\/nw\/wp-json\/wp\/v2\/posts\/23020\/revisions"}],"predecessor-version":[{"id":23032,"href":"https:\/\/www.prwrestling.com\/nw\/wp-json\/wp\/v2\/posts\/23020\/revisions\/23032"}],"wp:featuredmedia":[{"embeddable":true,"href":"https:\/\/www.prwrestling.com\/nw\/wp-json\/wp\/v2\/media\/22894"}],"wp:attachment":[{"href":"https:\/\/www.prwrestling.com\/nw\/wp-json\/wp\/v2\/media?parent=23020"}],"wp:term":[{"taxonomy":"category","embeddable":true,"href":"https:\/\/www.prwrestling.com\/nw\/wp-json\/wp\/v2\/categories?post=23020"},{"taxonomy":"post_tag","embeddable":true,"href":"https:\/\/www.prwrestling.com\/nw\/wp-json\/wp\/v2\/tags?post=23020"}],"curies":[{"name":"wp","href":"https:\/\/api.w.org\/{rel}","templated":true}]}}