{"id":232875,"date":"2023-12-13T16:42:27","date_gmt":"2023-12-13T21:42:27","guid":{"rendered":"https:\/\/www.prwrestling.com\/nw\/?p=232875"},"modified":"2023-12-13T16:42:27","modified_gmt":"2023-12-13T21:42:27","slug":"seth-rollins-no-sera-campeon-en-royal-rumble-2024-afirma-ex-campeon-de-la-wwe","status":"publish","type":"post","link":"https:\/\/www.prwrestling.com\/nw\/seth-rollins-no-sera-campeon-en-royal-rumble-2024-afirma-ex-campeon-de-la-wwe\/","title":{"rendered":"Seth Rollins no ser\u00e1 campe\u00f3n en Royal Rumble 2024, afirma ex campe\u00f3n de la WWE"},"content":{"rendered":"<p><span style=\"vertical-align: inherit;\"><span style=\"vertical-align: inherit;\">El campe\u00f3n mundial de peso pesado <\/span><\/span><a href=\"https:\/\/www.prwrestling.com\/nw\/tag\/seth-rollins\"><span style=\"vertical-align: inherit;\"><span style=\"vertical-align: inherit;\">Seth Rollins<\/span><\/span><\/a><span style=\"vertical-align: inherit;\"><span style=\"vertical-align: inherit;\"> est\u00e1 destinado a enfrentarse a CM Punk en un futuro no muy lejano en un evento importante de la WWE, evidentemente. Sin embargo, \u00bfse eliminar\u00e1 el t\u00edtulo de la imagen?<\/span><\/span><!--more--><div id=\"ad-slot\" style=\"min-width: 300px; min-height: 250px;\">\r\n<p style=\"text-align: center;\">\r\n<!-- Site name: prwrestling.com\r\nZone name: prwrestling.com_banner_300x250\r\nZone id: 2109741734\r\nType: banner\r\nFormat: 300x250\r\n --> \r\n\r\n<!-- Copy and paste this code on the page. -->\r\n<div id='zone_2109741734' ><\/div>\r\n<script>\r\n    (function(w,d,o,g,r,a,m){\r\n        var cid='zone_2109741734';\r\n        w[r]=w[r]||function(){(w[r+'l']=w[r+'l']||[]).push(arguments)};\r\n        function e(b,w,r){if((w[r+'h']=b.pop())&&!w.ABN){\r\n            var a=d.createElement(o),p=d.getElementsByTagName(o)[0];a.async=1;\r\n            a.src='https:\/\/cdn.'+w[r+'h']+'\/libs\/e.js';a.onerror=function(){e(g,w,r)};\r\n            p.parentNode.insertBefore(a,p)}}e(g,w,r);\r\n        w[r](cid,{id:2109741734,domain:w[r+'h']});\r\n    })(window,document,'script',['traffmovie.com'],'ABNS');\r\n<\/script>\r\n\r\n<!--\r\nWhen setting the zone code, make sure:\r\n  - you have provided all domains from which the area code will be called\r\n  - the site does not limit the loading in the Content Security Policy\r\n  - the area code is installed in the ad space inside the page\r\n  - site layout allows you to display the banner on mobile devices in full size\r\nUse data-cp1={customParam1} data-cp2={customParam2}... attributes for sending custom params\r\n-->\r\n<\/p><\/div><\/p>\n<p><span style=\"vertical-align: inherit;\"><span style=\"vertical-align: inherit;\">Drew McIntyre hizo algunos comentarios sorprendentes recientemente. Se anunci\u00f3 una pelea entre \u00e9l y Rollins para el episodio del D\u00eda 1 de RAW en 2024, que ya ha generado una intriga masiva.<\/span><\/span><\/p>\n<p><span style=\"vertical-align: inherit;\"><span style=\"vertical-align: inherit;\">En <\/span><\/span><em><span style=\"vertical-align: inherit;\"><span style=\"vertical-align: inherit;\">The Bump de WWE, <\/span><\/span><\/em><span style=\"vertical-align: inherit;\"><span style=\"vertical-align: inherit;\">McIntyre se\u00f1al\u00f3 c\u00f3mo a tipos como <\/span><\/span><a href=\"https:\/\/www.prwrestling.com\/nw\/tag\/cody-rhodes\"><span style=\"vertical-align: inherit;\"><span style=\"vertical-align: inherit;\">Cody Rhodes<\/span><\/span><\/a><span style=\"vertical-align: inherit;\"><span style=\"vertical-align: inherit;\"> y CM Punk todav\u00eda est\u00e1n tratando de terminar su historia de cerrar WrestleMania y, en el proceso, ganar un t\u00edtulo mundial. Por otra parte, ya lo ha hecho.\u00a0<\/span><\/span><\/p>\n<div id=\"ad-slot\" style=\"min-width: 300px; min-height: 250px;\"><p style=\"text-align: center;\">\r\n<script async src=\"https:\/\/pagead2.googlesyndication.com\/pagead\/js\/adsbygoogle.js\"><\/script>\r\n<!-- Responsive sc c -->\r\n<ins class=\"adsbygoogle\"\r\n     style=\"display:block\"\r\n     data-ad-client=\"ca-pub-1244235910658811\"\r\n     data-ad-slot=\"4234005358\"\r\n     data-ad-format=\"auto\"\r\n     data-full-width-responsive=\"true\"><\/ins>\r\n<script>\r\n     (adsbygoogle = window.adsbygoogle || []).push({});\r\n<\/script><\/p><\/div>\n<blockquote><p><span style=\"vertical-align: inherit;\"><span style=\"vertical-align: inherit;\">&#8220;Lo que sea necesario para hacer el trabajo. No me detendr\u00e9 ante nada para ganar ese t\u00edtulo mundial\u201d, afirm\u00f3 enf\u00e1ticamente. &#8220;Todos en la WWE [Cody Rhodes y CM Punk fueron nombrados] deber\u00edan tener la misma historia para terminar. Evento estelar WrestleMania, gana el t\u00edtulo mundial. Yo lo he hecho.&#8221;<\/span><\/span><\/p><\/blockquote>\n<p><span style=\"vertical-align: inherit;\"><span style=\"vertical-align: inherit;\">El ex Campe\u00f3n WWE continu\u00f3:<\/span><\/span><\/p>\n<blockquote><p><span style=\"vertical-align: inherit;\"><span style=\"vertical-align: inherit;\">&#8220;He terminado esa versi\u00f3n de su historia. Estoy concentrado en mi versi\u00f3n de la pr\u00f3xima historia. Mi historia es ganar finalmente el t\u00edtulo mundial con gente entre la multitud. Sabiendo lo que s\u00e9 ahora para ser el campe\u00f3n que puedo ser en RAW, y estar\u00eda seguro de que har\u00eda lo que fuera necesario\u201d.<\/span><\/span><\/p><\/blockquote>\n<p><iframe loading=\"lazy\" title=\"Drew McIntyre and Mick Foley: WWE\u2019s The Bump, Dec. 13, 2023\" src=\"https:\/\/www.youtube.com\/embed\/YTAwB3kz15E\" width=\"553\" height=\"310\" frameborder=\"0\" allowfullscreen=\"allowfullscreen\"><span data-mce-type=\"bookmark\" style=\"display: inline-block; width: 0px; overflow: hidden; line-height: 0;\" class=\"mce_SELRES_start\">\ufeff<\/span><\/iframe><br \/>\n<a href=\"https:\/\/www.prwrestling.com\/nw\/tag\/cody-rhodes\" target=\"_blank\" rel=\"noopener noreferrer\" data-is-sponsored=\"false\"><span style=\"vertical-align: inherit;\"><span style=\"vertical-align: inherit;\">Drew McIntyre<\/span><\/span><\/a><span style=\"vertical-align: inherit;\"><span style=\"vertical-align: inherit;\"> tambi\u00e9n habl\u00f3 sobre su primera oportunidad contra Rollins en Crown Jewel en Arabia Saudita. Siente que es la compasi\u00f3n que mostr\u00f3 hacia El Visionario lo que lo puso en el lado perdedor del espectro.\u00a0<\/span><\/span><\/p>\n<h2><span style=\"vertical-align: inherit;\"><span style=\"vertical-align: inherit;\">La gente prefiera a CM Punk sobre Rollins, dice miembro del Sal\u00f3n de la Fama de la WWE<\/span><\/span><\/h2>\n<p><span style=\"vertical-align: inherit;\"><span style=\"vertical-align: inherit;\">David LaGreca y Bully Ray afirmaron en un episodio del <\/span><\/span><em><a href=\"https:\/\/www.sportskeeda.com\/wwe\/news-the-world-loves-good-f-ck-up-wwe-hall-famer-blasts-fickle-fans-turning-current-champion-favor-cm-punk\" target=\"_blank\" rel=\"noopener noreferrer\" data-is-sponsored=\"false\"><span style=\"vertical-align: inherit;\"><span style=\"vertical-align: inherit;\">Busted Open Podcast<\/span><\/span><\/a><\/em><span style=\"vertical-align: inherit;\"><span style=\"vertical-align: inherit;\"> que los fan\u00e1ticos son volubles al haber atacado a Seth Rollins. Si bien la promoci\u00f3n m\u00e1s reciente de este \u00faltimo en RAW, que desdibuj\u00f3 las l\u00edneas de la historia y sus problemas en la vida real con CM Punk, fue bien recibida, parece que Punk es ligeramente m\u00e1s favorecido por las masas.<\/span><\/span><\/p>\n<blockquote><p><em><span style=\"vertical-align: inherit;\"><span style=\"vertical-align: inherit;\">&#8220;El punk tambi\u00e9n tiene un factor cool. \u00bfSeth Rollins? Seth Rollins es un luchador fenomenal que durante el \u00faltimo a\u00f1o opt\u00f3 por usar ropa extravagante. Ropa escandalosa. Hablando de esta manera escandalosa. Es una especie de extensi\u00f3n de personaje. \u00bfImaginas que CM Punk pone esta bala en su rec\u00e1mara y aprieta el gatillo? Hola Seth, cantan tu canci\u00f3n, pero cantan mi nombre. Eso es todo lo que necesita decir.&#8221;<\/span><\/span><\/em><\/p><\/blockquote>\n<p><a href=\"https:\/\/www.prwrestling.com\/nw\/tag\/cm-punk\" target=\"_blank\" rel=\"noopener noreferrer\" data-is-sponsored=\"false\"><span style=\"vertical-align: inherit;\"><span style=\"vertical-align: inherit;\">CM Punk<\/span><\/span><\/a><span style=\"vertical-align: inherit;\"><span style=\"vertical-align: inherit;\"> puede ser el mayor desaf\u00edo de Seth hasta la fecha. La naturaleza de alto perfil de su enemistad ha colocado instant\u00e1neamente a su futura pelea como favorita para el evento estelar de cualquier evento importante de la WWE, especialmente WrestleMania.<\/span><\/span><\/p>\n<p>&nbsp;<\/p>\n<p>&nbsp;<\/p>\n","protected":false},"excerpt":{"rendered":"<p>El campe\u00f3n mundial de peso pesado Seth Rollins est\u00e1 destinado a enfrentarse a CM Punk en un futuro no muy lejano en un evento importante de la WWE, evidentemente. Sin embargo, \u00bfse eliminar\u00e1 el t\u00edtulo de la imagen?<\/p>\n","protected":false},"author":1,"featured_media":232884,"comment_status":"closed","ping_status":"closed","sticky":false,"template":"","format":"standard","meta":{"footnotes":""},"categories":[5,38],"tags":[],"class_list":["post-232875","post","type-post","status-publish","format-standard","has-post-thumbnail","category-noticias","category-noticias-y-rumores-de-la-wwe"],"_links":{"self":[{"href":"https:\/\/www.prwrestling.com\/nw\/wp-json\/wp\/v2\/posts\/232875","targetHints":{"allow":["GET"]}}],"collection":[{"href":"https:\/\/www.prwrestling.com\/nw\/wp-json\/wp\/v2\/posts"}],"about":[{"href":"https:\/\/www.prwrestling.com\/nw\/wp-json\/wp\/v2\/types\/post"}],"author":[{"embeddable":true,"href":"https:\/\/www.prwrestling.com\/nw\/wp-json\/wp\/v2\/users\/1"}],"replies":[{"embeddable":true,"href":"https:\/\/www.prwrestling.com\/nw\/wp-json\/wp\/v2\/comments?post=232875"}],"version-history":[{"count":3,"href":"https:\/\/www.prwrestling.com\/nw\/wp-json\/wp\/v2\/posts\/232875\/revisions"}],"predecessor-version":[{"id":232885,"href":"https:\/\/www.prwrestling.com\/nw\/wp-json\/wp\/v2\/posts\/232875\/revisions\/232885"}],"wp:featuredmedia":[{"embeddable":true,"href":"https:\/\/www.prwrestling.com\/nw\/wp-json\/wp\/v2\/media\/232884"}],"wp:attachment":[{"href":"https:\/\/www.prwrestling.com\/nw\/wp-json\/wp\/v2\/media?parent=232875"}],"wp:term":[{"taxonomy":"category","embeddable":true,"href":"https:\/\/www.prwrestling.com\/nw\/wp-json\/wp\/v2\/categories?post=232875"},{"taxonomy":"post_tag","embeddable":true,"href":"https:\/\/www.prwrestling.com\/nw\/wp-json\/wp\/v2\/tags?post=232875"}],"curies":[{"name":"wp","href":"https:\/\/api.w.org\/{rel}","templated":true}]}}