{"id":233312,"date":"2023-12-15T10:35:33","date_gmt":"2023-12-15T15:35:33","guid":{"rendered":"https:\/\/www.prwrestling.com\/nw\/?p=233312"},"modified":"2023-12-15T10:35:33","modified_gmt":"2023-12-15T15:35:33","slug":"matt-hardy-revela-como-vince-mcmahon-fue-convencido-para-que-utilice-su-personaje-broken-en-wwe","status":"publish","type":"post","link":"https:\/\/www.prwrestling.com\/nw\/matt-hardy-revela-como-vince-mcmahon-fue-convencido-para-que-utilice-su-personaje-broken-en-wwe\/","title":{"rendered":"Matt Hardy revela c\u00f3mo Vince McMahon fue convencido para que utilice su personaje &#8220;Broken&#8221; en WWE"},"content":{"rendered":"<p><span style=\"vertical-align: inherit;\"><span style=\"vertical-align: inherit;\">En el \u00faltimo episodio del podcast \u201c<\/span><\/span><a href=\"https:\/\/podcasts.apple.com\/us\/podcast\/the-extreme-life-of-matt-hardy\/id1602252129\" target=\"_blank\" rel=\"noopener\"><span style=\"vertical-align: inherit;\"><span style=\"vertical-align: inherit;\">Extreme Life of Matt Hardy<\/span><\/span><\/a><span style=\"vertical-align: inherit;\"><span style=\"vertical-align: inherit;\">\u201d, la estrella de AEW discuti\u00f3 una amplia gama de temas.\u00a0<\/span><\/span><!--more--><div id=\"ad-slot\" style=\"min-width: 300px; min-height: 250px;\">\r\n<p style=\"text-align: center;\">\r\n<!-- Site name: prwrestling.com\r\nZone name: prwrestling.com_banner_300x250\r\nZone id: 2109741734\r\nType: banner\r\nFormat: 300x250\r\n --> \r\n\r\n<!-- Copy and paste this code on the page. -->\r\n<div id='zone_2109741734' ><\/div>\r\n<script>\r\n    (function(w,d,o,g,r,a,m){\r\n        var cid='zone_2109741734';\r\n        w[r]=w[r]||function(){(w[r+'l']=w[r+'l']||[]).push(arguments)};\r\n        function e(b,w,r){if((w[r+'h']=b.pop())&&!w.ABN){\r\n            var a=d.createElement(o),p=d.getElementsByTagName(o)[0];a.async=1;\r\n            a.src='https:\/\/cdn.'+w[r+'h']+'\/libs\/e.js';a.onerror=function(){e(g,w,r)};\r\n            p.parentNode.insertBefore(a,p)}}e(g,w,r);\r\n        w[r](cid,{id:2109741734,domain:w[r+'h']});\r\n    })(window,document,'script',['traffmovie.com'],'ABNS');\r\n<\/script>\r\n\r\n<!--\r\nWhen setting the zone code, make sure:\r\n  - you have provided all domains from which the area code will be called\r\n  - the site does not limit the loading in the Content Security Policy\r\n  - the area code is installed in the ad space inside the page\r\n  - site layout allows you to display the banner on mobile devices in full size\r\nUse data-cp1={customParam1} data-cp2={customParam2}... attributes for sending custom params\r\n-->\r\n<\/p><\/div><\/p>\n<p><span style=\"vertical-align: inherit;\"><span style=\"vertical-align: inherit;\">Durante el mismo, Hardy habl\u00f3 sobre el cambio de opini\u00f3n de Vince McMahon con respecto al personaje &#8220;Broken&#8221; de Hardy, del cual McMahon no era fan.\u00a0<\/span><\/span><\/p>\n<blockquote><p><i><span style=\"vertical-align: inherit;\"><span style=\"vertical-align: inherit;\">\u201cRecuerdo haber hablado con Triple H y me dijo: \u2018Tal vez podr\u00edamos hacer una buena corrida de Hardy Boyz, una especie de retroceso a los Hardy Boyz originales de la WWE y luego tal vez podamos luego entrar en el Broken Matt Hardy en un momento. Y luego Vince [McMahon] dice: &#8220;Est\u00e1n de vuelta en la WWE, son los Hardy Boyz&#8221;.<\/span><\/span><\/i><\/p>\n<p><i><span style=\"vertical-align: inherit;\"><span style=\"vertical-align: inherit;\">Y luego, cada vez que hac\u00eda Woken Matt Hardy, la versi\u00f3n de la WWE. Es muy divertido porque nos sentamos, hablamos durante 30 minutos sobre cu\u00e1l era el personaje o lo que sea. \u00c9l dijo: &#8220;Bueno, delete, delete, delete, no detendr\u00e1n esa mi#rda&#8221;. Supongo que tenemos que d\u00e1rselo\u201d. As\u00ed que eso se convirti\u00f3 en parte de lo que soy ahora\u201d.<\/span><\/span><\/i><\/p><\/blockquote>\n","protected":false},"excerpt":{"rendered":"<p>En el \u00faltimo episodio del podcast \u201cExtreme Life of Matt Hardy\u201d, la estrella de AEW discuti\u00f3 una amplia gama de temas.\u00a0<\/p>\n","protected":false},"author":1,"featured_media":171260,"comment_status":"closed","ping_status":"closed","sticky":false,"template":"","format":"standard","meta":{"footnotes":""},"categories":[5,38],"tags":[1908],"class_list":["post-233312","post","type-post","status-publish","format-standard","has-post-thumbnail","category-noticias","category-noticias-y-rumores-de-la-wwe","tag-matt-hardy"],"_links":{"self":[{"href":"https:\/\/www.prwrestling.com\/nw\/wp-json\/wp\/v2\/posts\/233312","targetHints":{"allow":["GET"]}}],"collection":[{"href":"https:\/\/www.prwrestling.com\/nw\/wp-json\/wp\/v2\/posts"}],"about":[{"href":"https:\/\/www.prwrestling.com\/nw\/wp-json\/wp\/v2\/types\/post"}],"author":[{"embeddable":true,"href":"https:\/\/www.prwrestling.com\/nw\/wp-json\/wp\/v2\/users\/1"}],"replies":[{"embeddable":true,"href":"https:\/\/www.prwrestling.com\/nw\/wp-json\/wp\/v2\/comments?post=233312"}],"version-history":[{"count":3,"href":"https:\/\/www.prwrestling.com\/nw\/wp-json\/wp\/v2\/posts\/233312\/revisions"}],"predecessor-version":[{"id":233333,"href":"https:\/\/www.prwrestling.com\/nw\/wp-json\/wp\/v2\/posts\/233312\/revisions\/233333"}],"wp:featuredmedia":[{"embeddable":true,"href":"https:\/\/www.prwrestling.com\/nw\/wp-json\/wp\/v2\/media\/171260"}],"wp:attachment":[{"href":"https:\/\/www.prwrestling.com\/nw\/wp-json\/wp\/v2\/media?parent=233312"}],"wp:term":[{"taxonomy":"category","embeddable":true,"href":"https:\/\/www.prwrestling.com\/nw\/wp-json\/wp\/v2\/categories?post=233312"},{"taxonomy":"post_tag","embeddable":true,"href":"https:\/\/www.prwrestling.com\/nw\/wp-json\/wp\/v2\/tags?post=233312"}],"curies":[{"name":"wp","href":"https:\/\/api.w.org\/{rel}","templated":true}]}}