{"id":235042,"date":"2023-12-21T14:50:32","date_gmt":"2023-12-21T19:50:32","guid":{"rendered":"https:\/\/www.prwrestling.com\/nw\/?p=235042"},"modified":"2023-12-21T14:50:32","modified_gmt":"2023-12-21T19:50:32","slug":"ex-estrella-de-la-wwe-mustafa-ali-anuncia-gira-mundial","status":"publish","type":"post","link":"https:\/\/www.prwrestling.com\/nw\/ex-estrella-de-la-wwe-mustafa-ali-anuncia-gira-mundial\/","title":{"rendered":"Ex estrella de la WWE Mustafa Ali anuncia &#8220;gira mundial&#8221;"},"content":{"rendered":"<p><span style=\"vertical-align: inherit;\"><span style=\"vertical-align: inherit;\">Mustafa Ali est\u00e1 a punto de emprender una gira mundial.<\/span><\/span><!--more--><div id=\"ad-slot\" style=\"min-width: 300px; min-height: 250px;\">\r\n<p style=\"text-align: center;\">\r\n<script async src=\"https:\/\/pagead2.googlesyndication.com\/pagead\/js\/adsbygoogle.js\"><\/script>\r\n<!-- 300x250 sc a -->\r\n<ins class=\"adsbygoogle\"\r\n     style=\"display:inline-block;width:300px;height:250px\"\r\n     data-ad-client=\"ca-pub-1244235910658811\"\r\n     data-ad-slot=\"8592682546\"><\/ins>\r\n<script>\r\n     (adsbygoogle = window.adsbygoogle || []).push({});\r\n<\/script><\/center>\r\n<\/p><\/div><\/p>\n<p><span style=\"vertical-align: inherit;\"><span style=\"vertical-align: inherit;\"><a href=\"https:\/\/www.prwrestling.com\/nw\/dolph-ziggler-mustafa-ali-y-matt-riddle-a-unirse-pronto-a-famosa-empresa-de-lucha-libre-analizando-las-posibilidades\/\">El per\u00edodo de no competencia de Ali con WWE expir\u00f3 hoy<\/a> y varias promociones lo han anunciado para pr\u00f3ximos eventos.<\/span><\/span><\/p>\n<p><span style=\"vertical-align: inherit;\"><span style=\"vertical-align: inherit;\">Ali adelant\u00f3 sus pr\u00f3ximos pasos en una publicaci\u00f3n en las redes sociales la semana pasada.<\/span><\/span><\/p>\n<p><span style=\"vertical-align: inherit;\"><span style=\"vertical-align: inherit;\">Despu\u00e9s de que el reloj marcara las 12:21 p.m. Hoy, hora del Este, Prestige, GCW y muchas m\u00e1s compa\u00f1\u00edas revelaron que Ali ha sido contratado para eventos futuros.<\/span><\/span><\/p>\n<div id=\"ad-slot\" style=\"min-width: 300px; min-height: 250px;\"><p style=\"text-align: center;\">\r\n<script async src=\"https:\/\/pagead2.googlesyndication.com\/pagead\/js\/adsbygoogle.js\"><\/script>\r\n<!-- Responsive sc c -->\r\n<ins class=\"adsbygoogle\"\r\n     style=\"display:block\"\r\n     data-ad-client=\"ca-pub-1244235910658811\"\r\n     data-ad-slot=\"4234005358\"\r\n     data-ad-format=\"auto\"\r\n     data-full-width-responsive=\"true\"><\/ins>\r\n<script>\r\n     (adsbygoogle = window.adsbygoogle || []).push({});\r\n<\/script><\/p><\/div>\n<p><span style=\"vertical-align: inherit;\"><span style=\"vertical-align: inherit;\">GCW ha anunciado<\/span><\/span><a href=\"https:\/\/twitter.com\/gcwrestling_\/status\/1737886133994856850?s=12&amp;t=E2b6xqvnG_5hcgvrlWlZfQ\" rel=\"nofollow noopener\" target=\"_blank\"><span style=\"vertical-align: inherit;\"><span style=\"vertical-align: inherit;\">\u00a0<\/span><\/span><\/a><span style=\"vertical-align: inherit;\"><span style=\"vertical-align: inherit;\">Ali vs. Gringo Loco para su show del 19 de enero.<\/span><\/span><\/p>\n<p><span style=\"vertical-align: inherit;\"><span style=\"vertical-align: inherit;\">Tres promociones canadienses anunciaron a Ali para los eventos del pr\u00f3ximo mes. Ali luchar\u00e1 en Toronto para <\/span><\/span><a href=\"https:\/\/twitter.com\/DemandLucha\/status\/1737887292788760760\" rel=\"nofollow noopener\" target=\"_blank\"><span style=\"vertical-align: inherit;\"><span style=\"vertical-align: inherit;\"> Demand Lucha <\/span><\/span><\/a><span style=\"vertical-align: inherit;\"><span style=\"vertical-align: inherit;\"> el 18 de enero, en Ottawa para <\/span><\/span><a href=\"https:\/\/twitter.com\/C4Wrestling\/status\/1737886398370263282\" rel=\"nofollow noopener\" target=\"_blank\"><span style=\"vertical-align: inherit;\"><span style=\"vertical-align: inherit;\">el 19 de enero y en la ciudad de Quebec para <\/span><\/span><\/a><a href=\"https:\/\/twitter.com\/NSPW\/status\/1737890516811800669\" rel=\"nofollow noopener\" target=\"_blank\"><span style=\"vertical-align: inherit;\"><span style=\"vertical-align: inherit;\"> NSPW <\/span><\/span><\/a><span style=\"vertical-align: inherit;\"><span style=\"vertical-align: inherit;\"> el 20 de enero.<\/span><\/span><\/p>\n<p><span style=\"vertical-align: inherit;\"><span style=\"vertical-align: inherit;\">Progress Wrestling <\/span><\/span><a href=\"https:\/\/twitter.com\/ThisIs_Progress\/status\/1737886153317941403\" rel=\"nofollow noopener\" target=\"_blank\"><span style=\"vertical-align: inherit;\"><span style=\"vertical-align: inherit;\"> revel\u00f3 <\/span><\/span><\/a><span style=\"vertical-align: inherit;\"><span style=\"vertical-align: inherit;\"> hoy que Ali estar\u00e1 en su programa del 28 de enero desde Londres en lo que se anuncia como su debut independiente en el Reino Unido.<\/span><\/span><\/p>\n<p><span style=\"vertical-align: inherit;\"><span style=\"vertical-align: inherit;\">DEFY <\/span><\/span><a href=\"https:\/\/twitter.com\/defyNW\/status\/1737888239866818807\" rel=\"nofollow noopener\" target=\"_blank\"><span style=\"vertical-align: inherit;\"><span style=\"vertical-align: inherit;\"> anunci\u00f3 <\/span><\/span><\/a><span style=\"vertical-align: inherit;\"><span style=\"vertical-align: inherit;\"> Ali para su show del s\u00e9ptimo aniversario el 9 de febrero en Seattle.<\/span><\/span><\/p>\n<p><span style=\"vertical-align: inherit;\"><span style=\"vertical-align: inherit;\">Prestige Wrestling <\/span><\/span><a href=\"https:\/\/twitter.com\/WrestlePrestige\/status\/1737885961332392206?s=20\" rel=\"nofollow noopener\" target=\"_blank\"><span style=\"vertical-align: inherit;\"><span style=\"vertical-align: inherit;\"> public\u00f3 <\/span><\/span><\/a><span style=\"vertical-align: inherit;\"><span style=\"vertical-align: inherit;\"> que Ali luchar\u00e1 contra Mike Bailey en su evento el 25 de febrero en Hollywood.<\/span><\/span><\/p>\n<blockquote class=\"twitter-tweet\">\n<p dir=\"ltr\" lang=\"en\">&#x1f6a8; MATCH ANNOUNCEMENT &#x1f6a8;<\/p>\n<p>***FIRST TIME EVER**<\/p>\n<p>\u201cSPEEDBALL\u201d MIKE BAILEY<\/p>\n<p>&#x1f19a;<\/p>\n<p>MUSTAFA ALI<a href=\"https:\/\/twitter.com\/hashtag\/MustafaAli2024?src=hash&amp;ref_src=twsrc%5Etfw\" target=\"_blank\" rel=\"noopener\">#MustafaAli2024<\/a><\/p>\n<p>+ Tiger Mask, Jordynne Grace, Mascara Dorada &amp; more!<\/p>\n<p>Feb. 25th, 2024<br \/>\nLos Angeles, CA<br \/>\nVermont Hollywood<br \/>\nAll Ages<\/p>\n<p>Live on IWTV at 7 PM pacific!<\/p>\n<p>&#x1f39f; <a href=\"https:\/\/t.co\/923RtPRI1t\">https:\/\/t.co\/923RtPRI1t<\/a> <a href=\"https:\/\/t.co\/328mRORKKq\">pic.twitter.com\/328mRORKKq<\/a><\/p>\n<p>\u2014 Prestige Wrestling (@WrestlePrestige) <a href=\"https:\/\/twitter.com\/WrestlePrestige\/status\/1737885961332392206?ref_src=twsrc%5Etfw\" target=\"_blank\" rel=\"noopener\">December 21, 2023<\/a><\/p><\/blockquote>\n<p><script async src=\"https:\/\/platform.twitter.com\/widgets.js\" charset=\"utf-8\"><\/script><br \/>\n<span style=\"vertical-align: inherit;\"><span style=\"vertical-align: inherit;\">Ali tambi\u00e9n ha sido <\/span><\/span><a href=\"https:\/\/twitter.com\/WarriorWrstlng\/status\/1737888318967210374\" rel=\"nofollow noopener\" target=\"_blank\"><span style=\"vertical-align: inherit;\"><span style=\"vertical-align: inherit;\"> anunciado <\/span><\/span><\/a><span style=\"vertical-align: inherit;\"><span style=\"vertical-align: inherit;\"> por &#8220;Trouble Brewing&#8221; en Chicago el 1 de marzo. El evento est\u00e1 siendo promovido por la gente detr\u00e1s de Warrior Wrestling.<\/span><\/span><\/p>\n<p><span style=\"vertical-align: inherit;\"><span style=\"vertical-align: inherit;\">Destiny Wrestling <\/span><\/span><a href=\"https:\/\/twitter.com\/DestinyWrestle\/status\/1737888037684588634\" rel=\"nofollow noopener\" target=\"_blank\"><span style=\"vertical-align: inherit;\"><span style=\"vertical-align: inherit;\"> traer\u00e1 a Ali <\/span><\/span><\/a><span style=\"vertical-align: inherit;\"><span style=\"vertical-align: inherit;\"> para su show del 3 de marzo en el Don Kolov Arena en Mississauga, Ontario<\/span><\/span><\/p>\n","protected":false},"excerpt":{"rendered":"<p>Mustafa Ali est\u00e1 a punto de emprender una gira mundial.<\/p>\n","protected":false},"author":1,"featured_media":235055,"comment_status":"closed","ping_status":"closed","sticky":false,"template":"","format":"standard","meta":{"footnotes":""},"categories":[5,38],"tags":[],"class_list":{"0":"post-235042","1":"post","2":"type-post","3":"status-publish","4":"format-standard","5":"has-post-thumbnail","7":"category-noticias","8":"category-noticias-y-rumores-de-la-wwe"},"_links":{"self":[{"href":"https:\/\/www.prwrestling.com\/nw\/wp-json\/wp\/v2\/posts\/235042","targetHints":{"allow":["GET"]}}],"collection":[{"href":"https:\/\/www.prwrestling.com\/nw\/wp-json\/wp\/v2\/posts"}],"about":[{"href":"https:\/\/www.prwrestling.com\/nw\/wp-json\/wp\/v2\/types\/post"}],"author":[{"embeddable":true,"href":"https:\/\/www.prwrestling.com\/nw\/wp-json\/wp\/v2\/users\/1"}],"replies":[{"embeddable":true,"href":"https:\/\/www.prwrestling.com\/nw\/wp-json\/wp\/v2\/comments?post=235042"}],"version-history":[{"count":3,"href":"https:\/\/www.prwrestling.com\/nw\/wp-json\/wp\/v2\/posts\/235042\/revisions"}],"predecessor-version":[{"id":235056,"href":"https:\/\/www.prwrestling.com\/nw\/wp-json\/wp\/v2\/posts\/235042\/revisions\/235056"}],"wp:featuredmedia":[{"embeddable":true,"href":"https:\/\/www.prwrestling.com\/nw\/wp-json\/wp\/v2\/media\/235055"}],"wp:attachment":[{"href":"https:\/\/www.prwrestling.com\/nw\/wp-json\/wp\/v2\/media?parent=235042"}],"wp:term":[{"taxonomy":"category","embeddable":true,"href":"https:\/\/www.prwrestling.com\/nw\/wp-json\/wp\/v2\/categories?post=235042"},{"taxonomy":"post_tag","embeddable":true,"href":"https:\/\/www.prwrestling.com\/nw\/wp-json\/wp\/v2\/tags?post=235042"}],"curies":[{"name":"wp","href":"https:\/\/api.w.org\/{rel}","templated":true}]}}