{"id":236717,"date":"2023-12-28T15:52:41","date_gmt":"2023-12-28T20:52:41","guid":{"rendered":"https:\/\/www.prwrestling.com\/nw\/?p=236717"},"modified":"2024-03-12T23:05:17","modified_gmt":"2024-03-13T03:05:17","slug":"shawn-spears-anuncia-salida-de-aew","status":"publish","type":"post","link":"https:\/\/www.prwrestling.com\/nw\/shawn-spears-anuncia-salida-de-aew\/","title":{"rendered":"Shawn Spears anuncia salida de AEW"},"content":{"rendered":"<p><span style=\"vertical-align: inherit;\"><span style=\"vertical-align: inherit;\">Shawn Spears ya no est\u00e1 en All Elite Wrestling.<\/span><\/span><!--more--><div id=\"ad-slot\" style=\"min-width: 300px; min-height: 250px;\">\r\n<p style=\"text-align: center;\">\r\n<!-- Site name: prwrestling.com\r\nZone name: prwrestling.com_banner_300x250\r\nZone id: 2109741734\r\nType: banner\r\nFormat: 300x250\r\n --> \r\n\r\n<!-- Copy and paste this code on the page. -->\r\n<div id='zone_2109741734' ><\/div>\r\n<script>\r\n    (function(w,d,o,g,r,a,m){\r\n        var cid='zone_2109741734';\r\n        w[r]=w[r]||function(){(w[r+'l']=w[r+'l']||[]).push(arguments)};\r\n        function e(b,w,r){if((w[r+'h']=b.pop())&&!w.ABN){\r\n            var a=d.createElement(o),p=d.getElementsByTagName(o)[0];a.async=1;\r\n            a.src='https:\/\/cdn.'+w[r+'h']+'\/libs\/e.js';a.onerror=function(){e(g,w,r)};\r\n            p.parentNode.insertBefore(a,p)}}e(g,w,r);\r\n        w[r](cid,{id:2109741734,domain:w[r+'h']});\r\n    })(window,document,'script',['traffmovie.com'],'ABNS');\r\n<\/script>\r\n\r\n<!--\r\nWhen setting the zone code, make sure:\r\n  - you have provided all domains from which the area code will be called\r\n  - the site does not limit the loading in the Content Security Policy\r\n  - the area code is installed in the ad space inside the page\r\n  - site layout allows you to display the banner on mobile devices in full size\r\nUse data-cp1={customParam1} data-cp2={customParam2}... attributes for sending custom params\r\n-->\r\n<\/p><\/div><\/p>\n<p><span style=\"vertical-align: inherit;\"><span style=\"vertical-align: inherit;\">El luchador de 42 a\u00f1os revel\u00f3 la noticia hoy a trav\u00e9s de las redes sociales y escribi\u00f3 que la salida fue su decisi\u00f3n. <\/span><\/span><\/p>\n<p><span style=\"vertical-align: inherit;\"><span style=\"vertical-align: inherit;\">Agradeci\u00f3 a la organizaci\u00f3n y a la afici\u00f3n por &#8220;5 a\u00f1os de crecimiento y desarrollo personal&#8221;.<\/span><\/span><\/p>\n<p><span style=\"vertical-align: inherit;\"><span style=\"vertical-align: inherit;\">Spears escribi\u00f3:<\/span><\/span><br \/>\n<div id=\"ad-slot\" style=\"min-width: 300px; min-height: 250px;\"><p style=\"text-align: center;\">\r\n<script async src=\"https:\/\/pagead2.googlesyndication.com\/pagead\/js\/adsbygoogle.js\"><\/script>\r\n<!-- Responsive sc c -->\r\n<ins class=\"adsbygoogle\"\r\n     style=\"display:block\"\r\n     data-ad-client=\"ca-pub-1244235910658811\"\r\n     data-ad-slot=\"4234005358\"\r\n     data-ad-format=\"auto\"\r\n     data-full-width-responsive=\"true\"><\/ins>\r\n<script>\r\n     (adsbygoogle = window.adsbygoogle || []).push({});\r\n<\/script><\/p><\/div><\/p>\n<blockquote><p><em><span style=\"vertical-align: inherit;\"><span style=\"vertical-align: inherit;\">Qu\u00e9 tiempo tan maravilloso ha sido. Gracias\u00a0@AEW<\/span><\/span><\/em><\/p>\n<p><em><span style=\"vertical-align: inherit;\"><span style=\"vertical-align: inherit;\">por permitirme estar ah\u00ed desde el nivel del suelo. Han sido 5 a\u00f1os fant\u00e1sticos de crecimiento y desarrollo personal. Esta es una elecci\u00f3n personal y la mejor para m\u00ed y mi familia en este momento. Gracias a todos, personal y talento por los recuerdos #10<\/span><\/span><\/em><\/p>\n<p><em><span style=\"vertical-align: inherit;\"><span style=\"vertical-align: inherit;\">Lo m\u00e1s importante, a los incre\u00edbles fan\u00e1ticos de TODA la lucha libre profesional: los amo chicos. Realmente lo hago.<\/span><\/span><\/em><\/p><\/blockquote>\n<p><span style=\"vertical-align: inherit;\"><span style=\"vertical-align: inherit;\">Spears no hab\u00eda luchado para AEW desde el Over Budget Charity Battle Royale en el programa de inicio de All Out en septiembre. Antes de eso, su \u00faltimo combate fue en julio cuando perdi\u00f3 una pelea por el t\u00edtulo de TNT ante Luchasaurus en Battle of the Belts VII en Calgary, AB, Canad\u00e1.<\/span><\/span><\/p>\n<p><span style=\"vertical-align: inherit;\"><span style=\"vertical-align: inherit;\">Spears y su esposa Cassie Lee <\/span><\/span><span style=\"vertical-align: inherit;\"><span style=\"vertical-align: inherit;\"> anunciaron <\/span><\/span><span style=\"vertical-align: inherit;\"><span style=\"vertical-align: inherit;\"> el domingo que est\u00e1n esperando su segundo hijo.<\/span><\/span><\/p>\n","protected":false},"excerpt":{"rendered":"<p>Shawn Spears ya no est\u00e1 en All Elite Wrestling.<\/p>\n","protected":false},"author":1,"featured_media":129153,"comment_status":"closed","ping_status":"closed","sticky":false,"template":"","format":"standard","meta":{"footnotes":""},"categories":[5,1],"tags":[1414],"class_list":["post-236717","post","type-post","status-publish","format-standard","has-post-thumbnail","category-noticias","category-all-elite-wrestling","tag-shawn-spears"],"_links":{"self":[{"href":"https:\/\/www.prwrestling.com\/nw\/wp-json\/wp\/v2\/posts\/236717","targetHints":{"allow":["GET"]}}],"collection":[{"href":"https:\/\/www.prwrestling.com\/nw\/wp-json\/wp\/v2\/posts"}],"about":[{"href":"https:\/\/www.prwrestling.com\/nw\/wp-json\/wp\/v2\/types\/post"}],"author":[{"embeddable":true,"href":"https:\/\/www.prwrestling.com\/nw\/wp-json\/wp\/v2\/users\/1"}],"replies":[{"embeddable":true,"href":"https:\/\/www.prwrestling.com\/nw\/wp-json\/wp\/v2\/comments?post=236717"}],"version-history":[{"count":4,"href":"https:\/\/www.prwrestling.com\/nw\/wp-json\/wp\/v2\/posts\/236717\/revisions"}],"predecessor-version":[{"id":236730,"href":"https:\/\/www.prwrestling.com\/nw\/wp-json\/wp\/v2\/posts\/236717\/revisions\/236730"}],"wp:featuredmedia":[{"embeddable":true,"href":"https:\/\/www.prwrestling.com\/nw\/wp-json\/wp\/v2\/media\/129153"}],"wp:attachment":[{"href":"https:\/\/www.prwrestling.com\/nw\/wp-json\/wp\/v2\/media?parent=236717"}],"wp:term":[{"taxonomy":"category","embeddable":true,"href":"https:\/\/www.prwrestling.com\/nw\/wp-json\/wp\/v2\/categories?post=236717"},{"taxonomy":"post_tag","embeddable":true,"href":"https:\/\/www.prwrestling.com\/nw\/wp-json\/wp\/v2\/tags?post=236717"}],"curies":[{"name":"wp","href":"https:\/\/api.w.org\/{rel}","templated":true}]}}