{"id":23794,"date":"2018-05-23T20:42:38","date_gmt":"2018-05-24T00:42:38","guid":{"rendered":"http:\/\/www.prwrestling.com\/nw\/?p=23794"},"modified":"2018-05-23T20:42:38","modified_gmt":"2018-05-24T00:42:38","slug":"actualizacion-de-aparicion-especial-de-cm-punk-john-cena-de-consejero-de-relaciones","status":"publish","type":"post","link":"https:\/\/www.prwrestling.com\/nw\/actualizacion-de-aparicion-especial-de-cm-punk-john-cena-de-consejero-de-relaciones\/","title":{"rendered":"Actualizaci\u00f3n de aparici\u00f3n especial de CM Punk; John Cena de consejero de relaciones"},"content":{"rendered":"<p><a href=\"http:\/\/www.prwrestling.com\/nw\/wp-content\/uploads\/2017\/05\/cm-punk.jpg\"><img data-dominant-color=\"362828\" data-has-transparency=\"false\" style=\"--dominant-color: #362828;\" loading=\"lazy\" decoding=\"async\" class=\"aligncenter  wp-image-13040 not-transparent\" src=\"http:\/\/www.prwrestling.com\/nw\/wp-content\/uploads\/2017\/05\/cm-punk.jpg\" alt=\"\" width=\"639\" height=\"360\" srcset=\"https:\/\/www.prwrestling.com\/nw\/wp-content\/uploads\/2017\/05\/cm-punk.jpg 960w, https:\/\/www.prwrestling.com\/nw\/wp-content\/uploads\/2017\/05\/cm-punk-300x169.jpg 300w, https:\/\/www.prwrestling.com\/nw\/wp-content\/uploads\/2017\/05\/cm-punk-768x432.jpg 768w, https:\/\/www.prwrestling.com\/nw\/wp-content\/uploads\/2017\/05\/cm-punk-150x84.jpg 150w, https:\/\/www.prwrestling.com\/nw\/wp-content\/uploads\/2017\/05\/cm-punk-450x253.jpg 450w\" sizes=\"auto, (max-width: 639px) 100vw, 639px\" \/><\/a><\/p>\n<p>Las entradas para el\u00a0 meet and greet con CM Punk el 31 de agosto en la tienda Pro Wrestling Tees en Chicago salieron a la venta hoy,<!--more--> pero se agotaron r\u00e1pidamente. Pro Wrestling Tees se\u00f1al\u00f3 que debido a la venta r\u00e1pida, habr\u00e1 una opci\u00f3n de walk-up a partir de las 4 p.m. Punk se quedar\u00e1 m\u00e1s tarde de lo programado y tratar\u00e1 de acomodar a la mayor cantidad de fan\u00e1ticos posible. La aparici\u00f3n ha tenido mucha anticipaci\u00f3n debido a que ser\u00e1 el d\u00eda antes del evento All In, a celebrarse tambi\u00e9n en Chicago.<\/p>\n<p><center><script type=\"text\/javascript\"><!-- google_ad_client = \"ca-pub-1244235910658811\"; \/* 300x250 derecha main page *\/ google_ad_slot = \"1988061967\"; google_ad_width = 300; google_ad_height = 250; \/\/--><\/script><script type=\"text\/javascript\" src=\"http:\/\/pagead2.googlesyndication.com\/pagead\/show_ads.js\">\n<\/script><\/center><\/p>\n<h3>Cena, el consejero<\/h3>\n<p>Por alguna raz\u00f3n, John Cena ha estado publicando consejos sobre relaciones durante la \u00faltima semana en su Twitter. Cena escribi\u00f3 hoy: &#8220;nunca intenten cambiar a alguien&#8221;, se\u00f1alando que tienen todo el derecho de vivir sus vidas como quieran.<\/p>\n<p>Puede consultar algunos de los otros consejos de Cena de la semana pasada a continuaci\u00f3n:<\/p>\n<p>La falta de comunicaci\u00f3n es muchas veces lo que hace que las personas se alejen, la falta de perd\u00f3n muchas veces es lo que hace que las personas se mantengan separadas. &#8211; John Cena (@ JohnCena) 17 de mayo de 2018<\/p>\n<p>Todos tenemos una voz interna. Escucharte a TI en lugar de las muchas voces que nos rodean puede ser un camino hacia la felicidad. Escucha a tu &#8220;coraz\u00f3n&#8221; a todos los dem\u00e1s, a menudo solo confunde el ruido. &#8211; John Cena (@ JohnCena) 18 de mayo de 2018<\/p>\n<p>Tendemos a tener largas listas de por qu\u00e9 &#8220;no deber\u00edamos&#8221; hacer algo. Soy un fan de la l\u00f3gica, pero la fortuna favorece a los audaces. Es f\u00e1cil convencernos de algo. En su lugar, ve y pru\u00e9balo !! &#8211; John Cena (@ JohnCena) 20 de mayo de 2018<\/p>\n<p><center><script type=\"text\/javascript\"><!-- google_ad_client = \"ca-pub-1244235910658811\"; \/* 300x250 derecha main page *\/ google_ad_slot = \"1988061967\"; google_ad_width = 300; google_ad_height = 250; \/\/--><\/script><script type=\"text\/javascript\" src=\"http:\/\/pagead2.googlesyndication.com\/pagead\/show_ads.js\">\n<\/script><\/center><\/p>\n","protected":false},"excerpt":{"rendered":"<p>Las entradas para el\u00a0 meet and greet con CM Punk el 31 de agosto en la tienda Pro Wrestling Tees en Chicago salieron a la venta hoy,<\/p>\n","protected":false},"author":3,"featured_media":13040,"comment_status":"closed","ping_status":"closed","sticky":false,"template":"","format":"standard","meta":{"footnotes":""},"categories":[5],"tags":[],"class_list":{"0":"post-23794","1":"post","2":"type-post","3":"status-publish","4":"format-standard","5":"has-post-thumbnail","7":"category-noticias"},"_links":{"self":[{"href":"https:\/\/www.prwrestling.com\/nw\/wp-json\/wp\/v2\/posts\/23794","targetHints":{"allow":["GET"]}}],"collection":[{"href":"https:\/\/www.prwrestling.com\/nw\/wp-json\/wp\/v2\/posts"}],"about":[{"href":"https:\/\/www.prwrestling.com\/nw\/wp-json\/wp\/v2\/types\/post"}],"author":[{"embeddable":true,"href":"https:\/\/www.prwrestling.com\/nw\/wp-json\/wp\/v2\/users\/3"}],"replies":[{"embeddable":true,"href":"https:\/\/www.prwrestling.com\/nw\/wp-json\/wp\/v2\/comments?post=23794"}],"version-history":[{"count":1,"href":"https:\/\/www.prwrestling.com\/nw\/wp-json\/wp\/v2\/posts\/23794\/revisions"}],"predecessor-version":[{"id":23796,"href":"https:\/\/www.prwrestling.com\/nw\/wp-json\/wp\/v2\/posts\/23794\/revisions\/23796"}],"wp:featuredmedia":[{"embeddable":true,"href":"https:\/\/www.prwrestling.com\/nw\/wp-json\/wp\/v2\/media\/13040"}],"wp:attachment":[{"href":"https:\/\/www.prwrestling.com\/nw\/wp-json\/wp\/v2\/media?parent=23794"}],"wp:term":[{"taxonomy":"category","embeddable":true,"href":"https:\/\/www.prwrestling.com\/nw\/wp-json\/wp\/v2\/categories?post=23794"},{"taxonomy":"post_tag","embeddable":true,"href":"https:\/\/www.prwrestling.com\/nw\/wp-json\/wp\/v2\/tags?post=23794"}],"curies":[{"name":"wp","href":"https:\/\/api.w.org\/{rel}","templated":true}]}}