{"id":239427,"date":"2024-01-08T08:43:03","date_gmt":"2024-01-08T13:43:03","guid":{"rendered":"https:\/\/www.prwrestling.com\/nw\/?p=239427"},"modified":"2024-01-08T08:43:03","modified_gmt":"2024-01-08T13:43:03","slug":"wwe-no-necesita-tener-a-the-rock-en-wrestlemania-2024-para-chocar-ante-roman-reigns-declara-veterano","status":"publish","type":"post","link":"https:\/\/www.prwrestling.com\/nw\/wwe-no-necesita-tener-a-the-rock-en-wrestlemania-2024-para-chocar-ante-roman-reigns-declara-veterano\/","title":{"rendered":"WWE no necesita tener a The Rock en WrestleMania 2024 para chocar ante Roman Reigns, declara veterano"},"content":{"rendered":"<p><span style=\"vertical-align: inherit;\"><span style=\"vertical-align: inherit;\">The Rock recientemente hizo un regreso triunfal a la WWE, realizando una promoci\u00f3n que <\/span><\/span><a href=\"https:\/\/www.prwrestling.com\/nw\/reporte-wwe-raw-day-1-aparece-the-rock-y-menciona-la-cabeza-de-la-mesa-rollins-defiende-ante-mcintyre\/\" target=\"_blank\" rel=\"noopener\"><span style=\"vertical-align: inherit;\"><span style=\"vertical-align: inherit;\">insinuaba una pelea con Roman\u00a0Reigns<\/span><\/span><\/a><span style=\"vertical-align: inherit;\"><span style=\"vertical-align: inherit;\">. Sin duda, los dos chocar\u00e1n para determinar qui\u00e9n es el verdadero &#8220;Jefe Tribal&#8221;. pero Bully Ray no cree que su combate deba realizarse durante &#8220;WrestleMania&#8221; de este a\u00f1o. <\/span><\/span><!--more--><div id=\"ad-slot\" style=\"min-width: 300px; min-height: 250px;\">\r\n<p style=\"text-align: center;\">\r\n<!-- Site name: prwrestling.com\r\nZone name: prwrestling.com_banner_300x250\r\nZone id: 2109741734\r\nType: banner\r\nFormat: 300x250\r\n --> \r\n\r\n<!-- Copy and paste this code on the page. -->\r\n<div id='zone_2109741734' ><\/div>\r\n<script>\r\n    (function(w,d,o,g,r,a,m){\r\n        var cid='zone_2109741734';\r\n        w[r]=w[r]||function(){(w[r+'l']=w[r+'l']||[]).push(arguments)};\r\n        function e(b,w,r){if((w[r+'h']=b.pop())&&!w.ABN){\r\n            var a=d.createElement(o),p=d.getElementsByTagName(o)[0];a.async=1;\r\n            a.src='https:\/\/cdn.'+w[r+'h']+'\/libs\/e.js';a.onerror=function(){e(g,w,r)};\r\n            p.parentNode.insertBefore(a,p)}}e(g,w,r);\r\n        w[r](cid,{id:2109741734,domain:w[r+'h']});\r\n    })(window,document,'script',['traffmovie.com'],'ABNS');\r\n<\/script>\r\n\r\n<!--\r\nWhen setting the zone code, make sure:\r\n  - you have provided all domains from which the area code will be called\r\n  - the site does not limit the loading in the Content Security Policy\r\n  - the area code is installed in the ad space inside the page\r\n  - site layout allows you to display the banner on mobile devices in full size\r\nUse data-cp1={customParam1} data-cp2={customParam2}... attributes for sending custom params\r\n-->\r\n<\/p><\/div><\/p>\n<blockquote><p><span style=\"vertical-align: inherit;\"><span style=\"vertical-align: inherit;\">&#8220;No necesitan a The Rock en WrestleMania&#8221;, dijo Bully en &#8220;<\/span><\/span><a href=\"https:\/\/www.siriusxm.com\/channels\/siriusxm-fight-nation\" target=\"_blank\" rel=\"noopener\"><span style=\"vertical-align: inherit;\"><span style=\"vertical-align: inherit;\">Busted Open Radio<\/span><\/span><\/a><span style=\"vertical-align: inherit;\"><span style=\"vertical-align: inherit;\">.&#8221; El veterano continu\u00f3 explicando que &#8220;El Campe\u00f3n del Pueblo&#8221; deber\u00eda usarse para elevar a alguien. &#8220;Entonces, si Roman derrota a Rock, lo coloca en este estado divino, pero si Cody vence a Roman, le ata un cohete a la espalda&#8221;.<\/span><\/span><\/p><\/blockquote>\n<div class=\"columns-holder \">\n<p><span style=\"vertical-align: inherit;\"><span style=\"vertical-align: inherit;\">Bully continu\u00f3 enfatizando la efectividad de la campa\u00f1a de &#8220;WrestleMania&#8221; de este a\u00f1o. No necesita a Rock y se desempe\u00f1ar\u00e1 bien independientemente de su cartel ya que es un evento que ya ha vendido muchas taquillas sin haberse anunciado un s\u00f3lo encuentro.<\/span><\/span><\/p>\n<div id=\"ad-slot\" style=\"min-width: 300px; min-height: 250px;\"><p style=\"text-align: center;\">\r\n<script async src=\"https:\/\/pagead2.googlesyndication.com\/pagead\/js\/adsbygoogle.js\"><\/script>\r\n<!-- Responsive sc c -->\r\n<ins class=\"adsbygoogle\"\r\n     style=\"display:block\"\r\n     data-ad-client=\"ca-pub-1244235910658811\"\r\n     data-ad-slot=\"4234005358\"\r\n     data-ad-format=\"auto\"\r\n     data-full-width-responsive=\"true\"><\/ins>\r\n<script>\r\n     (adsbygoogle = window.adsbygoogle || []).push({});\r\n<\/script><\/p><\/div>\n<p><span style=\"vertical-align: inherit;\"><span style=\"vertical-align: inherit;\">&#8220;Ser\u00e1 el m\u00e1s grande de todos los tiempos, est\u00e9 o no The Rock all\u00ed&#8221;. A pesar de esto, todav\u00eda sugiri\u00f3 que podr\u00eda terminar sucediendo, ya que WWE ha hecho cosas como esta en el pasado, pero cree firmemente que la promoci\u00f3n no tiene que usar leyendas esta vez.\u00a0\u00a0<\/span><\/span><\/p>\n<p><span style=\"vertical-align: inherit;\"><span style=\"vertical-align: inherit;\">Bully tambi\u00e9n explic\u00f3 que WWE finalmente ha creado estrellas importantes, y aunque no est\u00e1n al mismo nivel que <\/span><\/span><a href=\"https:\/\/www.prwrestling.com\/nw\/tag\/steve-austin\" target=\"_blank\" rel=\"noopener\"><span style=\"vertical-align: inherit;\"><span style=\"vertical-align: inherit;\">Steve Austin<\/span><\/span><\/a><span style=\"vertical-align: inherit;\"><span style=\"vertical-align: inherit;\">, Rock, o Triple H, siguen siendo leg\u00edtimos y han estado atrayendo buenos n\u00fameros en audiencias y fan\u00e1ticos a las arenas semanalmente. <\/span><\/span><br \/>\n<iframe loading=\"lazy\" title=\"The Rock Returns To WWE | Busted Open\" src=\"https:\/\/www.youtube.com\/embed\/Cou7RSgeM78\" width=\"562\" height=\"310\" frameborder=\"0\" allowfullscreen=\"allowfullscreen\"><span data-mce-type=\"bookmark\" style=\"display: inline-block; width: 0px; overflow: hidden; line-height: 0;\" class=\"mce_SELRES_start\">\ufeff<\/span><\/iframe><\/p>\n<blockquote><p><span style=\"vertical-align: inherit;\"><span style=\"vertical-align: inherit;\">&#8220;Ahora est\u00e1s construyendo algunas verdaderas estrellas por tu cuenta que finalmente pueden llevar la compa\u00f1\u00eda durante los pr\u00f3ximos cinco a diez a\u00f1os sin depender de los &#8216;Austins&#8217;, los &#8216;Rocks&#8217; y esas megaestrellas que regresan,&#8221; expres\u00f3 el integrante de los Dudley Boys.<\/span><\/span><\/p><\/blockquote>\n<\/div>\n","protected":false},"excerpt":{"rendered":"<p>The Rock recientemente hizo un regreso triunfal a la WWE, realizando una promoci\u00f3n que insinuaba una pelea con Roman\u00a0Reigns. Sin duda, los dos chocar\u00e1n para determinar qui\u00e9n es el verdadero &#8220;Jefe Tribal&#8221;. pero Bully Ray no cree que su combate deba realizarse durante &#8220;WrestleMania&#8221; de este a\u00f1o.<\/p>\n","protected":false},"author":1,"featured_media":239444,"comment_status":"open","ping_status":"closed","sticky":false,"template":"","format":"standard","meta":{"footnotes":""},"categories":[5,38],"tags":[],"class_list":["post-239427","post","type-post","status-publish","format-standard","has-post-thumbnail","category-noticias","category-noticias-y-rumores-de-la-wwe"],"_links":{"self":[{"href":"https:\/\/www.prwrestling.com\/nw\/wp-json\/wp\/v2\/posts\/239427","targetHints":{"allow":["GET"]}}],"collection":[{"href":"https:\/\/www.prwrestling.com\/nw\/wp-json\/wp\/v2\/posts"}],"about":[{"href":"https:\/\/www.prwrestling.com\/nw\/wp-json\/wp\/v2\/types\/post"}],"author":[{"embeddable":true,"href":"https:\/\/www.prwrestling.com\/nw\/wp-json\/wp\/v2\/users\/1"}],"replies":[{"embeddable":true,"href":"https:\/\/www.prwrestling.com\/nw\/wp-json\/wp\/v2\/comments?post=239427"}],"version-history":[{"count":3,"href":"https:\/\/www.prwrestling.com\/nw\/wp-json\/wp\/v2\/posts\/239427\/revisions"}],"predecessor-version":[{"id":239445,"href":"https:\/\/www.prwrestling.com\/nw\/wp-json\/wp\/v2\/posts\/239427\/revisions\/239445"}],"wp:featuredmedia":[{"embeddable":true,"href":"https:\/\/www.prwrestling.com\/nw\/wp-json\/wp\/v2\/media\/239444"}],"wp:attachment":[{"href":"https:\/\/www.prwrestling.com\/nw\/wp-json\/wp\/v2\/media?parent=239427"}],"wp:term":[{"taxonomy":"category","embeddable":true,"href":"https:\/\/www.prwrestling.com\/nw\/wp-json\/wp\/v2\/categories?post=239427"},{"taxonomy":"post_tag","embeddable":true,"href":"https:\/\/www.prwrestling.com\/nw\/wp-json\/wp\/v2\/tags?post=239427"}],"curies":[{"name":"wp","href":"https:\/\/api.w.org\/{rel}","templated":true}]}}