{"id":240115,"date":"2024-01-10T17:01:42","date_gmt":"2024-01-10T22:01:42","guid":{"rendered":"https:\/\/www.prwrestling.com\/nw\/?p=240115"},"modified":"2024-01-10T17:01:42","modified_gmt":"2024-01-10T22:01:42","slug":"ex-campeon-de-la-wwe-no-descarta-buscar-venganza-contra-the-rock","status":"publish","type":"post","link":"https:\/\/www.prwrestling.com\/nw\/ex-campeon-de-la-wwe-no-descarta-buscar-venganza-contra-the-rock\/","title":{"rendered":"Ex campe\u00f3n de la WWE no descarta buscar venganza contra The Rock"},"content":{"rendered":"<p><span style=\"vertical-align: inherit;\"><span style=\"vertical-align: inherit;\">Un ex campe\u00f3n de la WWE envi\u00f3 un mensaje audaz a The Rock despu\u00e9s de su encuentro la semana pasada en la edici\u00f3n del D\u00eda 1 de RAW.<\/span><\/span><!--more--><div id=\"ad-slot\" style=\"min-width: 300px; min-height: 250px;\">\r\n<p style=\"text-align: center;\">\r\n<!-- Site name: prwrestling.com\r\nZone name: prwrestling.com_banner_300x250\r\nZone id: 2109741734\r\nType: banner\r\nFormat: 300x250\r\n --> \r\n\r\n<!-- Copy and paste this code on the page. -->\r\n<div id='zone_2109741734' ><\/div>\r\n<script>\r\n    (function(w,d,o,g,r,a,m){\r\n        var cid='zone_2109741734';\r\n        w[r]=w[r]||function(){(w[r+'l']=w[r+'l']||[]).push(arguments)};\r\n        function e(b,w,r){if((w[r+'h']=b.pop())&&!w.ABN){\r\n            var a=d.createElement(o),p=d.getElementsByTagName(o)[0];a.async=1;\r\n            a.src='https:\/\/cdn.'+w[r+'h']+'\/libs\/e.js';a.onerror=function(){e(g,w,r)};\r\n            p.parentNode.insertBefore(a,p)}}e(g,w,r);\r\n        w[r](cid,{id:2109741734,domain:w[r+'h']});\r\n    })(window,document,'script',['traffmovie.com'],'ABNS');\r\n<\/script>\r\n\r\n<!--\r\nWhen setting the zone code, make sure:\r\n  - you have provided all domains from which the area code will be called\r\n  - the site does not limit the loading in the Content Security Policy\r\n  - the area code is installed in the ad space inside the page\r\n  - site layout allows you to display the banner on mobile devices in full size\r\nUse data-cp1={customParam1} data-cp2={customParam2}... attributes for sending custom params\r\n-->\r\n<\/p><\/div><\/p>\n<p><span style=\"vertical-align: inherit;\"><span style=\"vertical-align: inherit;\">La promoci\u00f3n exalt\u00f3 a los fan\u00e1ticos con el regreso de un ex campe\u00f3n de la WWE en la edici\u00f3n del D\u00eda 1 de RAW, y result\u00f3 ser <\/span><\/span><a href=\"https:\/\/www.prwrestling.com\/nw\/tag\/jinder-mahal\" target=\"_blank\" rel=\"noopener noreferrer\" data-is-sponsored=\"false\"><span style=\"vertical-align: inherit;\"><span style=\"vertical-align: inherit;\">Jinder Mahal<\/span><\/span><\/a><span style=\"vertical-align: inherit;\"><span style=\"vertical-align: inherit;\">. El Universo WWE abuche\u00f3 a Mahal mientras hac\u00eda una promoci\u00f3n de rudi. <\/span><\/span><a href=\"https:\/\/www.prwrestling.com\/nw\/tag\/the-rock\"><span style=\"vertical-align: inherit;\"><span style=\"vertical-align: inherit;\">The Rock<\/span><\/span><\/a> <span style=\"vertical-align: inherit;\"><span style=\"vertical-align: inherit;\">interrumpi\u00f3<\/span><\/span><span style=\"vertical-align: inherit;\"><span style=\"vertical-align: inherit;\"> ante una incre\u00edble ovaci\u00f3n de la multitud y golpe\u00f3 a The Modern Day Maharaja con un People&#8217;s elbow.<\/span><\/span><\/p>\n<p><span style=\"vertical-align: inherit;\"><span style=\"vertical-align: inherit;\">Hablando hoy en <\/span><\/span><em><span style=\"vertical-align: inherit;\"><span style=\"vertical-align: inherit;\">The Bump de la WWE<\/span><\/span><\/em><span style=\"vertical-align: inherit;\"><span style=\"vertical-align: inherit;\">, Jinder Mahal dijo que buscar\u00eda venganza con el luchador y actor de 51 a\u00f1os por sus acciones en Raw. Mahal afirm\u00f3 que The Rocck estaba tratando de robarle el protagonismo y sugiri\u00f3 que las dos estrellas podr\u00edan compartir el ring una vez m\u00e1s en el futuro:<\/span><\/span><\/p>\n<blockquote><p><span style=\"vertical-align: inherit;\"><span style=\"vertical-align: inherit;\">&#8220;Pero tengo la sensaci\u00f3n de que esta no es la \u00faltima vez que The Rock y yo estaremos juntos en el ring&#8221;, dijo.<\/span><\/span><\/p><\/blockquote>\n<blockquote class=\"twitter-tweet\">\n<p dir=\"ltr\" lang=\"en\">Jinder mentioned The Rock, Rollins challenge and getting his name trended in one video lmao <a href=\"https:\/\/t.co\/Jc7Iwx4piL\">pic.twitter.com\/Jc7Iwx4piL<\/a><\/p>\n<p>\u2014 Roman Reigns SZN &#x1f4a5; (@reigns_era) <a href=\"https:\/\/twitter.com\/reigns_era\/status\/1745159225163051322?ref_src=twsrc%5Etfw\" target=\"_blank\" rel=\"noopener\">January 10, 2024<\/a><\/p><\/blockquote>\n<p><script async src=\"https:\/\/platform.twitter.com\/widgets.js\" charset=\"utf-8\"><\/script><\/p>\n<p>Jinder Mahal responde a los que han dicho que es el peor campe\u00f3n de todos los tiempos en la WWE. <a href=\"https:\/\/www.prwrestling.com\/nw\/jinder-mahal-responde-a-los-que-dicen-ha-sido-el-peor-campeon-de-todos-los-tiempos\/\">Lee sus expresiones<\/a><\/p>\n","protected":false},"excerpt":{"rendered":"<p>Un ex campe\u00f3n de la WWE envi\u00f3 un mensaje audaz a The Rock despu\u00e9s de su encuentro la semana pasada en la edici\u00f3n del D\u00eda 1 de RAW.<\/p>\n","protected":false},"author":1,"featured_media":167874,"comment_status":"closed","ping_status":"closed","sticky":false,"template":"","format":"standard","meta":{"footnotes":""},"categories":[5,38],"tags":[],"class_list":["post-240115","post","type-post","status-publish","format-standard","has-post-thumbnail","category-noticias","category-noticias-y-rumores-de-la-wwe"],"_links":{"self":[{"href":"https:\/\/www.prwrestling.com\/nw\/wp-json\/wp\/v2\/posts\/240115","targetHints":{"allow":["GET"]}}],"collection":[{"href":"https:\/\/www.prwrestling.com\/nw\/wp-json\/wp\/v2\/posts"}],"about":[{"href":"https:\/\/www.prwrestling.com\/nw\/wp-json\/wp\/v2\/types\/post"}],"author":[{"embeddable":true,"href":"https:\/\/www.prwrestling.com\/nw\/wp-json\/wp\/v2\/users\/1"}],"replies":[{"embeddable":true,"href":"https:\/\/www.prwrestling.com\/nw\/wp-json\/wp\/v2\/comments?post=240115"}],"version-history":[{"count":3,"href":"https:\/\/www.prwrestling.com\/nw\/wp-json\/wp\/v2\/posts\/240115\/revisions"}],"predecessor-version":[{"id":240123,"href":"https:\/\/www.prwrestling.com\/nw\/wp-json\/wp\/v2\/posts\/240115\/revisions\/240123"}],"wp:featuredmedia":[{"embeddable":true,"href":"https:\/\/www.prwrestling.com\/nw\/wp-json\/wp\/v2\/media\/167874"}],"wp:attachment":[{"href":"https:\/\/www.prwrestling.com\/nw\/wp-json\/wp\/v2\/media?parent=240115"}],"wp:term":[{"taxonomy":"category","embeddable":true,"href":"https:\/\/www.prwrestling.com\/nw\/wp-json\/wp\/v2\/categories?post=240115"},{"taxonomy":"post_tag","embeddable":true,"href":"https:\/\/www.prwrestling.com\/nw\/wp-json\/wp\/v2\/tags?post=240115"}],"curies":[{"name":"wp","href":"https:\/\/api.w.org\/{rel}","templated":true}]}}