{"id":240858,"date":"2024-01-13T08:56:22","date_gmt":"2024-01-13T13:56:22","guid":{"rendered":"https:\/\/www.prwrestling.com\/nw\/?p=240858"},"modified":"2024-01-13T08:56:22","modified_gmt":"2024-01-13T13:56:22","slug":"superestrella-de-wwe-nxt-de-22-anos-de-edad-se-lesiona-durante-encuentro","status":"publish","type":"post","link":"https:\/\/www.prwrestling.com\/nw\/superestrella-de-wwe-nxt-de-22-anos-de-edad-se-lesiona-durante-encuentro\/","title":{"rendered":"Superestrella de WWE NXT de 22 a\u00f1os de edad se lesiona durante encuentro"},"content":{"rendered":"<p><span style=\"vertical-align: inherit;\"><span style=\"vertical-align: inherit;\">WWE celebr\u00f3 un evento en vivo de NXT el viernes por la noche desde Dade City, FL y durante el mismo, Cora Jade tuvo que suspender su combate debido a una lesi\u00f3n. <\/span><\/span><!--more--><div id=\"ad-slot\" style=\"min-width: 300px; min-height: 250px;\">\r\n<p style=\"text-align: center;\">\r\n<script async src=\"https:\/\/pagead2.googlesyndication.com\/pagead\/js\/adsbygoogle.js\"><\/script>\r\n<!-- 300x250 sc a -->\r\n<ins class=\"adsbygoogle\"\r\n     style=\"display:inline-block;width:300px;height:250px\"\r\n     data-ad-client=\"ca-pub-1244235910658811\"\r\n     data-ad-slot=\"8592682546\"><\/ins>\r\n<script>\r\n     (adsbygoogle = window.adsbygoogle || []).push({});\r\n<\/script><\/center>\r\n<\/p><\/div><\/p>\n<p><span style=\"vertical-align: inherit;\"><span style=\"vertical-align: inherit;\">Jade estaba luchando ante Lyra Valkyria por el t\u00edtulo femenino cuando sufri\u00f3 una lesi\u00f3n en la rodilla, lo que provoc\u00f3 que se detuviera el combate. El \u00e1rbitro y los m\u00e9dicos la revisaron antes de ayudarla a regresar.\u00a0<\/span><\/span><\/p>\n<blockquote class=\"twitter-tweet\">\n<p dir=\"ltr\" lang=\"en\">Looks like Cora got injured in the main event at <a href=\"https:\/\/twitter.com\/hashtag\/NXTDadeCity?src=hash&amp;ref_src=twsrc%5Etfw\" target=\"_blank\" rel=\"noopener\">#NXTDadeCity<\/a> <a href=\"https:\/\/twitter.com\/hashtag\/WWE?src=hash&amp;ref_src=twsrc%5Etfw\" target=\"_blank\" rel=\"noopener\">#WWE<\/a> <a href=\"https:\/\/twitter.com\/WWENXT?ref_src=twsrc%5Etfw\" target=\"_blank\" rel=\"noopener\">@WWENXT<\/a> <a href=\"https:\/\/twitter.com\/hashtag\/CoraJade?src=hash&amp;ref_src=twsrc%5Etfw\" target=\"_blank\" rel=\"noopener\">#CoraJade<\/a> <a href=\"https:\/\/t.co\/4w9gHxmZCQ\">pic.twitter.com\/4w9gHxmZCQ<\/a><\/p>\n<p>\u2014 Tim (@GamingParenting) <a href=\"https:\/\/twitter.com\/GamingParenting\/status\/1746001293947068610?ref_src=twsrc%5Etfw\" target=\"_blank\" rel=\"noopener\">January 13, 2024<\/a><\/p><\/blockquote>\n<p><script async src=\"https:\/\/platform.twitter.com\/widgets.js\" charset=\"utf-8\"><\/script><br \/>\n<span style=\"vertical-align: inherit;\"><span style=\"vertical-align: inherit;\">Jade, quien tiene 22 a\u00f1os de edad, hab\u00eda regresado a NXT TV apenas el mes pasado despu\u00e9s de una pausa de cuatro meses.<\/span><\/span><\/p>\n<div id=\"ad-slot\" style=\"min-width: 300px; min-height: 250px;\"><p style=\"text-align: center;\">\r\n<script async src=\"https:\/\/pagead2.googlesyndication.com\/pagead\/js\/adsbygoogle.js\"><\/script>\r\n<!-- Responsive sc c -->\r\n<ins class=\"adsbygoogle\"\r\n     style=\"display:block\"\r\n     data-ad-client=\"ca-pub-1244235910658811\"\r\n     data-ad-slot=\"4234005358\"\r\n     data-ad-format=\"auto\"\r\n     data-full-width-responsive=\"true\"><\/ins>\r\n<script>\r\n     (adsbygoogle = window.adsbygoogle || []).push({});\r\n<\/script><\/p><\/div>\n<p>Las fotos publicadas por un usuario en Twitter mostraban al \u00e1rbitro y al entrenador revisando a Jade despu\u00e9s del incidente. Los recientes cambios de apariencia de Jade y su impulso en la televisi\u00f3n sugirieron que podr\u00eda haber estado en l\u00ednea para una futura oportunidad por el t\u00edtulo femenino de <a href=\"https:\/\/www.prwrestling.com\/nw\/category\/noticias-wwe\/\">WWE<\/a> NXT.<\/p>\n<h2><strong>Otro combate tambi\u00e9n fue detenido en WWE Smackdown<\/strong><\/h2>\n<p>Tambi\u00e9n en la noche del viernes, Austin Theory y Carmelo Hayes estaban teniendo una lucha en WWE SmackDown\u00a0 pero luego las cosas no terminaron bien.<\/p>\n<p>Carmelo Hayes y\u00a0<a href=\"https:\/\/www.prwrestling.com\/nw\/tag\/austin-theory\">Theory<\/a>\u00a0hicieron un movimiento desde la cuerda superior, y ambos aterrizaron de manera aparatosa sobre sus hombros, cerca de sus cabezas. Esta no era la forma en que se supon\u00eda que deb\u00eda ir esa maniobra y Carmelo Hayes no se movi\u00f3 despu\u00e9s de eso. El \u00e1rbitro luego decidi\u00f3 detener el combate sin declarar ganador.<\/p>\n<p>Horas despu\u00e9s se supo que <a href=\"https:\/\/www.prwrestling.com\/nw\/carmelo-hayes-rompe-el-silencio-tras-susto-de-posible-lesion-en-wwe-smackdown\/\">ambos luchadores est\u00e1n bien<\/a> y no sufrieron lesiones serias.<\/p>\n<blockquote class=\"twitter-tweet\">\n<p dir=\"ltr\" lang=\"en\">UPDATE: Following their match on <a href=\"https:\/\/twitter.com\/hashtag\/SmackDown?src=hash&amp;ref_src=twsrc%5Etfw\" target=\"_blank\" rel=\"noopener\">#SmackDown<\/a> Carmelo Hayes and Austin Theory were evaluated for injuries. They both suffered face contusions, and will both be okay. <a href=\"https:\/\/t.co\/HtsEwYyywy\">pic.twitter.com\/HtsEwYyywy<\/a><\/p>\n<p>\u2014 Knockout News (@KnockoutNews10) <a href=\"https:\/\/twitter.com\/KnockoutNews10\/status\/1746105626134974689?ref_src=twsrc%5Etfw\" target=\"_blank\" rel=\"noopener\">January 13, 2024<\/a><\/p><\/blockquote>\n<p><script async src=\"https:\/\/platform.twitter.com\/widgets.js\" charset=\"utf-8\"><\/script><\/p>\n","protected":false},"excerpt":{"rendered":"<p>WWE celebr\u00f3 un evento en vivo de NXT el viernes por la noche desde Dade City, FL y durante el mismo, Cora Jade tuvo que suspender su combate debido a una lesi\u00f3n.<\/p>\n","protected":false},"author":1,"featured_media":240878,"comment_status":"closed","ping_status":"closed","sticky":false,"template":"","format":"standard","meta":{"footnotes":""},"categories":[5,38],"tags":[],"class_list":{"0":"post-240858","1":"post","2":"type-post","3":"status-publish","4":"format-standard","5":"has-post-thumbnail","7":"category-noticias","8":"category-noticias-y-rumores-de-la-wwe"},"_links":{"self":[{"href":"https:\/\/www.prwrestling.com\/nw\/wp-json\/wp\/v2\/posts\/240858","targetHints":{"allow":["GET"]}}],"collection":[{"href":"https:\/\/www.prwrestling.com\/nw\/wp-json\/wp\/v2\/posts"}],"about":[{"href":"https:\/\/www.prwrestling.com\/nw\/wp-json\/wp\/v2\/types\/post"}],"author":[{"embeddable":true,"href":"https:\/\/www.prwrestling.com\/nw\/wp-json\/wp\/v2\/users\/1"}],"replies":[{"embeddable":true,"href":"https:\/\/www.prwrestling.com\/nw\/wp-json\/wp\/v2\/comments?post=240858"}],"version-history":[{"count":3,"href":"https:\/\/www.prwrestling.com\/nw\/wp-json\/wp\/v2\/posts\/240858\/revisions"}],"predecessor-version":[{"id":240879,"href":"https:\/\/www.prwrestling.com\/nw\/wp-json\/wp\/v2\/posts\/240858\/revisions\/240879"}],"wp:featuredmedia":[{"embeddable":true,"href":"https:\/\/www.prwrestling.com\/nw\/wp-json\/wp\/v2\/media\/240878"}],"wp:attachment":[{"href":"https:\/\/www.prwrestling.com\/nw\/wp-json\/wp\/v2\/media?parent=240858"}],"wp:term":[{"taxonomy":"category","embeddable":true,"href":"https:\/\/www.prwrestling.com\/nw\/wp-json\/wp\/v2\/categories?post=240858"},{"taxonomy":"post_tag","embeddable":true,"href":"https:\/\/www.prwrestling.com\/nw\/wp-json\/wp\/v2\/tags?post=240858"}],"curies":[{"name":"wp","href":"https:\/\/api.w.org\/{rel}","templated":true}]}}