{"id":241028,"date":"2024-01-13T20:48:54","date_gmt":"2024-01-14T01:48:54","guid":{"rendered":"https:\/\/www.prwrestling.com\/nw\/?p=241028"},"modified":"2024-01-13T20:48:54","modified_gmt":"2024-01-14T01:48:54","slug":"superestrella-de-la-wwe-confirma-que-popular-grupo-de-smackdown-se-ha-dividido","status":"publish","type":"post","link":"https:\/\/www.prwrestling.com\/nw\/superestrella-de-la-wwe-confirma-que-popular-grupo-de-smackdown-se-ha-dividido\/","title":{"rendered":"Superestrella de la WWE confirma que popular grupo de SmackDown se ha dividido"},"content":{"rendered":"<p><span style=\"vertical-align: inherit;\"><span style=\"vertical-align: inherit;\">El episodio de esta semana de <\/span><\/span><a href=\"https:\/\/www.prwrestling.com\/nw\/reporte-wwe-smackdown-1-12-orton-styles-y-knight-se-miden-a-sikoa-y-uso-detienen-lucha-tras-peligrosa-maniobra\/\"><span style=\"vertical-align: inherit;\"><span style=\"vertical-align: inherit;\">WWE Smackdown<\/span><\/span><\/a><span style=\"vertical-align: inherit;\"><span style=\"vertical-align: inherit;\">\u00a0estuvo completo e incluy\u00f3 un segmento entre <\/span><\/span><span style=\"vertical-align: inherit;\"><span style=\"vertical-align: inherit;\"> Tyler Bate<\/span><\/span><span style=\"vertical-align: inherit;\"><span style=\"vertical-align: inherit;\"> y Butch, donde pudo adelantar un posible cambio de nombre.<\/span><\/span><!--more--><div id=\"ad-slot\" style=\"min-width: 300px; min-height: 250px;\">\r\n<p style=\"text-align: center;\">\r\n<script async src=\"https:\/\/pagead2.googlesyndication.com\/pagead\/js\/adsbygoogle.js\"><\/script>\r\n<!-- 300x250 sc a -->\r\n<ins class=\"adsbygoogle\"\r\n     style=\"display:inline-block;width:300px;height:250px\"\r\n     data-ad-client=\"ca-pub-1244235910658811\"\r\n     data-ad-slot=\"8592682546\"><\/ins>\r\n<script>\r\n     (adsbygoogle = window.adsbygoogle || []).push({});\r\n<\/script><\/center>\r\n<\/p><\/div><\/p>\n<p><span style=\"vertical-align: inherit;\"><span style=\"vertical-align: inherit;\">Como parte del segmento, Butch habl\u00f3 sobre el futuro y dej\u00f3 en claro que The Brawling Brutes ya hab\u00edan terminado. Esta fue la primera confirmaci\u00f3n que recibi\u00f3 el Universo WWE ya que muchos cre\u00edan que Sheamus regresar\u00eda y reunir\u00eda a su grupo nuevamente.<\/span><\/span><\/p>\n<p><span style=\"vertical-align: inherit;\"><span style=\"vertical-align: inherit;\">Ridge Holland no ha sido visto en la marca azul desde que abandon\u00f3 a su compa\u00f1ero de equipo en su combate con Pretty Deadly en diciembre en SmackDown, y desde entonces Butch pas\u00f3 a formar una alianza con su viejo amigo Tyler Bate, quien ha luchado varias veces a lo largo de su estancia en NXT.<\/span><\/span><\/p>\n<div id=\"ad-slot\" style=\"min-width: 300px; min-height: 250px;\"><p style=\"text-align: center;\">\r\n<script async src=\"https:\/\/pagead2.googlesyndication.com\/pagead\/js\/adsbygoogle.js\"><\/script>\r\n<!-- Responsive sc c -->\r\n<ins class=\"adsbygoogle\"\r\n     style=\"display:block\"\r\n     data-ad-client=\"ca-pub-1244235910658811\"\r\n     data-ad-slot=\"4234005358\"\r\n     data-ad-format=\"auto\"\r\n     data-full-width-responsive=\"true\"><\/ins>\r\n<script>\r\n     (adsbygoogle = window.adsbygoogle || []).push({});\r\n<\/script><\/p><\/div>\n<p><span style=\"vertical-align: inherit;\"><span style=\"vertical-align: inherit;\">El segmento los vio hablar sobre Blackpool, lo que muchos especularon que era un indicio de una posible alianza con la leyenda <a href=\"https:\/\/www.prwrestling.com\/nw\/tag\/william-regal\">William Regal<\/a>, ya que ambos hombres son de West Midlands del Reino Unido, y Regal tambi\u00e9n es de Blackpool y recientemente regres\u00f3 a la WWE.<\/span><\/span><br \/>\n<iframe loading=\"lazy\" title=\"Tyler Bate &amp; Butch Promo | SmackDown 01\/12\/24\" src=\"https:\/\/www.youtube.com\/embed\/baQ60XdO8l4\" width=\"562\" height=\"310\" frameborder=\"0\" allowfullscreen=\"allowfullscreen\"><span data-mce-type=\"bookmark\" style=\"display: inline-block; width: 0px; overflow: hidden; line-height: 0;\" class=\"mce_SELRES_start\">\ufeff<\/span><\/iframe><\/p>\n<h2><span style=\"vertical-align: inherit;\"><span style=\"vertical-align: inherit;\">\u00bfWilliam Regal volver\u00e1 para representar a Butch y Tyler Bate en WWE SmackDown?<\/span><\/span><\/h2>\n<p><span style=\"vertical-align: inherit;\"><span style=\"vertical-align: inherit;\">William Regal es ampliamente considerado como uno de los mejores luchadores de su \u00e9poca procedente del Reino Unido. Su reciente carrera con AEW y The Blackpool Cobat Club demostr\u00f3 que todav\u00eda tiene lo necesario para asumir el puesto directivo despu\u00e9s de haber sido visto como Gerente General de NXT durante varios a\u00f1os.<\/span><\/span><\/p>\n<p><span style=\"vertical-align: inherit;\"><span style=\"vertical-align: inherit;\">William Regal es famoso por Blackpool y, desde su regreso a la WWE, no ha aparecido en la programaci\u00f3n. Sin embargo, la compa\u00f1\u00eda podr\u00eda tener un plan para que \u00e9l maneje a Tyler Bate y Pete Dunne si logra volver a su nombre anterior.<\/span><\/span><\/p>\n<blockquote class=\"twitter-tweet\" data-media-max-width=\"560\">\n<p dir=\"ltr\" lang=\"en\">With William Regals Abrupt end in AEW. It seems to me the<br \/>\nBlackpool Combat Club was a complete waste of time, to me it seems the only person who really benefited from the BCC was <a href=\"https:\/\/twitter.com\/The_MJF?ref_src=twsrc%5Etfw\" target=\"_blank\" rel=\"noopener\">@The_MJF<\/a>.<a href=\"https:\/\/twitter.com\/hashtag\/AEWDynamite?src=hash&amp;ref_src=twsrc%5Etfw\" target=\"_blank\" rel=\"noopener\">#AEWDynamite<\/a> <a href=\"https:\/\/twitter.com\/hashtag\/AEW?src=hash&amp;ref_src=twsrc%5Etfw\" target=\"_blank\" rel=\"noopener\">#AEW<\/a> <a href=\"https:\/\/twitter.com\/hashtag\/BCC?src=hash&amp;ref_src=twsrc%5Etfw\" target=\"_blank\" rel=\"noopener\">#BCC<\/a> <a href=\"https:\/\/twitter.com\/hashtag\/BlackpoolCombatClub?src=hash&amp;ref_src=twsrc%5Etfw\" target=\"_blank\" rel=\"noopener\">#BlackpoolCombatClub<\/a> <a href=\"https:\/\/twitter.com\/AEW?ref_src=twsrc%5Etfw\" target=\"_blank\" rel=\"noopener\">@AEW<\/a> <a href=\"https:\/\/twitter.com\/hashtag\/WilliamRegal?src=hash&amp;ref_src=twsrc%5Etfw\" target=\"_blank\" rel=\"noopener\">#WilliamRegal<\/a> <a href=\"https:\/\/twitter.com\/hashtag\/MJF?src=hash&amp;ref_src=twsrc%5Etfw\" target=\"_blank\" rel=\"noopener\">#MJF<\/a> <a href=\"https:\/\/twitter.com\/hashtag\/AEWRampage?src=hash&amp;ref_src=twsrc%5Etfw\" target=\"_blank\" rel=\"noopener\">#AEWRampage<\/a> <a href=\"https:\/\/t.co\/BJ2530sEz8\">pic.twitter.com\/BJ2530sEz8<\/a><\/p>\n<p>\u2014 Big Gaz (@MrBigGazMan) <a href=\"https:\/\/twitter.com\/MrBigGazMan\/status\/1600250467275399168?ref_src=twsrc%5Etfw\" target=\"_blank\" rel=\"noopener\">December 6, 2022<\/a><\/p><\/blockquote>\n<p><script async src=\"https:\/\/platform.twitter.com\/widgets.js\" charset=\"utf-8\"><\/script><br \/>\n<span style=\"vertical-align: inherit;\"><span style=\"vertical-align: inherit;\">Los tres hombres se conocen bien, y como todos los dem\u00e1s grupos de SmackDown tienen managers en este momento, Kross &amp; AOP, The Judgment Day, LWO, etc., ser\u00eda prudente que avanzaran como un tr\u00edo en el futuro, para que haya alguien ah\u00ed fuera que les cuide las espaldas.<\/span><\/span><\/p>\n","protected":false},"excerpt":{"rendered":"<p>El episodio de esta semana de WWE Smackdown\u00a0estuvo completo e incluy\u00f3 un segmento entre Tyler Bate y Butch, donde pudo adelantar un posible cambio de nombre.<\/p>\n","protected":false},"author":1,"featured_media":241032,"comment_status":"closed","ping_status":"closed","sticky":false,"template":"","format":"standard","meta":{"footnotes":""},"categories":[5,38],"tags":[],"class_list":{"0":"post-241028","1":"post","2":"type-post","3":"status-publish","4":"format-standard","5":"has-post-thumbnail","7":"category-noticias","8":"category-noticias-y-rumores-de-la-wwe"},"_links":{"self":[{"href":"https:\/\/www.prwrestling.com\/nw\/wp-json\/wp\/v2\/posts\/241028","targetHints":{"allow":["GET"]}}],"collection":[{"href":"https:\/\/www.prwrestling.com\/nw\/wp-json\/wp\/v2\/posts"}],"about":[{"href":"https:\/\/www.prwrestling.com\/nw\/wp-json\/wp\/v2\/types\/post"}],"author":[{"embeddable":true,"href":"https:\/\/www.prwrestling.com\/nw\/wp-json\/wp\/v2\/users\/1"}],"replies":[{"embeddable":true,"href":"https:\/\/www.prwrestling.com\/nw\/wp-json\/wp\/v2\/comments?post=241028"}],"version-history":[{"count":3,"href":"https:\/\/www.prwrestling.com\/nw\/wp-json\/wp\/v2\/posts\/241028\/revisions"}],"predecessor-version":[{"id":241033,"href":"https:\/\/www.prwrestling.com\/nw\/wp-json\/wp\/v2\/posts\/241028\/revisions\/241033"}],"wp:featuredmedia":[{"embeddable":true,"href":"https:\/\/www.prwrestling.com\/nw\/wp-json\/wp\/v2\/media\/241032"}],"wp:attachment":[{"href":"https:\/\/www.prwrestling.com\/nw\/wp-json\/wp\/v2\/media?parent=241028"}],"wp:term":[{"taxonomy":"category","embeddable":true,"href":"https:\/\/www.prwrestling.com\/nw\/wp-json\/wp\/v2\/categories?post=241028"},{"taxonomy":"post_tag","embeddable":true,"href":"https:\/\/www.prwrestling.com\/nw\/wp-json\/wp\/v2\/tags?post=241028"}],"curies":[{"name":"wp","href":"https:\/\/api.w.org\/{rel}","templated":true}]}}