{"id":24113,"date":"2018-05-29T20:03:33","date_gmt":"2018-05-30T00:03:33","guid":{"rendered":"http:\/\/www.prwrestling.com\/nw\/?p=24113"},"modified":"2018-05-29T20:03:33","modified_gmt":"2018-05-30T00:03:33","slug":"rusev-habla-de-cuando-conocio-lana","status":"publish","type":"post","link":"https:\/\/www.prwrestling.com\/nw\/rusev-habla-de-cuando-conocio-lana\/","title":{"rendered":"Rusev habla de cuando conoci\u00f3 a Lana"},"content":{"rendered":"<p><a href=\"http:\/\/www.prwrestling.com\/nw\/wp-content\/uploads\/2015\/12\/lana-rusev.jpg\"><img loading=\"lazy\" decoding=\"async\" class=\"aligncenter  wp-image-6100\" src=\"http:\/\/www.prwrestling.com\/nw\/wp-content\/uploads\/2015\/12\/lana-rusev.jpg\" alt=\"\" width=\"539\" height=\"304\" srcset=\"https:\/\/www.prwrestling.com\/nw\/wp-content\/uploads\/2015\/12\/lana-rusev.jpg 620w, https:\/\/www.prwrestling.com\/nw\/wp-content\/uploads\/2015\/12\/lana-rusev-300x169.jpg 300w\" sizes=\"auto, (max-width: 539px) 100vw, 539px\" \/><\/a><\/p>\n<p>Rusev recientemente hizo una entrevista con TV + mientras estuvo en Bulgaria y aqu\u00ed hay algunos momentos destacados.<!--more--><\/p>\n<p><center><script type=\"text\/javascript\"><!-- google_ad_client = \"ca-pub-1244235910658811\"; \/* 300x250 derecha main page *\/ google_ad_slot = \"1988061967\"; google_ad_width = 300; google_ad_height = 250; \/\/--><\/script><script type=\"text\/javascript\" src=\"http:\/\/pagead2.googlesyndication.com\/pagead\/show_ads.js\">\n<\/script><\/center><i>C\u00f3mo conoci\u00f3 a Lana: <\/i><\/p>\n<p>&#8220;Llegu\u00e9 a conocerla desde el primer d\u00eda cuando comenc\u00e9 en la WWE. Despu\u00e9s de eso, Dusty Rhodes, Dios que descanse su alma, que estaba trabajando como director creativo en ese momento, nos uni\u00f3 porque ella hablaba ruso perfecto. Ella sol\u00eda vivir en Letonia por 12 a\u00f1os y es muy hermosa. As\u00ed es como tenemos que empezar a trabajar, entrenar y pasar mucho tiempo juntos. Las cosas simplemente sucedieron naturalmente.&#8221;<\/p>\n<p>Si hay otra promoci\u00f3n que se unir\u00eda si decidiera abandonar cada WWE:<\/p>\n<p>&#8220;Me encanta el lugar en el que estoy ahora y no considero nada m\u00e1s &#8230; excepto una carrera en el cine b\u00falgaro [risas]&#8221;.<\/p>\n<p><center><script type=\"text\/javascript\"><!-- google_ad_client = \"ca-pub-1244235910658811\"; \/* 300x250 derecha main page *\/ google_ad_slot = \"1988061967\"; google_ad_width = 300; google_ad_height = 250; \/\/--><\/script><script type=\"text\/javascript\" src=\"http:\/\/pagead2.googlesyndication.com\/pagead\/show_ads.js\">\n<\/script><\/center><\/p>\n","protected":false},"excerpt":{"rendered":"<p>Rusev recientemente hizo una entrevista con TV + mientras estuvo en Bulgaria y aqu\u00ed hay algunos momentos destacados.<\/p>\n","protected":false},"author":3,"featured_media":6100,"comment_status":"closed","ping_status":"closed","sticky":false,"template":"","format":"standard","meta":{"footnotes":""},"categories":[5],"tags":[],"class_list":{"0":"post-24113","1":"post","2":"type-post","3":"status-publish","4":"format-standard","5":"has-post-thumbnail","7":"category-noticias"},"_links":{"self":[{"href":"https:\/\/www.prwrestling.com\/nw\/wp-json\/wp\/v2\/posts\/24113","targetHints":{"allow":["GET"]}}],"collection":[{"href":"https:\/\/www.prwrestling.com\/nw\/wp-json\/wp\/v2\/posts"}],"about":[{"href":"https:\/\/www.prwrestling.com\/nw\/wp-json\/wp\/v2\/types\/post"}],"author":[{"embeddable":true,"href":"https:\/\/www.prwrestling.com\/nw\/wp-json\/wp\/v2\/users\/3"}],"replies":[{"embeddable":true,"href":"https:\/\/www.prwrestling.com\/nw\/wp-json\/wp\/v2\/comments?post=24113"}],"version-history":[{"count":1,"href":"https:\/\/www.prwrestling.com\/nw\/wp-json\/wp\/v2\/posts\/24113\/revisions"}],"predecessor-version":[{"id":24121,"href":"https:\/\/www.prwrestling.com\/nw\/wp-json\/wp\/v2\/posts\/24113\/revisions\/24121"}],"wp:featuredmedia":[{"embeddable":true,"href":"https:\/\/www.prwrestling.com\/nw\/wp-json\/wp\/v2\/media\/6100"}],"wp:attachment":[{"href":"https:\/\/www.prwrestling.com\/nw\/wp-json\/wp\/v2\/media?parent=24113"}],"wp:term":[{"taxonomy":"category","embeddable":true,"href":"https:\/\/www.prwrestling.com\/nw\/wp-json\/wp\/v2\/categories?post=24113"},{"taxonomy":"post_tag","embeddable":true,"href":"https:\/\/www.prwrestling.com\/nw\/wp-json\/wp\/v2\/tags?post=24113"}],"curies":[{"name":"wp","href":"https:\/\/api.w.org\/{rel}","templated":true}]}}