{"id":241162,"date":"2024-01-14T08:03:00","date_gmt":"2024-01-14T13:03:00","guid":{"rendered":"https:\/\/www.prwrestling.com\/nw\/?p=241162"},"modified":"2024-01-14T08:03:00","modified_gmt":"2024-01-14T13:03:00","slug":"brock-lesnar-regresara-a-raw-y-retara-a-leyenda-de-la-wwe-para-un-ultimo-combate-explorando-las-posibilidades","status":"publish","type":"post","link":"https:\/\/www.prwrestling.com\/nw\/brock-lesnar-regresara-a-raw-y-retara-a-leyenda-de-la-wwe-para-un-ultimo-combate-explorando-las-posibilidades\/","title":{"rendered":"\u00bfBrock Lesnar regresar\u00e1 a RAW y retar\u00e1 a leyenda de la WWE para un \u00faltimo combate? Explorando las posibilidades"},"content":{"rendered":"<p><span style=\"vertical-align: inherit;\"><span style=\"vertical-align: inherit;\">Con el evento en vivo Royal Rumble Premium 2024 a solo unas semanas de distancia, Brock Lesnar todav\u00eda no aparece en la TV de WWE.<\/span><\/span><!--more--><div id=\"ad-slot\" style=\"min-width: 300px; min-height: 250px;\">\r\n<p style=\"text-align: center;\">\r\n<script async src=\"https:\/\/pagead2.googlesyndication.com\/pagead\/js\/adsbygoogle.js\"><\/script>\r\n<!-- 300x250 sc a -->\r\n<ins class=\"adsbygoogle\"\r\n     style=\"display:inline-block;width:300px;height:250px\"\r\n     data-ad-client=\"ca-pub-1244235910658811\"\r\n     data-ad-slot=\"8592682546\"><\/ins>\r\n<script>\r\n     (adsbygoogle = window.adsbygoogle || []).push({});\r\n<\/script><\/center>\r\n<\/p><\/div><\/p>\n<p><span style=\"vertical-align: inherit;\"><span style=\"vertical-align: inherit;\">La Bestia Encarnada fue vista por \u00faltima vez en calidad de luchador cuando perdi\u00f3 ante Cody Rhodes para culminar su trilog\u00eda en SummerSlam en 2023. Desde entonces, la estrella de 46 a\u00f1os ha estado en una pausa, pero un <a href=\"https:\/\/www.prwrestling.com\/nw\/roman-reigns-y-estrella-de-la-wwe-de-39-anos-se-uniran-a-brock-lesnar-y-otras-dos-superestrellas-en-una-lista-especial\/\">rumor<\/a><\/span><span style=\"vertical-align: inherit;\"> dice que su breve a\u00f1o sab\u00e1tico podr\u00eda terminar pronto.<\/span><\/span><\/p>\n<p><span style=\"vertical-align: inherit;\"><span style=\"vertical-align: inherit;\">Brock Lesnar ha estado fuertemente vinculado con el regreso de Royal Rumble \u00faltimamente. Sin embargo, la compa\u00f1\u00eda con sede en Stamford estar\u00eda cometiendo un error al incluirlo en el partido hom\u00f3nimo de 30 hombres, que ya ha ganado dos veces en su carrera.<\/span><\/span><\/p>\n<div id=\"ad-slot\" style=\"min-width: 300px; min-height: 250px;\"><p style=\"text-align: center;\">\r\n<script async src=\"https:\/\/pagead2.googlesyndication.com\/pagead\/js\/adsbygoogle.js\"><\/script>\r\n<!-- Responsive sc c -->\r\n<ins class=\"adsbygoogle\"\r\n     style=\"display:block\"\r\n     data-ad-client=\"ca-pub-1244235910658811\"\r\n     data-ad-slot=\"4234005358\"\r\n     data-ad-format=\"auto\"\r\n     data-full-width-responsive=\"true\"><\/ins>\r\n<script>\r\n     (adsbygoogle = window.adsbygoogle || []).push({});\r\n<\/script><\/p><\/div>\n<p><span style=\"vertical-align: inherit;\"><span style=\"vertical-align: inherit;\">No hay nada que Lesnar no haya logrado en este negocio excepto borrar la \u00fanica mancha de su carrera, y su nombre es Batista. Ambos hombres comenzaron sus respectivas carreras en Ohio Valley Wrestling, un antiguo territorio de desarrollo de la WWE.<\/span><\/span><\/p>\n<p><span style=\"vertical-align: inherit;\"><span style=\"vertical-align: inherit;\">Sin embargo, los dos hombres\u00a0<\/span><\/span><span style=\"vertical-align: inherit;\"><span style=\"vertical-align: inherit;\">nunca se cruzaron<\/span><\/span><span style=\"vertical-align: inherit;\"><span style=\"vertical-align: inherit;\">, al menos no en la televisi\u00f3n, lo cual es una verdadera l\u00e1stima. El Animal <a href=\"https:\/\/www.prwrestling.com\/nw\/tag\/batista\">Batista<\/a> y La Bestia Encarnada lucharon entre s\u00ed dos veces, una en Ohio Valley Wrestling y la otra durante un house show de RAW hace casi dos d\u00e9cadas atr\u00e1s.<\/span><\/span><\/p>\n<blockquote class=\"twitter-tweet\">\n<p dir=\"ltr\" lang=\"en\">Hear me out y&#8217;all&#8230;<\/p>\n<p>WrestleMania 40. <a href=\"https:\/\/t.co\/2adfekZXoS\">pic.twitter.com\/2adfekZXoS<\/a><\/p>\n<p>\u2014 EliteRockerz  (@EliteClubS0B) <a href=\"https:\/\/twitter.com\/EliteClubS0B\/status\/1744430655109550182?ref_src=twsrc%5Etfw\" target=\"_blank\" rel=\"noopener\">January 8, 2024<\/a><\/p><\/blockquote>\n<p><script async src=\"https:\/\/platform.twitter.com\/widgets.js\" charset=\"utf-8\"><\/script><br \/>\n<span style=\"vertical-align: inherit;\"><span style=\"vertical-align: inherit;\">Lesnar y Batista est\u00e1n actualmente empatados uno a uno, con un choque de revancha en espera Es poco probable que el combate so\u00f1ado se produzca pronto. Sin embargo, The Animal ha generado especulaciones sobre su regreso al ring despu\u00e9s de que public\u00f3 una foto de su impresionante transformaci\u00f3n corporal.<\/span><\/span><\/p>\n<p><span style=\"vertical-align: inherit;\"><span style=\"vertical-align: inherit;\">La leyenda de la WWE de 54 a\u00f1os se retir\u00f3 poco despu\u00e9s de perder ante Triple H en WrestleMania 35. Con una posible incorporaci\u00f3n al Sal\u00f3n de la Fama acerc\u00e1ndose, la compa\u00f1\u00eda con sede en Stamford puede traer de vuelta a Batista para un \u00faltimo combate si su salud lo permite.<\/span><\/span><\/p>\n<p><span style=\"vertical-align: inherit;\"><span style=\"vertical-align: inherit;\">Brock Lesnar puede llamarlo para una confrontaci\u00f3n cara a cara en RAW en las pr\u00f3ximas semanas para preparar un enfrentamiento de gran \u00e9xito en WrestleMania 40. Una combinaci\u00f3n de este poder estelar atraer\u00eda importantes miradas hacia el producto antes del show m\u00e1s grande del a\u00f1o. \u00bfLa guerra de fantas\u00eda se convertir\u00e1 en realidad? S\u00f3lo el tiempo dir\u00e1.<\/span><\/span><\/p>\n<h2><span style=\"vertical-align: inherit;\"><span style=\"vertical-align: inherit;\">Batista habl\u00f3 sobre su combate contra Brock Lesnar<\/span><\/span><\/h2>\n<p><span style=\"vertical-align: inherit;\"><span style=\"vertical-align: inherit;\">Mientras hablaba en el podcast <\/span><\/span><a href=\"https:\/\/podcasts.apple.com\/us\/podcast\/talk-is-jericho\/id767016946\" target=\"_blank\" rel=\"noopener\"><em style=\"font-size: 16px;\"><span style=\"vertical-align: inherit;\"><span style=\"vertical-align: inherit;\">Talk is Jericho<\/span><\/span><\/em><\/a><span style=\"font-size: 16px;\"><span style=\"vertical-align: inherit;\"><span style=\"vertical-align: inherit;\"> hace a\u00f1os, la ex superestrella de la WWE Batista descart\u00f3 en broma la idea de otra pelea con Brock Lesnar.<\/span><\/span><\/span><\/p>\n<blockquote><p><span style=\"vertical-align: inherit;\"><span style=\"vertical-align: inherit;\">&#8220;S\u00f3lo trabaj\u00e9 con Brock en OVW. Trabaj\u00f3 en un show en la WWE, (&#8230;) simplemente me sac\u00f3 del trabajo. Fue un squash total. Ni siquiera hab\u00eda&#8230; hab\u00edamos estado con Evolution. No s\u00e9 si quiero que Brock me deje caer de cabeza&#8221;. dijo Batista.<\/span><\/span><\/p><\/blockquote>\n<blockquote class=\"twitter-tweet\">\n<p dir=\"ltr\" lang=\"en\">brock lesnar tossing batista over his head as if he were a man half his size<\/p>\n<p>incredible <a href=\"https:\/\/t.co\/qURTBjerrg\">pic.twitter.com\/qURTBjerrg<\/a><\/p>\n<p>\u2014 crash and burn holly (@gifapalooza) <a href=\"https:\/\/twitter.com\/gifapalooza\/status\/1444864703969349632?ref_src=twsrc%5Etfw\" target=\"_blank\" rel=\"noopener\">October 4, 2021<\/a><\/p><\/blockquote>\n<p><script async src=\"https:\/\/platform.twitter.com\/widgets.js\" charset=\"utf-8\"><\/script><br \/>\n<span style=\"vertical-align: inherit;\"><span style=\"vertical-align: inherit;\">Sin embargo, hay una persona que ha expresado que no quiere volver a enfrentarse a La Bestia Encarnada en su carrera. Puedes hacer clic <\/span><\/span><strong><a href=\"https:\/\/www.prwrestling.com\/nw\/no-quiero-volver-nunca-mas-a-suplex-city-dice-estrella-de-la-wwe-traicionada-por-brock-lesnar\/\" target=\"_blank\" rel=\"noopener noreferrer\" data-is-sponsored=\"false\"><span style=\"vertical-align: inherit;\"><span style=\"vertical-align: inherit;\"><span style=\"color: #993300;\">aqu\u00ed<\/span><\/span><\/span><\/a><\/strong><span style=\"vertical-align: inherit;\"><span style=\"vertical-align: inherit;\"> para descubrir qui\u00e9n es ese luchador. Queda por ver lo que WWE tiene planeado para Brock Lesnar en el futuro cercano.<\/span><\/span><\/p>\n<p>Batista revela que constantemente pensaba que iba a perder su trabajo en la WWE. <span style=\"color: #993300;\"><strong><a style=\"color: #993300;\" href=\"https:\/\/www.prwrestling.com\/nw\/batista-revela-siempre-pensaba-iba-a-perder-su-trabajo-en-wwe\/\">Lee sus declaraciones aqu\u00ed<\/a><\/strong><\/span><\/p>\n","protected":false},"excerpt":{"rendered":"<p>Con el evento en vivo Royal Rumble Premium 2024 a solo unas semanas de distancia, Brock Lesnar todav\u00eda no aparece en la TV de WWE.<\/p>\n","protected":false},"author":1,"featured_media":241166,"comment_status":"closed","ping_status":"closed","sticky":false,"template":"","format":"standard","meta":{"footnotes":""},"categories":[5,38],"tags":[10],"class_list":{"0":"post-241162","1":"post","2":"type-post","3":"status-publish","4":"format-standard","5":"has-post-thumbnail","7":"category-noticias","8":"category-noticias-y-rumores-de-la-wwe","9":"tag-brock-lesnar"},"_links":{"self":[{"href":"https:\/\/www.prwrestling.com\/nw\/wp-json\/wp\/v2\/posts\/241162","targetHints":{"allow":["GET"]}}],"collection":[{"href":"https:\/\/www.prwrestling.com\/nw\/wp-json\/wp\/v2\/posts"}],"about":[{"href":"https:\/\/www.prwrestling.com\/nw\/wp-json\/wp\/v2\/types\/post"}],"author":[{"embeddable":true,"href":"https:\/\/www.prwrestling.com\/nw\/wp-json\/wp\/v2\/users\/1"}],"replies":[{"embeddable":true,"href":"https:\/\/www.prwrestling.com\/nw\/wp-json\/wp\/v2\/comments?post=241162"}],"version-history":[{"count":2,"href":"https:\/\/www.prwrestling.com\/nw\/wp-json\/wp\/v2\/posts\/241162\/revisions"}],"predecessor-version":[{"id":241167,"href":"https:\/\/www.prwrestling.com\/nw\/wp-json\/wp\/v2\/posts\/241162\/revisions\/241167"}],"wp:featuredmedia":[{"embeddable":true,"href":"https:\/\/www.prwrestling.com\/nw\/wp-json\/wp\/v2\/media\/241166"}],"wp:attachment":[{"href":"https:\/\/www.prwrestling.com\/nw\/wp-json\/wp\/v2\/media?parent=241162"}],"wp:term":[{"taxonomy":"category","embeddable":true,"href":"https:\/\/www.prwrestling.com\/nw\/wp-json\/wp\/v2\/categories?post=241162"},{"taxonomy":"post_tag","embeddable":true,"href":"https:\/\/www.prwrestling.com\/nw\/wp-json\/wp\/v2\/tags?post=241162"}],"curies":[{"name":"wp","href":"https:\/\/api.w.org\/{rel}","templated":true}]}}