{"id":244252,"date":"2024-01-25T21:45:53","date_gmt":"2024-01-26T02:45:53","guid":{"rendered":"https:\/\/www.prwrestling.com\/nw\/?p=244252"},"modified":"2024-01-25T21:45:53","modified_gmt":"2024-01-26T02:45:53","slug":"sheamus-envia-un-mensaje-sincero-despues-de-que-wwe-libere-a-talento-de-smackdown","status":"publish","type":"post","link":"https:\/\/www.prwrestling.com\/nw\/sheamus-envia-un-mensaje-sincero-despues-de-que-wwe-libere-a-talento-de-smackdown\/","title":{"rendered":"Sheamus env\u00eda un mensaje sincero despu\u00e9s de que WWE libere a talento de SmackDown"},"content":{"rendered":"<p><span style=\"vertical-align: inherit;\"><span style=\"vertical-align: inherit;\">La superestrella de la <a href=\"https:\/\/www.prwrestling.com\/nw\/category\/noticias-wwe\/\">WWE<\/a>, Sheamus, recurri\u00f3 a las redes sociales para enviarle un sincero mensaje a Kevin Patrick despu\u00e9s de que este \u00faltimo fuera liberado de su contrato hoy.<\/span><\/span><!--more--><\/p>\n<div id=\"ad-slot\" style=\"min-width: 300px; min-height: 250px;\">\r\n<p style=\"text-align: center;\">\r\n<script async src=\"https:\/\/pagead2.googlesyndication.com\/pagead\/js\/adsbygoogle.js\"><\/script>\r\n<!-- 300x250 sc a -->\r\n<ins class=\"adsbygoogle\"\r\n     style=\"display:inline-block;width:300px;height:250px\"\r\n     data-ad-client=\"ca-pub-1244235910658811\"\r\n     data-ad-slot=\"8592682546\"><\/ins>\r\n<script>\r\n     (adsbygoogle = window.adsbygoogle || []).push({});\r\n<\/script><\/center>\r\n<\/p><\/div>\n<p><span style=\"vertical-align: inherit;\"><span style=\"vertical-align: inherit;\">El narrador de 38 a\u00f1os form\u00f3 parte de la promoci\u00f3n con sede en Stamford durante casi tres a\u00f1os. Despu\u00e9s de trabajar inicialmente como entrevistador detr\u00e1s del escenario, Patrick se uni\u00f3 a la mesa de comentaristas despu\u00e9s de la partida del comentarista Jimmy Smith. La estrella irlandesa fue parte de SmackDown pero recientemente fue eliminada de la marca. Hoy se <\/span><\/span><span style=\"vertical-align: inherit;\"><span style=\"vertical-align: inherit;\">anunci\u00f3<\/span><\/span><span style=\"vertical-align: inherit;\"><span style=\"vertical-align: inherit;\"> que hab\u00eda sido liberado de su contrato.<\/span><\/span><\/p>\n<p><span style=\"vertical-align: inherit;\"><span style=\"vertical-align: inherit;\"><a href=\"https:\/\/www.prwrestling.com\/nw\/tag\/sheamus\">Sheamus<\/a>, quien ha estado fuera de acci\u00f3n durante los \u00faltimos meses, envi\u00f3 un mensaje de despedida a Kevin en X\/Twitter. El Guerrero Celta tambi\u00e9n dese\u00f3 a sus compatriotas los mejores deseos para el futuro:<\/span><\/span><\/p>\n<div id=\"ad-slot\" style=\"min-width: 300px; min-height: 250px;\"><p style=\"text-align: center;\">\r\n<script async src=\"https:\/\/pagead2.googlesyndication.com\/pagead\/js\/adsbygoogle.js\"><\/script>\r\n<!-- Responsive sc c -->\r\n<ins class=\"adsbygoogle\"\r\n     style=\"display:block\"\r\n     data-ad-client=\"ca-pub-1244235910658811\"\r\n     data-ad-slot=\"4234005358\"\r\n     data-ad-format=\"auto\"\r\n     data-full-width-responsive=\"true\"><\/ins>\r\n<script>\r\n     (adsbygoogle = window.adsbygoogle || []).push({});\r\n<\/script><\/p><\/div>\n<blockquote><p><span style=\"vertical-align: inherit;\"><span style=\"vertical-align: inherit;\">&#8220;Es un gran privilegio haber trabajado con Kevin Patrick, un verdadero profesional y un verdadero irland\u00e9s. Espero ver m\u00e1s cosas maravillosas de este tipo en el futuro&#8230; \u00a1que el camino se levante para conocerte!&#8221;<\/span><\/span><\/p><\/blockquote>\n<blockquote class=\"twitter-tweet\">\n<p dir=\"ltr\" lang=\"en\">Such a privilege to have worked with Kevin Patrick, a true professional and a true Irish man. I hope to see more great things from this fella in the future.. may the road rise to meet ya <a href=\"https:\/\/twitter.com\/kev_egan?ref_src=twsrc%5Etfw\" target=\"_blank\" rel=\"noopener\">@kev_egan<\/a>!<\/p>\n<p>Slainte &#x1f943;<\/p>\n<p>\u2014 Sheamus (@WWESheamus) <a href=\"https:\/\/twitter.com\/WWESheamus\/status\/1750593284978929994?ref_src=twsrc%5Etfw\" target=\"_blank\" rel=\"noopener\">January 25, 2024<\/a><\/p><\/blockquote>\n<p><script async src=\"https:\/\/platform.twitter.com\/widgets.js\" charset=\"utf-8\"><\/script><\/p>\n<h2><span style=\"vertical-align: inherit;\"><span style=\"vertical-align: inherit;\">Sheamus se acerca al final de su contrato con la WWE<\/span><\/span><\/h2>\n<p><span style=\"vertical-align: inherit;\"><span style=\"vertical-align: inherit;\">Sheamus ha sido parte del gigante global durante m\u00e1s de 15 a\u00f1os, durante los cuales ha ganado m\u00faltiples campeonatos y premios. Sin embargo, el Guerrero Celta ha pasado a un segundo plano en los \u00faltimos a\u00f1os y no ha estado involucrado en muchas historias notables.<\/span><\/span><\/p>\n<p><span style=\"vertical-align: inherit;\"><span style=\"vertical-align: inherit;\">Hace un tiempo se <\/span><\/span><span style=\"vertical-align: inherit;\"><span style=\"vertical-align: inherit;\">inform\u00f3<\/span><\/span><span style=\"vertical-align: inherit;\"><span style=\"vertical-align: inherit;\"> que se acerca al final de su contrato, y su contrato actual finalizar\u00e1 en el primer trimestre de 2024. No ha habido actualizaciones sobre la renovaci\u00f3n y es posible que la estrella pueda dejar la empresa pronto.<\/span><\/span><\/p>\n<p><span style=\"vertical-align: inherit;\"><span style=\"vertical-align: inherit;\">El Guerrero Celta no ha sido visto en la programaci\u00f3n de la WWE <a href=\"https:\/\/www.prwrestling.com\/nw\/sheamus-le-dio-un-obsequio-a-edge-luego-de-wwe-smackdown\/\">desde su combate contra Edge en SmackDown<\/a> en agosto. Ese tambi\u00e9n fue el \u00faltimo combate de la Superestrella Rated R en la WWE cuando se dirigi\u00f3 a AEW poco despu\u00e9s.<\/span><\/span><\/p>\n<blockquote class=\"twitter-tweet\">\n<p dir=\"ltr\" lang=\"en\">Edge giving Sheamus his flowers is so cool to see, a living legend. <a href=\"https:\/\/t.co\/WT4j3K0sT4\">pic.twitter.com\/WT4j3K0sT4<\/a><\/p>\n<p>\u2014 Wrestle Ops (@WrestleOps) <a href=\"https:\/\/twitter.com\/WrestleOps\/status\/1693360983513653621?ref_src=twsrc%5Etfw\" target=\"_blank\" rel=\"noopener\">August 20, 2023<\/a><\/p><\/blockquote>\n<p><script async src=\"https:\/\/platform.twitter.com\/widgets.js\" charset=\"utf-8\"><\/script><\/p>\n","protected":false},"excerpt":{"rendered":"<p>La superestrella de la WWE, Sheamus, recurri\u00f3 a las redes sociales para enviarle un sincero mensaje a Kevin Patrick despu\u00e9s de que este \u00faltimo fuera liberado de su contrato hoy.<\/p>\n","protected":false},"author":1,"featured_media":244271,"comment_status":"closed","ping_status":"closed","sticky":false,"template":"","format":"standard","meta":{"footnotes":""},"categories":[5,38],"tags":[1897],"class_list":{"0":"post-244252","1":"post","2":"type-post","3":"status-publish","4":"format-standard","5":"has-post-thumbnail","7":"category-noticias","8":"category-noticias-y-rumores-de-la-wwe","9":"tag-sheamus"},"_links":{"self":[{"href":"https:\/\/www.prwrestling.com\/nw\/wp-json\/wp\/v2\/posts\/244252","targetHints":{"allow":["GET"]}}],"collection":[{"href":"https:\/\/www.prwrestling.com\/nw\/wp-json\/wp\/v2\/posts"}],"about":[{"href":"https:\/\/www.prwrestling.com\/nw\/wp-json\/wp\/v2\/types\/post"}],"author":[{"embeddable":true,"href":"https:\/\/www.prwrestling.com\/nw\/wp-json\/wp\/v2\/users\/1"}],"replies":[{"embeddable":true,"href":"https:\/\/www.prwrestling.com\/nw\/wp-json\/wp\/v2\/comments?post=244252"}],"version-history":[{"count":3,"href":"https:\/\/www.prwrestling.com\/nw\/wp-json\/wp\/v2\/posts\/244252\/revisions"}],"predecessor-version":[{"id":244272,"href":"https:\/\/www.prwrestling.com\/nw\/wp-json\/wp\/v2\/posts\/244252\/revisions\/244272"}],"wp:featuredmedia":[{"embeddable":true,"href":"https:\/\/www.prwrestling.com\/nw\/wp-json\/wp\/v2\/media\/244271"}],"wp:attachment":[{"href":"https:\/\/www.prwrestling.com\/nw\/wp-json\/wp\/v2\/media?parent=244252"}],"wp:term":[{"taxonomy":"category","embeddable":true,"href":"https:\/\/www.prwrestling.com\/nw\/wp-json\/wp\/v2\/categories?post=244252"},{"taxonomy":"post_tag","embeddable":true,"href":"https:\/\/www.prwrestling.com\/nw\/wp-json\/wp\/v2\/tags?post=244252"}],"curies":[{"name":"wp","href":"https:\/\/api.w.org\/{rel}","templated":true}]}}