{"id":244296,"date":"2024-01-26T07:10:14","date_gmt":"2024-01-26T12:10:14","guid":{"rendered":"https:\/\/www.prwrestling.com\/nw\/?p=244296"},"modified":"2024-01-26T07:10:14","modified_gmt":"2024-01-26T12:10:14","slug":"mustafa-ali-se-dirige-a-tna-tras-presentar-declaraciones-en-impact","status":"publish","type":"post","link":"https:\/\/www.prwrestling.com\/nw\/mustafa-ali-se-dirige-a-tna-tras-presentar-declaraciones-en-impact\/","title":{"rendered":"Mustafa Ali se dirige a TNA tras presentar declaraciones en Impact"},"content":{"rendered":"<p><span style=\"vertical-align: inherit;\"><span style=\"vertical-align: inherit;\">Mustafa Ali est\u00e1 camino a TNA Wrestling.<\/span><\/span><!--more--><\/p>\n<div id=\"ad-slot\" style=\"min-width: 300px; min-height: 250px;\">\r\n<p style=\"text-align: center;\">\r\n<script async src=\"https:\/\/pagead2.googlesyndication.com\/pagead\/js\/adsbygoogle.js\"><\/script>\r\n<!-- 300x250 sc a -->\r\n<ins class=\"adsbygoogle\"\r\n     style=\"display:inline-block;width:300px;height:250px\"\r\n     data-ad-client=\"ca-pub-1244235910658811\"\r\n     data-ad-slot=\"8592682546\"><\/ins>\r\n<script>\r\n     (adsbygoogle = window.adsbygoogle || []).push({});\r\n<\/script><\/center>\r\n<\/p><\/div>\n<p><span style=\"vertical-align: inherit;\"><span style=\"vertical-align: inherit;\">Un v\u00eddeo promocional que muestra el debut de Ali en TNA se emiti\u00f3 en el episodio de Impact del jueves despu\u00e9s de los cr\u00e9ditos posteriores al programa.<\/span><\/span><\/p>\n<p><span style=\"vertical-align: inherit;\"><span style=\"vertical-align: inherit;\">En el video, una voz\u00a0 dec\u00eda que <a href=\"https:\/\/www.prwrestling.com\/nw\/tag\/tna\">TNA<\/a> hab\u00eda experimentado recientemente cambios graduales que se hab\u00edan estado construyendo durante a\u00f1os, pero que un &#8220;factor X&#8221; pronto introducir\u00eda un tipo diferente de cambio en TNA.<\/span><\/span><\/p>\n<div id=\"ad-slot\" style=\"min-width: 300px; min-height: 250px;\"><p style=\"text-align: center;\">\r\n<script async src=\"https:\/\/pagead2.googlesyndication.com\/pagead\/js\/adsbygoogle.js\"><\/script>\r\n<!-- Responsive sc c -->\r\n<ins class=\"adsbygoogle\"\r\n     style=\"display:block\"\r\n     data-ad-client=\"ca-pub-1244235910658811\"\r\n     data-ad-slot=\"4234005358\"\r\n     data-ad-format=\"auto\"\r\n     data-full-width-responsive=\"true\"><\/ins>\r\n<script>\r\n     (adsbygoogle = window.adsbygoogle || []).push({});\r\n<\/script><\/p><\/div>\n<p><span style=\"vertical-align: inherit;\"><span style=\"vertical-align: inherit;\">El video termin\u00f3 con Ali pronunciando su eslogan &#8220;Soy Mustafa Ali y apruebo este mensaje&#8221;, parte del car\u00e1cter pol\u00edtico que ha desarrollado para su carrera posterior a la WWE.<\/span><\/span><\/p>\n<p><span style=\"vertical-align: inherit;\"><span style=\"vertical-align: inherit;\">Ali public\u00f3 en X:<\/span><\/span><\/p>\n<blockquote class=\"twitter-tweet\">\n<p dir=\"ltr\" lang=\"en\">\u201cI\u2019m <a href=\"https:\/\/twitter.com\/MustafaAli_X?ref_src=twsrc%5Etfw\" target=\"_blank\" rel=\"noopener\">@MustafaAli_X<\/a> and I approve this message.\u201d <a href=\"https:\/\/twitter.com\/hashtag\/TNAiMPACT?src=hash&amp;ref_src=twsrc%5Etfw\" target=\"_blank\" rel=\"noopener\">#TNAiMPACT<\/a> <a href=\"https:\/\/t.co\/jgKzEUt9W0\">pic.twitter.com\/jgKzEUt9W0<\/a><\/p>\n<p>\u2014 TNA Wrestling (@ThisIsTNA) <a href=\"https:\/\/twitter.com\/ThisIsTNA\/status\/1750715471156969727?ref_src=twsrc%5Etfw\" target=\"_blank\" rel=\"noopener\">January 26, 2024<\/a><\/p><\/blockquote>\n<p><script async src=\"https:\/\/platform.twitter.com\/widgets.js\" charset=\"utf-8\"><\/script><\/p>\n<p><span style=\"vertical-align: inherit;\"><span style=\"vertical-align: inherit;\">Ali dej\u00f3 la WWE en septiembre de 2023 despu\u00e9s de una carrera de siete a\u00f1os con la promoci\u00f3n que lo incluy\u00f3 solicitando su liberaci\u00f3n p\u00fablicamente en 2022.<\/span><\/span><\/p>\n<p><span style=\"vertical-align: inherit;\"><span style=\"vertical-align: inherit;\">En diciembre de 2023, <a href=\"https:\/\/www.prwrestling.com\/nw\/tag\/mustafa-ali\">Mustafa Ali<\/a> anunci\u00f3 su &#8220;campa\u00f1a de gira mundial&#8221; en la que desde entonces lo ha visto luchar para GCW, adem\u00e1s de en un evento independiente en Francia.<\/span><\/span><\/p>\n<p><span style=\"vertical-align: inherit;\"><span style=\"vertical-align: inherit;\">Su debut en NJPW tambi\u00e9n est\u00e1 programado para el 12 de abril en Windy City Riot en Chicago, donde se enfrentar\u00e1 al ex campe\u00f3n de peso pesado junior de IWGP, Hiromu Takahashi.<\/span><\/span><\/p>\n","protected":false},"excerpt":{"rendered":"<p>Mustafa Ali est\u00e1 camino a TNA Wrestling.<\/p>\n","protected":false},"author":1,"featured_media":244329,"comment_status":"closed","ping_status":"closed","sticky":false,"template":"","format":"standard","meta":{"footnotes":""},"categories":[5],"tags":[6707,7529],"class_list":{"0":"post-244296","1":"post","2":"type-post","3":"status-publish","4":"format-standard","5":"has-post-thumbnail","7":"category-noticias","8":"tag-mustafa-ali","9":"tag-tna"},"_links":{"self":[{"href":"https:\/\/www.prwrestling.com\/nw\/wp-json\/wp\/v2\/posts\/244296","targetHints":{"allow":["GET"]}}],"collection":[{"href":"https:\/\/www.prwrestling.com\/nw\/wp-json\/wp\/v2\/posts"}],"about":[{"href":"https:\/\/www.prwrestling.com\/nw\/wp-json\/wp\/v2\/types\/post"}],"author":[{"embeddable":true,"href":"https:\/\/www.prwrestling.com\/nw\/wp-json\/wp\/v2\/users\/1"}],"replies":[{"embeddable":true,"href":"https:\/\/www.prwrestling.com\/nw\/wp-json\/wp\/v2\/comments?post=244296"}],"version-history":[{"count":4,"href":"https:\/\/www.prwrestling.com\/nw\/wp-json\/wp\/v2\/posts\/244296\/revisions"}],"predecessor-version":[{"id":244335,"href":"https:\/\/www.prwrestling.com\/nw\/wp-json\/wp\/v2\/posts\/244296\/revisions\/244335"}],"wp:featuredmedia":[{"embeddable":true,"href":"https:\/\/www.prwrestling.com\/nw\/wp-json\/wp\/v2\/media\/244329"}],"wp:attachment":[{"href":"https:\/\/www.prwrestling.com\/nw\/wp-json\/wp\/v2\/media?parent=244296"}],"wp:term":[{"taxonomy":"category","embeddable":true,"href":"https:\/\/www.prwrestling.com\/nw\/wp-json\/wp\/v2\/categories?post=244296"},{"taxonomy":"post_tag","embeddable":true,"href":"https:\/\/www.prwrestling.com\/nw\/wp-json\/wp\/v2\/tags?post=244296"}],"curies":[{"name":"wp","href":"https:\/\/api.w.org\/{rel}","templated":true}]}}