{"id":24662,"date":"2018-06-07T20:12:35","date_gmt":"2018-06-08T00:12:35","guid":{"rendered":"http:\/\/www.prwrestling.com\/nw\/?p=24662"},"modified":"2018-06-07T20:12:35","modified_gmt":"2018-06-08T00:12:35","slug":"cm-punk-aclara-que-no-interesa-volver-la-lucha-libre","status":"publish","type":"post","link":"https:\/\/www.prwrestling.com\/nw\/cm-punk-aclara-que-no-interesa-volver-la-lucha-libre\/","title":{"rendered":"CM Punk aclara que no interesa volver a la lucha libre"},"content":{"rendered":"<p><a href=\"http:\/\/www.prwrestling.com\/nw\/wp-content\/uploads\/2017\/06\/cm-punk.jpg\"><img data-dominant-color=\"715748\" data-has-transparency=\"false\" style=\"--dominant-color: #715748;\" loading=\"lazy\" decoding=\"async\" class=\"aligncenter size-full wp-image-13651 not-transparent\" src=\"http:\/\/www.prwrestling.com\/nw\/wp-content\/uploads\/2017\/06\/cm-punk.jpg\" alt=\"\" width=\"642\" height=\"361\" srcset=\"https:\/\/www.prwrestling.com\/nw\/wp-content\/uploads\/2017\/06\/cm-punk.jpg 642w, https:\/\/www.prwrestling.com\/nw\/wp-content\/uploads\/2017\/06\/cm-punk-300x169.jpg 300w, https:\/\/www.prwrestling.com\/nw\/wp-content\/uploads\/2017\/06\/cm-punk-150x84.jpg 150w, https:\/\/www.prwrestling.com\/nw\/wp-content\/uploads\/2017\/06\/cm-punk-450x253.jpg 450w\" sizes=\"auto, (max-width: 642px) 100vw, 642px\" \/><\/a><\/p>\n<p>CM Punk fue entrevistado hoy por TSN Sports para promover la pelea del s\u00e1bado contra Mike Jackson en UFC 225 en Chicago. <!--more-->Bronsteter mencion\u00f3 que Terry Funk, miembro del Sal\u00f3n de la Fama WWE, sigui\u00f3 luchando hasta los 70 a\u00f1os y le pregunt\u00f3 a Punk si hab\u00eda descartado regresar al ring.<\/p>\n<p><center><script type=\"text\/javascript\"><!-- google_ad_client = \"ca-pub-1244235910658811\"; \/* 300x250 derecha main page *\/ google_ad_slot = \"1988061967\"; google_ad_width = 300; google_ad_height = 250; \/\/--><\/script><script type=\"text\/javascript\" src=\"http:\/\/pagead2.googlesyndication.com\/pagead\/show_ads.js\">\n<\/script><\/center>&#8220;Ayer dije muchas cosas sobre la lucha, sobre c\u00f3mo nunca hab\u00eda recibido una oferta verdadera &#8230; eso no quiere decir que quiero luchar. He terminado, he terminado, he terminado con la lucha libre profesional &#8220;, Dijo Punk. &#8220;A mucha gente le gusta estar enojado conmigo por eso y burlarse de m\u00ed porque perd\u00ed mi primera pelea, y es como &#8230; est\u00e1 bien, tienes derecho a tu opini\u00f3n, pero t\u00fa no eres mi due\u00f1o y yo tengo derecho a hacer lo que quiero hacer, y eso es lo que estoy haciendo. La lucha est\u00e1 en el espejo retrovisor. He estado intentando durante 5 a\u00f1os poner la lucha en el espejo retrovisor y algunas personas simplemente no lo har\u00e1n. Quieren vivir mi vida. De alguna manera no entiendo eso. No importa lo que diga, he dicho que no y no, no, no, tantas veces que la gente siempre dice: &#8216;Oh, \u00bfhay una posibilidad?&#8217;<\/p>\n<p>&#8220;Amo a Terry Funk, se retir\u00f3 por primera vez cuando ten\u00eda 2 a\u00f1os. La gente siempre viene y se va, y vuelven y se van, y vuelven. Aqu\u00ed es donde vivo ahora, esta es mi cabeza- espacio.&#8221;<\/p>\n<p>Punk se refer\u00eda a los comentarios que hizo durante una entrevista con MMAFighting.com a principios de esta semana. Despu\u00e9s de decir que no aparecer\u00eda en el evento &#8220;All In&#8221; en septiembre, Punk tambi\u00e9n dijo que no se le pidi\u00f3 directamente que participara en ese show o en\u00a0 otro evento de lucha libre. Punk tambi\u00e9n declar\u00f3 que no cree que aceptar\u00eda una oferta seria para regresar a una carrera de lucha libre profesional, pero que no cerrar\u00eda la puerta en el regreso.<\/p>\n<p><center><script type=\"text\/javascript\"><!-- google_ad_client = \"ca-pub-1244235910658811\"; \/* 300x250 derecha main page *\/ google_ad_slot = \"1988061967\"; google_ad_width = 300; google_ad_height = 250; \/\/--><\/script><script type=\"text\/javascript\" src=\"http:\/\/pagead2.googlesyndication.com\/pagead\/show_ads.js\">\n<\/script><\/center><\/p>\n","protected":false},"excerpt":{"rendered":"<p>CM Punk fue entrevistado hoy por TSN Sports para promover la pelea del s\u00e1bado contra Mike Jackson en UFC 225 en Chicago.<\/p>\n","protected":false},"author":3,"featured_media":13651,"comment_status":"closed","ping_status":"closed","sticky":false,"template":"","format":"standard","meta":{"footnotes":""},"categories":[5],"tags":[],"class_list":{"0":"post-24662","1":"post","2":"type-post","3":"status-publish","4":"format-standard","5":"has-post-thumbnail","7":"category-noticias"},"_links":{"self":[{"href":"https:\/\/www.prwrestling.com\/nw\/wp-json\/wp\/v2\/posts\/24662","targetHints":{"allow":["GET"]}}],"collection":[{"href":"https:\/\/www.prwrestling.com\/nw\/wp-json\/wp\/v2\/posts"}],"about":[{"href":"https:\/\/www.prwrestling.com\/nw\/wp-json\/wp\/v2\/types\/post"}],"author":[{"embeddable":true,"href":"https:\/\/www.prwrestling.com\/nw\/wp-json\/wp\/v2\/users\/3"}],"replies":[{"embeddable":true,"href":"https:\/\/www.prwrestling.com\/nw\/wp-json\/wp\/v2\/comments?post=24662"}],"version-history":[{"count":1,"href":"https:\/\/www.prwrestling.com\/nw\/wp-json\/wp\/v2\/posts\/24662\/revisions"}],"predecessor-version":[{"id":24675,"href":"https:\/\/www.prwrestling.com\/nw\/wp-json\/wp\/v2\/posts\/24662\/revisions\/24675"}],"wp:featuredmedia":[{"embeddable":true,"href":"https:\/\/www.prwrestling.com\/nw\/wp-json\/wp\/v2\/media\/13651"}],"wp:attachment":[{"href":"https:\/\/www.prwrestling.com\/nw\/wp-json\/wp\/v2\/media?parent=24662"}],"wp:term":[{"taxonomy":"category","embeddable":true,"href":"https:\/\/www.prwrestling.com\/nw\/wp-json\/wp\/v2\/categories?post=24662"},{"taxonomy":"post_tag","embeddable":true,"href":"https:\/\/www.prwrestling.com\/nw\/wp-json\/wp\/v2\/tags?post=24662"}],"curies":[{"name":"wp","href":"https:\/\/api.w.org\/{rel}","templated":true}]}}