{"id":247286,"date":"2024-02-05T15:50:33","date_gmt":"2024-02-05T20:50:33","guid":{"rendered":"https:\/\/www.prwrestling.com\/nw\/?p=247286"},"modified":"2024-02-05T15:56:07","modified_gmt":"2024-02-05T20:56:07","slug":"pat-mcafee-dice-que-the-rock-y-roman-reigns-dejaron-a-la-gente-molesta","status":"publish","type":"post","link":"https:\/\/www.prwrestling.com\/nw\/pat-mcafee-dice-que-the-rock-y-roman-reigns-dejaron-a-la-gente-molesta\/","title":{"rendered":"Pat McAfee dice que The Rock y Roman Reigns dejaron a la gente molesta"},"content":{"rendered":"<p><span style=\"vertical-align: inherit;\"><span style=\"vertical-align: inherit;\">Pat McAfee, comentarista de WWE Raw y presentador de <\/span><\/span><a href=\"https:\/\/youtu.be\/xPotAfeZIj4\" target=\"_blank\" rel=\"noopener\"><span style=\"vertical-align: inherit;\"><span style=\"vertical-align: inherit;\">The Pat McAfee Show<\/span><\/span><\/a><span style=\"vertical-align: inherit;\"><span style=\"vertical-align: inherit;\"> , comparti\u00f3 su perspectiva sobre el regreso de The Rock para enfrentar a Roman Reigns en WWE SmackDown.<!--more--><div id=\"ad-slot\" style=\"min-width: 300px; min-height: 250px;\">\r\n<p style=\"text-align: center;\">\r\n<script async src=\"https:\/\/pagead2.googlesyndication.com\/pagead\/js\/adsbygoogle.js\"><\/script>\r\n<!-- 300x250 sc a -->\r\n<ins class=\"adsbygoogle\"\r\n     style=\"display:inline-block;width:300px;height:250px\"\r\n     data-ad-client=\"ca-pub-1244235910658811\"\r\n     data-ad-slot=\"8592682546\"><\/ins>\r\n<script>\r\n     (adsbygoogle = window.adsbygoogle || []).push({});\r\n<\/script><\/center>\r\n<\/p><\/div><\/span><\/span><\/p>\n<p><span style=\"vertical-align: inherit;\"><span style=\"vertical-align: inherit;\">Durante los momentos finales de WWE SmackDown, <\/span><\/span><a href=\"https:\/\/www.prwrestling.com\/nw\/reporte-wwe-smackdown-2-2-the-rock-reta-a-roman-reigns-para-wrestlemania-bayley-reta-a-iyo-sky\/\"><span style=\"vertical-align: inherit;\"><span style=\"vertical-align: inherit;\">The Rock hizo una aparici\u00f3n sorpresa<\/span><\/span><\/a><span style=\"vertical-align: inherit;\"><span style=\"vertical-align: inherit;\"> e insinu\u00f3 un posible enfrentamiento en WrestleMania con Roman Reigns, sugiriendo que \u00e9l es el &#8220;Jefe de la Mesa&#8221;. Este desarrollo gener\u00f3 dudas sobre Cody Rhodes, quien hab\u00eda ganado el Royal Rumble masculino y aparentemente perdi\u00f3 su oportunidad de enfrentarse a Reigns.<\/span><\/span><\/p>\n<p><a href=\"https:\/\/www.prwrestling.com\/nw\/lo-siento-rocky-queremos-a-cody-el-universo-wwe-lanza-criticas-a-the-rock-tras-este-intentar-justificar-su-puesto-en-lucha-de-wrestlemania-40-con-nuevas-publicaciones\/\"><span style=\"vertical-align: inherit;\"><span style=\"vertical-align: inherit;\">McAfee reconoci\u00f3 la fuerte reacci\u00f3n de los fan\u00e1ticos de la lucha libre<\/span><\/span><\/a><span style=\"vertical-align: inherit;\"><span style=\"vertical-align: inherit;\"> , quienes expresaron su decepci\u00f3n y frustraci\u00f3n en l\u00ednea usando el hashtag #WeWantCody. Se\u00f1al\u00f3 que Cody Rhodes hab\u00eda estado trabajando para reclamar el t\u00edtulo para su familia, una historia en la que los fans hab\u00edan invertido.<\/span><\/span><\/p>\n<p><span style=\"vertical-align: inherit;\"><div id=\"ad-slot\" style=\"min-width: 300px; min-height: 250px;\"><p style=\"text-align: center;\">\r\n<script async src=\"https:\/\/pagead2.googlesyndication.com\/pagead\/js\/adsbygoogle.js\"><\/script>\r\n<!-- Responsive sc c -->\r\n<ins class=\"adsbygoogle\"\r\n     style=\"display:block\"\r\n     data-ad-client=\"ca-pub-1244235910658811\"\r\n     data-ad-slot=\"4234005358\"\r\n     data-ad-format=\"auto\"\r\n     data-full-width-responsive=\"true\"><\/ins>\r\n<script>\r\n     (adsbygoogle = window.adsbygoogle || []).push({});\r\n<\/script><\/p><\/div><\/span><\/p>\n<blockquote class=\"wp-block-quote\"><p><em><span style=\"vertical-align: inherit;\"><span style=\"vertical-align: inherit;\">\u201cLos fan\u00e1ticos de la lucha libre est\u00e1n incre\u00edblemente enojados porque se supon\u00eda que Cody Rhodes finalmente har\u00eda el trabajo. Hay un t\u00edtulo, el que tiene Roman Reigns, que a Dusty Rhodes le entregaron en el Madison Square Garden y luego se lo quitaron. Todo lo que Cody ha estado haciendo, ha estado tratando de devolver el t\u00edtulo a su familia, aparentemente tendr\u00e1 que esperar unos meses m\u00e1s mientras The Rock, la estrella m\u00e1s grande del mundo, la estrella m\u00e1s grande del planeta Tierra, se enfrentar\u00e1 a su primo. Roman Reigns para la conversaci\u00f3n sobre el jefe de la mesa, de la que se ha hablado desde siempre. Amo a Cody Rhodes, amo a The Rock, amo a Roman Reigns. Estoy muy desgarrado por todo este asunto. la internet no estaba contento\u201d.<\/span><\/span><\/em><\/p><\/blockquote>\n<blockquote class=\"twitter-tweet\">\n<p dir=\"ltr\" lang=\"en\">The Pat McAfee Show today opened up with talks on the Main Event of <a href=\"https:\/\/twitter.com\/hashtag\/WrestleMania?src=hash&amp;ref_src=twsrc%5Etfw\" target=\"_blank\" rel=\"noopener\">#WrestleMania<\/a> and The Rock, Roman Reigns and Cody Rhodes<\/p>\n<p>The team appeared to have the sentiment many wrestling fans have <a href=\"https:\/\/twitter.com\/hashtag\/WeWantCody?src=hash&amp;ref_src=twsrc%5Etfw\" target=\"_blank\" rel=\"noopener\">#WeWantCody<\/a><br \/>\n<a href=\"https:\/\/t.co\/CfQziqaTnU\">pic.twitter.com\/CfQziqaTnU<\/a><\/p>\n<p>\u2014 Dylan Mehl (@DylanMehl) <a href=\"https:\/\/twitter.com\/DylanMehl\/status\/1754554149931196905?ref_src=twsrc%5Etfw\" target=\"_blank\" rel=\"noopener\">February 5, 2024<\/a><\/p><\/blockquote>\n<p><script async src=\"https:\/\/platform.twitter.com\/widgets.js\" charset=\"utf-8\"><\/script><br \/>\n<span style=\"vertical-align: inherit;\"><span style=\"vertical-align: inherit;\">A pesar de la decepci\u00f3n inicial entre los fan\u00e1ticos, McAfee destac\u00f3 la incertidumbre que a menudo rodea las historias de la WWE.\u00a0<\/span><\/span><\/p>\n<blockquote class=\"wp-block-quote\"><p><span style=\"vertical-align: inherit;\"><span style=\"vertical-align: inherit;\">\u201cEstoy desanimado, todav\u00eda no s\u00e9 qu\u00e9 suceder\u00e1 desde ahora hasta WrestleMania. Todos estamos bastante desanimados por Cody, pero tambi\u00e9n muy emocionados porque con esta situaci\u00f3n Rock-Roman no s\u00e9 qu\u00e9 va a pasar. Obviamente, en la WWE nunca se puede saber lo que va a pasar. Ciertamente molestaron a la gente un viernes\u201d.<\/span><\/span><\/p><\/blockquote>\n","protected":false},"excerpt":{"rendered":"<p>Pat McAfee, comentarista de WWE Raw y presentador de The Pat McAfee Show , comparti\u00f3 su perspectiva sobre el regreso de The Rock para enfrentar a Roman Reigns en WWE SmackDown.<\/p>\n","protected":false},"author":1,"featured_media":247300,"comment_status":"open","ping_status":"closed","sticky":false,"template":"","format":"standard","meta":{"footnotes":""},"categories":[5,38],"tags":[7534],"class_list":{"0":"post-247286","1":"post","2":"type-post","3":"status-publish","4":"format-standard","5":"has-post-thumbnail","7":"category-noticias","8":"category-noticias-y-rumores-de-la-wwe","9":"tag-pat-mcafee"},"_links":{"self":[{"href":"https:\/\/www.prwrestling.com\/nw\/wp-json\/wp\/v2\/posts\/247286","targetHints":{"allow":["GET"]}}],"collection":[{"href":"https:\/\/www.prwrestling.com\/nw\/wp-json\/wp\/v2\/posts"}],"about":[{"href":"https:\/\/www.prwrestling.com\/nw\/wp-json\/wp\/v2\/types\/post"}],"author":[{"embeddable":true,"href":"https:\/\/www.prwrestling.com\/nw\/wp-json\/wp\/v2\/users\/1"}],"replies":[{"embeddable":true,"href":"https:\/\/www.prwrestling.com\/nw\/wp-json\/wp\/v2\/comments?post=247286"}],"version-history":[{"count":6,"href":"https:\/\/www.prwrestling.com\/nw\/wp-json\/wp\/v2\/posts\/247286\/revisions"}],"predecessor-version":[{"id":247306,"href":"https:\/\/www.prwrestling.com\/nw\/wp-json\/wp\/v2\/posts\/247286\/revisions\/247306"}],"wp:featuredmedia":[{"embeddable":true,"href":"https:\/\/www.prwrestling.com\/nw\/wp-json\/wp\/v2\/media\/247300"}],"wp:attachment":[{"href":"https:\/\/www.prwrestling.com\/nw\/wp-json\/wp\/v2\/media?parent=247286"}],"wp:term":[{"taxonomy":"category","embeddable":true,"href":"https:\/\/www.prwrestling.com\/nw\/wp-json\/wp\/v2\/categories?post=247286"},{"taxonomy":"post_tag","embeddable":true,"href":"https:\/\/www.prwrestling.com\/nw\/wp-json\/wp\/v2\/tags?post=247286"}],"curies":[{"name":"wp","href":"https:\/\/api.w.org\/{rel}","templated":true}]}}