{"id":248696,"date":"2024-02-10T13:03:30","date_gmt":"2024-02-10T18:03:30","guid":{"rendered":"https:\/\/www.prwrestling.com\/nw\/?p=248696"},"modified":"2024-02-10T13:03:30","modified_gmt":"2024-02-10T18:03:30","slug":"brock-lesnar-ha-sido-removido-del-paquete-de-apertura-de-wwe","status":"publish","type":"post","link":"https:\/\/www.prwrestling.com\/nw\/brock-lesnar-ha-sido-removido-del-paquete-de-apertura-de-wwe\/","title":{"rendered":"Brock Lesnar ha sido removido del paquete de apertura de WWE"},"content":{"rendered":"<div>\n<p><span style=\"vertical-align: inherit;\"><span style=\"vertical-align: inherit;\">Brock Lesnar no ha aparecido en la televisi\u00f3n de la WWE desde el evento SummerSlam, donde se enfrent\u00f3 cara a cara con Cody Rhodes. Su regreso parece improbable por ahora, relacionado con su participaci\u00f3n en la demanda por tr\u00e1fico de Vince McMahon.<\/span><\/span><\/p>\n<p><!--more--><\/p>\n<div id=\"ad-slot\" style=\"min-width: 300px; min-height: 250px;\">\r\n<p style=\"text-align: center;\">\r\n<script async src=\"https:\/\/pagead2.googlesyndication.com\/pagead\/js\/adsbygoogle.js\"><\/script>\r\n<!-- 300x250 sc a -->\r\n<ins class=\"adsbygoogle\"\r\n     style=\"display:inline-block;width:300px;height:250px\"\r\n     data-ad-client=\"ca-pub-1244235910658811\"\r\n     data-ad-slot=\"8592682546\"><\/ins>\r\n<script>\r\n     (adsbygoogle = window.adsbygoogle || []).push({});\r\n<\/script><\/center>\r\n<\/p><\/div>\n<p><span style=\"vertical-align: inherit;\"><span style=\"vertical-align: inherit;\">WWE parece estar borrando la presencia de Lesnar de su programaci\u00f3n, evidente en su eliminaci\u00f3n del paquete de v\u00eddeo de apertura.<\/span><\/span><\/p>\n<p><span style=\"vertical-align: inherit;\"><span style=\"vertical-align: inherit;\">El Royal Rumble inicialmente ten\u00eda planes para la aparici\u00f3n de Brock Lesnar, pero debido a su\u00a0 <\/span><\/span><a href=\"https:\/\/www.prwrestling.com\/nw\/brock-lesnar-podria-nunca-regresar-a-la-wwe\/\"><span style=\"vertical-align: inherit;\"><span style=\"vertical-align: inherit;\">participaci\u00f3n en los asuntos legales relacionados con la demanda por tr\u00e1fico de Vince McMahon<\/span><\/span><\/a><span style=\"vertical-align: inherit;\"><span style=\"vertical-align: inherit;\"> , esos planes fueron alterados.<\/span><\/span><\/p>\n<p><span style=\"vertical-align: inherit;\"><span style=\"vertical-align: inherit;\">Como se mencion\u00f3 anteriormente, <\/span><\/span><a href=\"https:\/\/www.prwrestling.com\/nw\/brock-lesnar-removido-del-videojuego-wwe-supercard-tras-ser-parte-de-escandalosas-acusaciones\/\"><span style=\"vertical-align: inherit;\"><span style=\"vertical-align: inherit;\">The Beast Incarnate ha sido recientemente excluido<\/span><\/span><\/a><span style=\"vertical-align: inherit;\"><span style=\"vertical-align: inherit;\">\u00a0del juego WWE. Adem\u00e1s, tambi\u00e9n ha sido eliminado de <\/span><\/span><span style=\"vertical-align: inherit;\"><span style=\"vertical-align: inherit;\">los planes creativos de WWE para el futuro previsible<\/span><\/span><span style=\"vertical-align: inherit;\"><span style=\"vertical-align: inherit;\"> .<\/span><\/span><\/p>\n<div id=\"ad-slot\" style=\"min-width: 300px; min-height: 250px;\"><p style=\"text-align: center;\">\r\n<script async src=\"https:\/\/pagead2.googlesyndication.com\/pagead\/js\/adsbygoogle.js\"><\/script>\r\n<!-- Responsive sc c -->\r\n<ins class=\"adsbygoogle\"\r\n     style=\"display:block\"\r\n     data-ad-client=\"ca-pub-1244235910658811\"\r\n     data-ad-slot=\"4234005358\"\r\n     data-ad-format=\"auto\"\r\n     data-full-width-responsive=\"true\"><\/ins>\r\n<script>\r\n     (adsbygoogle = window.adsbygoogle || []).push({});\r\n<\/script><\/p><\/div>\n<p><span style=\"vertical-align: inherit;\"><span style=\"vertical-align: inherit;\">No solo eso, ahora se supo que la compa\u00f1\u00eda ahora elimin\u00f3 a Brock Lesnar de su paquete de videos de apertura. En lugar de Brock Lesnar, ahora han colocado a LA Knight, que los fan\u00e1ticos consideran un buen reemplazo.<\/span><\/span><\/p>\n<blockquote class=\"twitter-tweet\">\n<p dir=\"ltr\" lang=\"en\">WWE has removed Brock Lesnar from the opening intro &amp; replaced w\/LA Knight. <a href=\"https:\/\/t.co\/QQCPWezt86\">pic.twitter.com\/QQCPWezt86<\/a><\/p>\n<p>\u2014 Wrestle Ops (@WrestleOps) <a href=\"https:\/\/twitter.com\/WrestleOps\/status\/1756325577961656465?ref_src=twsrc%5Etfw\" target=\"_blank\" rel=\"noopener\">February 10, 2024<\/a><\/p><\/blockquote>\n<p><script async src=\"https:\/\/platform.twitter.com\/widgets.js\" charset=\"utf-8\"><\/script><\/p>\n<p><span style=\"vertical-align: inherit;\"><span style=\"vertical-align: inherit;\">Brock Lesnar tambi\u00e9n fue retirado de la <\/span><\/span><span style=\"vertical-align: inherit;\"><span style=\"vertical-align: inherit;\">portada de la edici\u00f3n WWE 2K24 Forty Years of WrestleMania<\/span><\/span><span style=\"vertical-align: inherit;\"><span style=\"vertical-align: inherit;\"> . Informes anteriores sugirieron que Lesnar podr\u00eda haber terminado permanentemente con la WWE. El futuro del <\/span><\/span><span style=\"vertical-align: inherit;\"><span style=\"vertical-align: inherit;\">regreso del luchador sigue siendo incierto<\/span><\/span><span style=\"vertical-align: inherit;\"><span style=\"vertical-align: inherit;\"> , ya que las perspectivas actuales parecen desfavorables. S\u00f3lo el tiempo revelar\u00e1 si regresar\u00e1 a la WWE.<\/span><\/span><\/p>\n<\/div>\n","protected":false},"excerpt":{"rendered":"<p>Brock Lesnar no ha aparecido en la televisi\u00f3n de la WWE desde el evento SummerSlam, donde se enfrent\u00f3 cara a cara con Cody Rhodes. Su regreso parece improbable por ahora, relacionado con su participaci\u00f3n en la demanda por tr\u00e1fico de Vince McMahon.<\/p>\n","protected":false},"author":1,"featured_media":248741,"comment_status":"open","ping_status":"closed","sticky":false,"template":"","format":"standard","meta":{"footnotes":""},"categories":[5,38],"tags":[10],"class_list":{"0":"post-248696","1":"post","2":"type-post","3":"status-publish","4":"format-standard","5":"has-post-thumbnail","7":"category-noticias","8":"category-noticias-y-rumores-de-la-wwe","9":"tag-brock-lesnar"},"_links":{"self":[{"href":"https:\/\/www.prwrestling.com\/nw\/wp-json\/wp\/v2\/posts\/248696","targetHints":{"allow":["GET"]}}],"collection":[{"href":"https:\/\/www.prwrestling.com\/nw\/wp-json\/wp\/v2\/posts"}],"about":[{"href":"https:\/\/www.prwrestling.com\/nw\/wp-json\/wp\/v2\/types\/post"}],"author":[{"embeddable":true,"href":"https:\/\/www.prwrestling.com\/nw\/wp-json\/wp\/v2\/users\/1"}],"replies":[{"embeddable":true,"href":"https:\/\/www.prwrestling.com\/nw\/wp-json\/wp\/v2\/comments?post=248696"}],"version-history":[{"count":3,"href":"https:\/\/www.prwrestling.com\/nw\/wp-json\/wp\/v2\/posts\/248696\/revisions"}],"predecessor-version":[{"id":248742,"href":"https:\/\/www.prwrestling.com\/nw\/wp-json\/wp\/v2\/posts\/248696\/revisions\/248742"}],"wp:featuredmedia":[{"embeddable":true,"href":"https:\/\/www.prwrestling.com\/nw\/wp-json\/wp\/v2\/media\/248741"}],"wp:attachment":[{"href":"https:\/\/www.prwrestling.com\/nw\/wp-json\/wp\/v2\/media?parent=248696"}],"wp:term":[{"taxonomy":"category","embeddable":true,"href":"https:\/\/www.prwrestling.com\/nw\/wp-json\/wp\/v2\/categories?post=248696"},{"taxonomy":"post_tag","embeddable":true,"href":"https:\/\/www.prwrestling.com\/nw\/wp-json\/wp\/v2\/tags?post=248696"}],"curies":[{"name":"wp","href":"https:\/\/api.w.org\/{rel}","templated":true}]}}