{"id":248857,"date":"2024-02-11T09:10:22","date_gmt":"2024-02-11T14:10:22","guid":{"rendered":"https:\/\/www.prwrestling.com\/nw\/?p=248857"},"modified":"2024-02-11T12:23:07","modified_gmt":"2024-02-11T17:23:07","slug":"superestrella-de-la-wwe-sonya-deville-contrae-matrimonio-con-su-novia-en-ceremonia-en-la-que-asistieron-varias-personalidades-de-la-lucha-libre","status":"publish","type":"post","link":"https:\/\/www.prwrestling.com\/nw\/superestrella-de-la-wwe-sonya-deville-contrae-matrimonio-con-su-novia-en-ceremonia-en-la-que-asistieron-varias-personalidades-de-la-lucha-libre\/","title":{"rendered":"Superestrella de la WWE Sonya Deville contrae matrimonio con su novia en ceremonia en la que asistieron varias personalidades de la lucha libre"},"content":{"rendered":"<div>\n<p><span style=\"vertical-align: inherit;\"><span style=\"vertical-align: inherit;\">Sonya Deville <a href=\"https:\/\/www.prwrestling.com\/nw\/sonya-deville-lesionada-fuera-de-accion-por-meses\/\">sufri\u00f3 un <\/a><\/span><\/span><span style=\"vertical-align: inherit;\"><span style=\"vertical-align: inherit;\">\u00a0desgarro despu\u00e9s de lesionarse en el episodio del 28 de julio de SmackDown<\/span><\/span><span style=\"vertical-align: inherit;\"><span style=\"vertical-align: inherit;\"> y actualmente se encuentra rehabilitando su lesi\u00f3n. <\/span><\/span><!--more--><div id=\"ad-slot\" style=\"min-width: 300px; min-height: 250px;\">\r\n<p style=\"text-align: center;\">\r\n<script async src=\"https:\/\/pagead2.googlesyndication.com\/pagead\/js\/adsbygoogle.js\"><\/script>\r\n<!-- 300x250 sc a -->\r\n<ins class=\"adsbygoogle\"\r\n     style=\"display:inline-block;width:300px;height:250px\"\r\n     data-ad-client=\"ca-pub-1244235910658811\"\r\n     data-ad-slot=\"8592682546\"><\/ins>\r\n<script>\r\n     (adsbygoogle = window.adsbygoogle || []).push({});\r\n<\/script><\/center>\r\n<\/p><\/div><\/p>\n<\/div>\n<div>\n<p><span style=\"vertical-align: inherit;\"><span style=\"vertical-align: inherit;\">Mientras se concentra en su rehabilitaci\u00f3n, Deville tambi\u00e9n acaba de casarse con su prometida Toni Cassano. <\/span><\/span><span style=\"vertical-align: inherit;\"><span style=\"vertical-align: inherit;\">Deville tambi\u00e9n es un miembro orgulloso de la comunidad LGBTQ y ha estado junto a su prometida Toni Cassano durante mucho tiempo. Son una pareja muy sana y comparten publicaciones que reflejan tanto en las redes sociales.<\/span><\/span><\/p>\n<blockquote class=\"twitter-tweet\">\n<p dir=\"ltr\" lang=\"en\">WWE Star Daria Berenato Marries Toni Cassano in New Jersey Wedding Officiated by Maria Menounos (Exclusive) <a href=\"https:\/\/t.co\/I2CJa4uHjI\">https:\/\/t.co\/I2CJa4uHjI<\/a><\/p>\n<p>\u2014 People (@people) <a href=\"https:\/\/twitter.com\/people\/status\/1756482202999623843?ref_src=twsrc%5Etfw\" target=\"_blank\" rel=\"noopener\">February 11, 2024<\/a><\/p><\/blockquote>\n<p><script async src=\"https:\/\/platform.twitter.com\/widgets.js\" charset=\"utf-8\"><\/script><\/p>\n<p><span style=\"vertical-align: inherit;\"><span style=\"vertical-align: inherit;\">La modelo de fitness Cassano y Deville se casaron el 10 de febrero en The Legacy Castle en Nueva Jersey, con la asistencia de amigos, familiares y superestrellas de la WWE, incluidas <a href=\"https:\/\/www.prwrestling.com\/nw\/tag\/charlotte-flair\">Charlotte Flair<\/a>, Andrade, Bayley, Montez Ford, Bianca Belair, Liv Morgan, Matt Cardona, Chelsea Green, Mandy Rose, Vic Joseph y McKenzie Mitchell, seg\u00fan PEOPLE.<\/span><\/span><\/p>\n<div id=\"ad-slot\" style=\"min-width: 300px; min-height: 250px;\"><p style=\"text-align: center;\">\r\n<script async src=\"https:\/\/pagead2.googlesyndication.com\/pagead\/js\/adsbygoogle.js\"><\/script>\r\n<!-- Responsive sc c -->\r\n<ins class=\"adsbygoogle\"\r\n     style=\"display:block\"\r\n     data-ad-client=\"ca-pub-1244235910658811\"\r\n     data-ad-slot=\"4234005358\"\r\n     data-ad-format=\"auto\"\r\n     data-full-width-responsive=\"true\"><\/ins>\r\n<script>\r\n     (adsbygoogle = window.adsbygoogle || []).push({});\r\n<\/script><\/p><\/div>\n<p><span style=\"vertical-align: inherit;\"><span style=\"vertical-align: inherit;\">La publicaci\u00f3n subi\u00f3 una foto de Sonya Deville y Toni Cassano despu\u00e9s de casarse, ya que los dos luc\u00edan absolutamente impresionantes juntas. A continuaci\u00f3n parte del escrito de <a href=\"https:\/\/people.com\/wwe-star-daria-berenato-marries-toni-cassano-officiated-by-maria-menounos-exclusive-8563954?utm_campaign=peoplemagazine&amp;utm_content=new&amp;utm_medium=social&amp;utm_source=twitter.com&amp;utm_term=65c81b25e58ebf0001b9d396\" target=\"_blank\" rel=\"noopener\">PEOPLE<\/a>:<\/span><\/span><\/p>\n<blockquote><p><span style=\"vertical-align: inherit;\"><span style=\"vertical-align: inherit;\">\u00a1 <\/span><\/span><em><span style=\"vertical-align: inherit;\"><span style=\"vertical-align: inherit;\">Daria Berenato y Toni Cassano se han casado oficialmente! La estrella de la WWE y su prometida, modelo de fitness, dijeron &#8220;S\u00ed, quiero&#8221; el 10 de febrero en The Legacy Castle en Nueva Jersey, un lugar en expansi\u00f3n que, ir\u00f3nicamente, las novias bromeaban que era bastante grande para su ceremonia &#8220;\u00edntima&#8221;, rodeados por 140 de sus seres m\u00e1s cercanos. familiares y amigos. Y escuche esto: \u00a1la ceremonia fue oficiada por Mar\u00eda Menounos!<\/span><\/span><\/em><\/p><\/blockquote>\n<h2><strong>Maria Menounos estuvo a cargo de la ceremonia de boda de Sonya Deville<\/strong><\/h2>\n<p>La ceremonia se hizo a\u00fan m\u00e1s especial gracias a su oficial: Maria Menounos, una vieja amiga de Berenato. Maria Menounos dice que estaba &#8216;encantada&#8217; como <em>madre<\/em> de su hija Athena.<\/p>\n<\/div>\n<blockquote>\n<div>\u201cEse fue un elemento que fue realmente especial para m\u00ed. Mar\u00eda y su esposa Keven han sido una gran parte de mi vida. &#8220;Ellos son la raz\u00f3n por la que estoy en la <a href=\"https:\/\/www.prwrestling.com\/nw\/category\/noticias-wwe\">WWE<\/a>: me presentaron todo ese mundo&#8221;, dijo Berenato. &#8220;Fueron mis mentores cuando ten\u00eda 20 a\u00f1os trabajando como camarera en Los \u00c1ngeles, as\u00ed que han estado conmigo todo el tiempo&#8221;.<\/div>\n<\/blockquote>\n","protected":false},"excerpt":{"rendered":"<p>Sonya Deville sufri\u00f3 un \u00a0desgarro despu\u00e9s de lesionarse en el episodio del 28 de julio de SmackDown y actualmente se encuentra rehabilitando su lesi\u00f3n.<\/p>\n","protected":false},"author":1,"featured_media":248882,"comment_status":"open","ping_status":"closed","sticky":false,"template":"","format":"standard","meta":{"footnotes":""},"categories":[5,38],"tags":[1541],"class_list":{"0":"post-248857","1":"post","2":"type-post","3":"status-publish","4":"format-standard","5":"has-post-thumbnail","7":"category-noticias","8":"category-noticias-y-rumores-de-la-wwe","9":"tag-sonya-deville"},"_links":{"self":[{"href":"https:\/\/www.prwrestling.com\/nw\/wp-json\/wp\/v2\/posts\/248857","targetHints":{"allow":["GET"]}}],"collection":[{"href":"https:\/\/www.prwrestling.com\/nw\/wp-json\/wp\/v2\/posts"}],"about":[{"href":"https:\/\/www.prwrestling.com\/nw\/wp-json\/wp\/v2\/types\/post"}],"author":[{"embeddable":true,"href":"https:\/\/www.prwrestling.com\/nw\/wp-json\/wp\/v2\/users\/1"}],"replies":[{"embeddable":true,"href":"https:\/\/www.prwrestling.com\/nw\/wp-json\/wp\/v2\/comments?post=248857"}],"version-history":[{"count":7,"href":"https:\/\/www.prwrestling.com\/nw\/wp-json\/wp\/v2\/posts\/248857\/revisions"}],"predecessor-version":[{"id":248933,"href":"https:\/\/www.prwrestling.com\/nw\/wp-json\/wp\/v2\/posts\/248857\/revisions\/248933"}],"wp:featuredmedia":[{"embeddable":true,"href":"https:\/\/www.prwrestling.com\/nw\/wp-json\/wp\/v2\/media\/248882"}],"wp:attachment":[{"href":"https:\/\/www.prwrestling.com\/nw\/wp-json\/wp\/v2\/media?parent=248857"}],"wp:term":[{"taxonomy":"category","embeddable":true,"href":"https:\/\/www.prwrestling.com\/nw\/wp-json\/wp\/v2\/categories?post=248857"},{"taxonomy":"post_tag","embeddable":true,"href":"https:\/\/www.prwrestling.com\/nw\/wp-json\/wp\/v2\/tags?post=248857"}],"curies":[{"name":"wp","href":"https:\/\/api.w.org\/{rel}","templated":true}]}}