{"id":250083,"date":"2024-02-16T08:00:34","date_gmt":"2024-02-16T13:00:34","guid":{"rendered":"https:\/\/www.prwrestling.com\/nw\/?p=250083"},"modified":"2024-02-16T08:00:34","modified_gmt":"2024-02-16T13:00:34","slug":"por-que-konnan-dice-que-es-dificil-para-las-empresas-trabajar-con-juventud-guerrera","status":"publish","type":"post","link":"https:\/\/www.prwrestling.com\/nw\/por-que-konnan-dice-que-es-dificil-para-las-empresas-trabajar-con-juventud-guerrera\/","title":{"rendered":"Por qu\u00e9 Konnan dice que es dif\u00edcil para las empresas trabajar con Juventud Guerrera"},"content":{"rendered":"<p><span style=\"vertical-align: inherit;\"><span style=\"vertical-align: inherit;\">Konnan ha explicado la raz\u00f3n por la que es dif\u00edcil trabajar con la ex estrella de la WWE y la WCW, Juventud Guerrera. En una edici\u00f3n reciente de &#8221; <\/span><\/span><a href=\"https:\/\/open.spotify.com\/episode\/3doj2CTXPDKmcOcOcVwoLC?si=370acda7e4374e52&amp;nd=1&amp;dlsi=e6f56fb99cc84dde\" target=\"_blank\" rel=\"noopener\"><span style=\"vertical-align: inherit;\"><span style=\"vertical-align: inherit;\">Keepin&#8217; It 100<\/span><\/span><\/a><span style=\"vertical-align: inherit;\"><span style=\"vertical-align: inherit;\"> &#8220;, Konnan dijo que Guerrera hace cosas &#8220;est\u00fapidas&#8221; y rechaz\u00f3 ofertas para trabajar con \u00e9l siempre que se lo pidieron.<\/span><\/span><!--more--><br \/>\n<div id=\"ad-slot\" style=\"min-width: 300px; min-height: 250px;\">\r\n<p style=\"text-align: center;\">\r\n<script async src=\"https:\/\/pagead2.googlesyndication.com\/pagead\/js\/adsbygoogle.js\"><\/script>\r\n<!-- 300x250 sc a -->\r\n<ins class=\"adsbygoogle\"\r\n     style=\"display:inline-block;width:300px;height:250px\"\r\n     data-ad-client=\"ca-pub-1244235910658811\"\r\n     data-ad-slot=\"8592682546\"><\/ins>\r\n<script>\r\n     (adsbygoogle = window.adsbygoogle || []).push({});\r\n<\/script><\/center>\r\n<\/p><\/div><\/p>\n<blockquote><p><span style=\"vertical-align: inherit;\"><span style=\"vertical-align: inherit;\">&#8220;Desde la mi#rda de la tierra plana hasta, lo llam\u00e9 el a\u00f1o pasado y le dije: &#8216;Vas a ser una sorpresa porque tenemos un Royal Rumble y la gente va a estallar&#8217;, y \u00e9l dijo: &#8220;No, s\u00f3lo quiero luchar contra Vikingo&#8221;, dijo en &#8221; <\/span><\/span><a href=\"https:\/\/open.spotify.com\/episode\/3doj2CTXPDKmcOcOcVwoLC?si=370acda7e4374e52&amp;nd=1&amp;dlsi=e6f56fb99cc84dde\" target=\"_blank\" rel=\"noopener\"><span style=\"vertical-align: inherit;\"><span style=\"vertical-align: inherit;\">Keepin&#8217; It 100<\/span><\/span><\/a><span style=\"vertical-align: inherit;\"><span style=\"vertical-align: inherit;\"> &#8220;. &#8220;Le dije: &#8216;Hermano, no puedes luchar contra Vikingo. Tienes que regresar y demostrarle a la compa\u00f1\u00eda que eres responsable y profesional, dos cosas que nunca has hecho en el pasado. Tienes que venir, llegar a tiempo y luego trabajar para conseguir el favor y te ubicaremos&#8221;. Pero \u00e9l no quiere hacer eso&#8221;.<\/span><\/span><\/p><\/blockquote>\n<p><span style=\"vertical-align: inherit;\"><span style=\"vertical-align: inherit;\">Guerrera tuvo un <\/span><\/span><a href=\"https:\/\/www.prwrestling.com\/nw\/reporte-aew-dynamite-8-4-black-retira-a-cody\/\" target=\"_blank\" rel=\"noopener\"><span style=\"vertical-align: inherit;\"><span style=\"vertical-align: inherit;\">combate \u00fanico contra Chris Jericho en AEW en 2021<\/span><\/span><\/a><span style=\"vertical-align: inherit;\"><span style=\"vertical-align: inherit;\"> y <\/span><\/span><span style=\"vertical-align: inherit;\"><span style=\"vertical-align: inherit;\">supuestamente regresar\u00eda<\/span><\/span><span style=\"vertical-align: inherit;\"><span style=\"vertical-align: inherit;\"> hasta que se lesion\u00f3. Sin embargo, Konnan cree que Guerrera cree que lo odia, raz\u00f3n por la cual no lo ha tra\u00eddo de regreso a AAA. Se\u00f1al\u00f3 que ese no es el caso ya que a\u00fan quedan muchas cosas por venir, pero revel\u00f3 el problema que le impide contratar a la ex estrella de la WCW.<\/span><\/span><\/p>\n<blockquote><p><span style=\"vertical-align: inherit;\"><span style=\"vertical-align: inherit;\">&#8220;Cuando le pido a mi jefe que te ponga en una lucha, me dice: &#8216;No estoy seguro de eso&#8217;. \u00bfPor qu\u00e9 dice eso, Juventud? Lo dice porque no eres profesional, das muchos problemas y es duro trabajar contigo\u201d.<\/span><\/span><\/p><\/blockquote>\n","protected":false},"excerpt":{"rendered":"<p>Konnan ha explicado la raz\u00f3n por la que es dif\u00edcil trabajar con la ex estrella de la WWE y la WCW, Juventud Guerrera. En una edici\u00f3n reciente de &#8221; Keepin&#8217; It 100 &#8220;, Konnan dijo que Guerrera hace cosas &#8220;est\u00fapidas&#8221; y rechaz\u00f3 ofertas para trabajar con \u00e9l siempre que se lo pidieron.<\/p>\n","protected":false},"author":1,"featured_media":250099,"comment_status":"open","ping_status":"closed","sticky":false,"template":"","format":"standard","meta":{"footnotes":""},"categories":[5,38],"tags":[1406],"class_list":{"0":"post-250083","1":"post","2":"type-post","3":"status-publish","4":"format-standard","5":"has-post-thumbnail","7":"category-noticias","8":"category-noticias-y-rumores-de-la-wwe","9":"tag-konnan"},"_links":{"self":[{"href":"https:\/\/www.prwrestling.com\/nw\/wp-json\/wp\/v2\/posts\/250083","targetHints":{"allow":["GET"]}}],"collection":[{"href":"https:\/\/www.prwrestling.com\/nw\/wp-json\/wp\/v2\/posts"}],"about":[{"href":"https:\/\/www.prwrestling.com\/nw\/wp-json\/wp\/v2\/types\/post"}],"author":[{"embeddable":true,"href":"https:\/\/www.prwrestling.com\/nw\/wp-json\/wp\/v2\/users\/1"}],"replies":[{"embeddable":true,"href":"https:\/\/www.prwrestling.com\/nw\/wp-json\/wp\/v2\/comments?post=250083"}],"version-history":[{"count":4,"href":"https:\/\/www.prwrestling.com\/nw\/wp-json\/wp\/v2\/posts\/250083\/revisions"}],"predecessor-version":[{"id":250100,"href":"https:\/\/www.prwrestling.com\/nw\/wp-json\/wp\/v2\/posts\/250083\/revisions\/250100"}],"wp:featuredmedia":[{"embeddable":true,"href":"https:\/\/www.prwrestling.com\/nw\/wp-json\/wp\/v2\/media\/250099"}],"wp:attachment":[{"href":"https:\/\/www.prwrestling.com\/nw\/wp-json\/wp\/v2\/media?parent=250083"}],"wp:term":[{"taxonomy":"category","embeddable":true,"href":"https:\/\/www.prwrestling.com\/nw\/wp-json\/wp\/v2\/categories?post=250083"},{"taxonomy":"post_tag","embeddable":true,"href":"https:\/\/www.prwrestling.com\/nw\/wp-json\/wp\/v2\/tags?post=250083"}],"curies":[{"name":"wp","href":"https:\/\/api.w.org\/{rel}","templated":true}]}}