{"id":251155,"date":"2024-02-22T18:13:48","date_gmt":"2024-02-22T23:13:48","guid":{"rendered":"https:\/\/www.prwrestling.com\/nw\/?p=251155"},"modified":"2024-02-22T18:13:48","modified_gmt":"2024-02-22T23:13:48","slug":"4-veces-campeon-mundial-dejara-wwe-y-se-unira-a-aew-por-frustraciones-respecto-a-roman-reigns-explorando-la-posibilidad","status":"publish","type":"post","link":"https:\/\/www.prwrestling.com\/nw\/4-veces-campeon-mundial-dejara-wwe-y-se-unira-a-aew-por-frustraciones-respecto-a-roman-reigns-explorando-la-posibilidad\/","title":{"rendered":"\u00bf4 veces Campe\u00f3n Mundial dejar\u00e1 WWE y se unir\u00e1 a AEW por frustraciones respecto a Roman Reigns? Explorando la posibilidad"},"content":{"rendered":"<p><span style=\"vertical-align: inherit;\"><span style=\"vertical-align: inherit;\">Un ex campe\u00f3n mundial de la WWE ha estado ausente de la competencia dentro del ring durante los \u00faltimos seis meses.<\/span><\/span><!--more--><\/p>\n<p><span style=\"vertical-align: inherit;\"><span style=\"vertical-align: inherit;\">El campe\u00f3n en cuesti\u00f3n es\u00a0 <\/span><\/span><a href=\"https:\/\/www.prwrestling.com\/nw\/tag\/sheamus\" target=\"_blank\" rel=\"noopener noreferrer\" data-is-sponsored=\"false\"><span style=\"vertical-align: inherit;\"><span style=\"vertical-align: inherit;\">Sheamus<\/span><\/span><\/a><span style=\"vertical-align: inherit;\"><span style=\"vertical-align: inherit;\"> . Su aparici\u00f3n m\u00e1s reciente en el ring de lucha libre fue contra Edge en el combate de despedida de Edge con la promoci\u00f3n.<\/span><\/span><\/p>\n<p><span style=\"vertical-align: inherit;\"><span style=\"vertical-align: inherit;\"><div id=\"ad-slot\" style=\"min-width: 300px; min-height: 250px;\">\r\n<p style=\"text-align: center;\">\r\n<script async src=\"https:\/\/pagead2.googlesyndication.com\/pagead\/js\/adsbygoogle.js\"><\/script>\r\n<!-- 300x250 sc a -->\r\n<ins class=\"adsbygoogle\"\r\n     style=\"display:inline-block;width:300px;height:250px\"\r\n     data-ad-client=\"ca-pub-1244235910658811\"\r\n     data-ad-slot=\"8592682546\"><\/ins>\r\n<script>\r\n     (adsbygoogle = window.adsbygoogle || []).push({});\r\n<\/script><\/center>\r\n<\/p><\/div><\/span><\/span><\/p>\n<p><span style=\"vertical-align: inherit;\"><span style=\"vertical-align: inherit;\">El contrato del cuatro veces campe\u00f3n mundial de la WWE\u00a0 <\/span><\/span><a href=\"https:\/\/www.prwrestling.com\/nw\/sheamus-declara-le-quedan-dos-cosas-por-lograr-en-la-wwe\/\" target=\"_blank\" rel=\"noopener noreferrer\" data-is-sponsored=\"false\"><span style=\"vertical-align: inherit;\"><span style=\"vertical-align: inherit;\">expirar\u00e1<\/span><\/span><\/a><span style=\"vertical-align: inherit;\"><span style=\"vertical-align: inherit;\"> \u00a0en unos meses, lo que gener\u00f3 rumores sobre su probable salida de la empresa. Dado su descontento actual con su reserva y sus frustraciones con respecto a Roman Reigns y The Bloodline, puede decidir no extender su contrato y seguir una carrera en AEW.<\/span><\/span><\/p>\n<p><span style=\"vertical-align: inherit;\"><span style=\"vertical-align: inherit;\">El Guerrero Celta recientemente recurri\u00f3 a Twitter para preguntar si alguien anhelaba combates de cinco estrellas. En respuesta, un fan expres\u00f3 su preferencia por la narraci\u00f3n de historias en lugar de combates excepcionales, lo que llev\u00f3 a Sheamus a sugerir que el fan\u00e1tico deber\u00eda ver telenovelas.<\/span><\/span><\/p>\n<p><span style=\"vertical-align: inherit;\"><div id=\"ad-slot\" style=\"min-width: 300px; min-height: 250px;\"><p style=\"text-align: center;\">\r\n<script async src=\"https:\/\/pagead2.googlesyndication.com\/pagead\/js\/adsbygoogle.js\"><\/script>\r\n<!-- Responsive sc c -->\r\n<ins class=\"adsbygoogle\"\r\n     style=\"display:block\"\r\n     data-ad-client=\"ca-pub-1244235910658811\"\r\n     data-ad-slot=\"4234005358\"\r\n     data-ad-format=\"auto\"\r\n     data-full-width-responsive=\"true\"><\/ins>\r\n<script>\r\n     (adsbygoogle = window.adsbygoogle || []).push({});\r\n<\/script><\/p><\/div><\/span><\/p>\n<p><span style=\"vertical-align: inherit;\"><span style=\"vertical-align: inherit;\">El tweet provoc\u00f3 especulaciones entre los fan\u00e1ticos, conectando al luchador de 45 a\u00f1os con AEW, una promoci\u00f3n conocida por su \u00e9nfasis en combates de alta calidad. Adem\u00e1s, la situaci\u00f3n de su contrato ha provocado conversaciones dentro de la comunidad de lucha libre sobre sus planes.<\/span><\/span><\/p>\n<blockquote class=\"twitter-tweet\">\n<p dir=\"ltr\" lang=\"en\">watch a soap opera then<\/p>\n<p>\u2014 Sheamus (@WWESheamus) <a href=\"https:\/\/twitter.com\/WWESheamus\/status\/1760006676290384272?ref_src=twsrc%5Etfw\" target=\"_blank\" rel=\"noopener\">February 20, 2024<\/a><\/p><\/blockquote>\n<p><script async src=\"https:\/\/platform.twitter.com\/widgets.js\" charset=\"utf-8\"><\/script><br \/>\n<span style=\"vertical-align: inherit;\"><span style=\"vertical-align: inherit;\">Dada su franqueza sobre ciertos aspectos de su carrera en la WWE y su insatisfacci\u00f3n con la contrataci\u00f3n de The Tribal Chief por encima de otros talentos, existe la sospecha de que la afiliaci\u00f3n de The Celtic Warrior con la promoci\u00f3n con sede en Stamford puede estar llegando a su fin.<\/span><\/span><\/p>\n<p><span style=\"vertical-align: inherit;\"><span style=\"vertical-align: inherit;\">Sin embargo, la publicaci\u00f3n tambi\u00e9n podr\u00eda ser una indicaci\u00f3n de que regresar\u00e1 a la empresa a tiempo para\u00a0 <\/span><\/span><a href=\"https:\/\/www.prwrestling.com\/nw\/tag\/wwe-wrestlemania\" target=\"_blank\" rel=\"noopener noreferrer\" data-is-sponsored=\"false\"><span style=\"vertical-align: inherit;\"><span style=\"vertical-align: inherit;\">WrestleMania 40<\/span><\/span><\/a><span style=\"vertical-align: inherit;\"><span style=\"vertical-align: inherit;\"> . La industria de la lucha libre se pregunta si el ex campe\u00f3n mundial regresar\u00e1 a la WWE o ir\u00e1 a otra promoci\u00f3n. Se desconoce el rumbo que tomar\u00e1, ya que todav\u00eda es meramente una cuesti\u00f3n de especulaci\u00f3n. Esperemos y observemos.<\/span><\/span><\/p>\n<h2><strong><span style=\"vertical-align: inherit;\"><span style=\"vertical-align: inherit;\">Sheamus no estaba contento con que WWE extendiera un segmento del The Bloodline<\/span><\/span><\/strong><\/h2>\n<p><a href=\"https:\/\/www.prwrestling.com\/nw\/tag\/roman-reigns\" target=\"_blank\" rel=\"noopener noreferrer\" data-is-sponsored=\"false\"><span style=\"vertical-align: inherit;\"><span style=\"vertical-align: inherit;\">Roman Reigns<\/span><\/span><\/a><span style=\"vertical-align: inherit;\"><span style=\"vertical-align: inherit;\"> ha gobernado la WWE como Campe\u00f3n Universal Indiscutible durante cuatro a\u00f1os.\u00a0<\/span><\/span><span style=\"vertical-align: inherit;\"><span style=\"vertical-align: inherit;\">Durante una entrevista con\u00a0 <\/span><span style=\"vertical-align: inherit;\">\u00a0Alex McCarthy y Luke Power <\/span><\/span><em><span style=\"vertical-align: inherit;\"><span style=\"vertical-align: inherit;\">de MailOnline ,<\/span><\/span><\/em><span style=\"vertical-align: inherit;\"><span style=\"vertical-align: inherit;\"> Sheamus declar\u00f3 que Reigns y su facci\u00f3n Bloodline recibieron una cantidad considerable de prominencia en la historia, aumentando la reputaci\u00f3n de Reigns como un nombre importante:<\/span><\/span><\/p>\n<blockquote><p><span style=\"vertical-align: inherit;\"><span style=\"vertical-align: inherit;\">&#8220;Obviamente, existe el lujo de tener todo el tiempo de la historia y todo eso. Siento que aprovech\u00f3 al m\u00e1ximo la oportunidad que tuvo, pero siento que hay muchachos en la plantilla rogando por esa cantidad de tiempo para contar sus propias historias y esa es una de ellas&#8221;. Es una de las \u00fanicas cosas que est\u00e1n sucediendo. El resto del plantel tambi\u00e9n necesita tiempo para contar historias&#8221;.<\/span><\/span><\/p><\/blockquote>\n<blockquote class=\"twitter-tweet\">\n<p dir=\"ltr\" lang=\"en\">\u261d000 days.<br \/>\nNo words needed.<a href=\"https:\/\/twitter.com\/hashtag\/WWENOC?src=hash&amp;ref_src=twsrc%5Etfw\" target=\"_blank\" rel=\"noopener\">#WWENOC<\/a> <a href=\"https:\/\/twitter.com\/hashtag\/TribalChief?src=hash&amp;ref_src=twsrc%5Etfw\" target=\"_blank\" rel=\"noopener\">#TribalChief<\/a> <a href=\"https:\/\/twitter.com\/hashtag\/Bloodline?src=hash&amp;ref_src=twsrc%5Etfw\" target=\"_blank\" rel=\"noopener\">#Bloodline<\/a> <a href=\"https:\/\/t.co\/0juVj3mSuW\">pic.twitter.com\/0juVj3mSuW<\/a><\/p>\n<p>\u2014 Roman Reigns (@WWERomanReigns) <a href=\"https:\/\/twitter.com\/WWERomanReigns\/status\/1662443487126593539?ref_src=twsrc%5Etfw\" target=\"_blank\" rel=\"noopener\">May 27, 2023<\/a><\/p><\/blockquote>\n<p><script async src=\"https:\/\/platform.twitter.com\/widgets.js\" charset=\"utf-8\"><\/script><\/p>\n","protected":false},"excerpt":{"rendered":"<p>Un ex campe\u00f3n mundial de la WWE ha estado ausente de la competencia dentro del ring durante los \u00faltimos seis meses.<\/p>\n","protected":false},"author":1,"featured_media":251157,"comment_status":"closed","ping_status":"closed","sticky":false,"template":"","format":"standard","meta":{"footnotes":""},"categories":[5,38],"tags":[1897],"class_list":{"0":"post-251155","1":"post","2":"type-post","3":"status-publish","4":"format-standard","5":"has-post-thumbnail","7":"category-noticias","8":"category-noticias-y-rumores-de-la-wwe","9":"tag-sheamus"},"_links":{"self":[{"href":"https:\/\/www.prwrestling.com\/nw\/wp-json\/wp\/v2\/posts\/251155","targetHints":{"allow":["GET"]}}],"collection":[{"href":"https:\/\/www.prwrestling.com\/nw\/wp-json\/wp\/v2\/posts"}],"about":[{"href":"https:\/\/www.prwrestling.com\/nw\/wp-json\/wp\/v2\/types\/post"}],"author":[{"embeddable":true,"href":"https:\/\/www.prwrestling.com\/nw\/wp-json\/wp\/v2\/users\/1"}],"replies":[{"embeddable":true,"href":"https:\/\/www.prwrestling.com\/nw\/wp-json\/wp\/v2\/comments?post=251155"}],"version-history":[{"count":2,"href":"https:\/\/www.prwrestling.com\/nw\/wp-json\/wp\/v2\/posts\/251155\/revisions"}],"predecessor-version":[{"id":251158,"href":"https:\/\/www.prwrestling.com\/nw\/wp-json\/wp\/v2\/posts\/251155\/revisions\/251158"}],"wp:featuredmedia":[{"embeddable":true,"href":"https:\/\/www.prwrestling.com\/nw\/wp-json\/wp\/v2\/media\/251157"}],"wp:attachment":[{"href":"https:\/\/www.prwrestling.com\/nw\/wp-json\/wp\/v2\/media?parent=251155"}],"wp:term":[{"taxonomy":"category","embeddable":true,"href":"https:\/\/www.prwrestling.com\/nw\/wp-json\/wp\/v2\/categories?post=251155"},{"taxonomy":"post_tag","embeddable":true,"href":"https:\/\/www.prwrestling.com\/nw\/wp-json\/wp\/v2\/tags?post=251155"}],"curies":[{"name":"wp","href":"https:\/\/api.w.org\/{rel}","templated":true}]}}