{"id":251175,"date":"2024-02-22T20:06:22","date_gmt":"2024-02-23T01:06:22","guid":{"rendered":"https:\/\/www.prwrestling.com\/nw\/?p=251175"},"modified":"2024-02-22T20:07:56","modified_gmt":"2024-02-23T01:07:56","slug":"wwe-puede-continuar-la-historia-de-cody-rhodes-vs-bloodline-sin-una-leyenda-de-54-anos-dice-konnan","status":"publish","type":"post","link":"https:\/\/www.prwrestling.com\/nw\/wwe-puede-continuar-la-historia-de-cody-rhodes-vs-bloodline-sin-una-leyenda-de-54-anos-dice-konnan\/","title":{"rendered":"WWE puede continuar la historia de Cody Rhodes vs. Bloodline sin una leyenda de 54 a\u00f1os, dice Konnan"},"content":{"rendered":"<p>El veterano de la lucha libre Konnan ha emitido su opini\u00f3n sobre la gesti\u00f3n de la historia entre Cody Rhodes y The Bloodline en la WWE, destacando que la participaci\u00f3n de una leyenda de 54 a\u00f1os no es necesaria para el desarrollo de la trama.<!--more--><div id=\"ad-slot\" style=\"min-width: 300px; min-height: 250px;\">\r\n<p style=\"text-align: center;\">\r\n<script async src=\"https:\/\/pagead2.googlesyndication.com\/pagead\/js\/adsbygoogle.js\"><\/script>\r\n<!-- 300x250 sc a -->\r\n<ins class=\"adsbygoogle\"\r\n     style=\"display:inline-block;width:300px;height:250px\"\r\n     data-ad-client=\"ca-pub-1244235910658811\"\r\n     data-ad-slot=\"8592682546\"><\/ins>\r\n<script>\r\n     (adsbygoogle = window.adsbygoogle || []).push({});\r\n<\/script><\/center>\r\n<\/p><\/div><\/p>\n<p>En una reciente intervenci\u00f3n en el programa Keepin&#8217; It 100, Konnan abord\u00f3 la expectativa de los fan\u00e1ticos de que Dustin Rhodes, tambi\u00e9n conocido como Goldust en la WWE, <a href=\"https:\/\/www.prwrestling.com\/nw\/instan-a-tony-khan-a-dejar-que-dustin-rhodes-sea-parte-de-la-historia-de-la-wwe-de-cody-rhodes\/\">intervenga para respaldar a su hermano Cody<\/a> en su enfrentamiento contra The Bloodline en el pr\u00f3ximo Showcase of the Immortals.<\/p>\n<blockquote><p>Konnan enfatiz\u00f3: &#8220;No hay espacio, ellos (WWE) no necesitan a Dustin Rhodes en este \u00e1ngulo&#8221;.<\/p><\/blockquote>\n<p>Dado que Dustin Rhodes, la leyenda de 54 a\u00f1os, est\u00e1 asociado a All Elite Wrestling (AEW), Konnan se\u00f1al\u00f3 que es poco probable que Tony Khan, propietario de AEW, permita que Dustin participe en una historia de la WWE. Konnan afirm\u00f3 con contundencia:<\/p>\n<blockquote><p>&#8220;Y dudo mucho que Tony (Khan) preste algo de su talento a la WWE. No le gusta&#8221;.<\/p><\/blockquote>\n<div id=\"ad-slot\" style=\"min-width: 300px; min-height: 250px;\"><p style=\"text-align: center;\">\r\n<script async src=\"https:\/\/pagead2.googlesyndication.com\/pagead\/js\/adsbygoogle.js\"><\/script>\r\n<!-- Responsive sc c -->\r\n<ins class=\"adsbygoogle\"\r\n     style=\"display:block\"\r\n     data-ad-client=\"ca-pub-1244235910658811\"\r\n     data-ad-slot=\"4234005358\"\r\n     data-ad-format=\"auto\"\r\n     data-full-width-responsive=\"true\"><\/ins>\r\n<script>\r\n     (adsbygoogle = window.adsbygoogle || []).push({});\r\n<\/script><\/p><\/div>\n<p>Estas declaraciones sugieren que, seg\u00fan Konnan, la WWE tiene la capacidad de llevar adelante la trama entre Cody Rhodes y The Bloodline sin depender de la inclusi\u00f3n de Dustin Rhodes. Su perspectiva destaca la confianza en los personajes actuales y la direcci\u00f3n creativa para impulsar la historia hacia adelante sin la necesidad de recurrir a figuras de fuera de la empresa.<br \/>\n<iframe loading=\"lazy\" title=\"Konnan on: will Dustin Rhodes become part of the Cody Rhodes vs The Bloodline storyline?\" src=\"https:\/\/www.youtube.com\/embed\/Wg0-H8V-xwU\" width=\"100%\" height=\"300\" frameborder=\"0\" allowfullscreen=\"allowfullscreen\"><span data-mce-type=\"bookmark\" style=\"display: inline-block; width: 0px; overflow: hidden; line-height: 0;\" class=\"mce_SELRES_start\">\ufeff<\/span><\/iframe><\/p>\n<h2><strong>The Rock lanza amenaza a pocas horas de WWE Elimination Chamber<\/strong><\/h2>\n<p>Por otro lado, en el universo de la WWE, The Rock ha formalizado su alianza con Roman Reigns, Jimmy Uso, <a href=\"https:\/\/www.prwrestling.com\/nw\/tag\/solo-sikoa\">Solo Sikoa<\/a> y Paul Heyman en The Bloodline. Este giro en la trama antes de WrestleMania 40 ha generado un nuevo panorama, con Dwayne Johnson responsabilizando a los fan\u00e1ticos de SmackDown por suscitar el deseo de Rhodes de dar por finalizada la historia.<\/p>\n<p>En medio de estos acontecimientos, Seth Rollins, en Monday Night RAW, <a href=\"https:\/\/www.prwrestling.com\/nw\/reporte-wwe-raw-2-19-jimmy-ataca-a-jey-uso-cody-rhodes-vs-drew-mcintyre\/\">ha extendido su ayuda a Rhodes<\/a>, argumentando que no necesita enfrentarse a The Bloodline en solitario. Previo a Elimination Chamber 2024, The Rock ha advertido que tomar\u00e1 represalias severas contra ambas Superestrellas de RAW si difaman su nombre en el segmento Grayson Waller Effect en Perth, Australia.<\/p>\n<p>&nbsp;<\/p>\n","protected":false},"excerpt":{"rendered":"<p>El veterano de la lucha libre Konnan ha emitido su opini\u00f3n sobre la gesti\u00f3n de la historia entre Cody Rhodes y The Bloodline en la WWE, destacando que la participaci\u00f3n de una leyenda de 54 a\u00f1os no es necesaria para el desarrollo de la trama.<\/p>\n","protected":false},"author":1,"featured_media":251176,"comment_status":"closed","ping_status":"closed","sticky":false,"template":"","format":"standard","meta":{"footnotes":""},"categories":[5,38],"tags":[1406],"class_list":{"0":"post-251175","1":"post","2":"type-post","3":"status-publish","4":"format-standard","5":"has-post-thumbnail","7":"category-noticias","8":"category-noticias-y-rumores-de-la-wwe","9":"tag-konnan"},"_links":{"self":[{"href":"https:\/\/www.prwrestling.com\/nw\/wp-json\/wp\/v2\/posts\/251175","targetHints":{"allow":["GET"]}}],"collection":[{"href":"https:\/\/www.prwrestling.com\/nw\/wp-json\/wp\/v2\/posts"}],"about":[{"href":"https:\/\/www.prwrestling.com\/nw\/wp-json\/wp\/v2\/types\/post"}],"author":[{"embeddable":true,"href":"https:\/\/www.prwrestling.com\/nw\/wp-json\/wp\/v2\/users\/1"}],"replies":[{"embeddable":true,"href":"https:\/\/www.prwrestling.com\/nw\/wp-json\/wp\/v2\/comments?post=251175"}],"version-history":[{"count":3,"href":"https:\/\/www.prwrestling.com\/nw\/wp-json\/wp\/v2\/posts\/251175\/revisions"}],"predecessor-version":[{"id":251179,"href":"https:\/\/www.prwrestling.com\/nw\/wp-json\/wp\/v2\/posts\/251175\/revisions\/251179"}],"wp:featuredmedia":[{"embeddable":true,"href":"https:\/\/www.prwrestling.com\/nw\/wp-json\/wp\/v2\/media\/251176"}],"wp:attachment":[{"href":"https:\/\/www.prwrestling.com\/nw\/wp-json\/wp\/v2\/media?parent=251175"}],"wp:term":[{"taxonomy":"category","embeddable":true,"href":"https:\/\/www.prwrestling.com\/nw\/wp-json\/wp\/v2\/categories?post=251175"},{"taxonomy":"post_tag","embeddable":true,"href":"https:\/\/www.prwrestling.com\/nw\/wp-json\/wp\/v2\/tags?post=251175"}],"curies":[{"name":"wp","href":"https:\/\/api.w.org\/{rel}","templated":true}]}}