{"id":251690,"date":"2024-02-25T13:55:17","date_gmt":"2024-02-25T18:55:17","guid":{"rendered":"https:\/\/www.prwrestling.com\/nw\/?p=251690"},"modified":"2024-02-25T13:55:17","modified_gmt":"2024-02-25T18:55:17","slug":"ex-campeon-mundial-de-peso-pesado-regresa-a-la-wwe-para-ser-aplastado-en-wrestlemania-40-en-un-angulo-presentado-por-matt-morgan","status":"publish","type":"post","link":"https:\/\/www.prwrestling.com\/nw\/ex-campeon-mundial-de-peso-pesado-regresa-a-la-wwe-para-ser-aplastado-en-wrestlemania-40-en-un-angulo-presentado-por-matt-morgan\/","title":{"rendered":"Ex campe\u00f3n mundial de peso pesado regresa a la WWE para ser aplastado en WrestleMania 40 en un \u00e1ngulo presentado por Matt Morgan"},"content":{"rendered":"<p><span style=\"vertical-align: inherit;\"><span style=\"vertical-align: inherit;\">El CCO de la WWE, Triple H, ha estado funcionando a toda m\u00e1quina a medida que WrestleMania 40 se acerca r\u00e1pidamente. Matt Morgan ha propuesto que un ex campe\u00f3n mundial de peso pesado regrese para un mega combate en The Show of Shows este a\u00f1o.<\/span><\/span><!--more--><\/p>\n<div id=\"ad-slot\" style=\"min-width: 300px; min-height: 250px;\">\r\n<p style=\"text-align: center;\">\r\n<!-- Site name: prwrestling.com\r\nZone name: prwrestling.com_banner_300x250\r\nZone id: 2109741734\r\nType: banner\r\nFormat: 300x250\r\n --> \r\n\r\n<!-- Copy and paste this code on the page. -->\r\n<div id='zone_2109741734' ><\/div>\r\n<script>\r\n    (function(w,d,o,g,r,a,m){\r\n        var cid='zone_2109741734';\r\n        w[r]=w[r]||function(){(w[r+'l']=w[r+'l']||[]).push(arguments)};\r\n        function e(b,w,r){if((w[r+'h']=b.pop())&&!w.ABN){\r\n            var a=d.createElement(o),p=d.getElementsByTagName(o)[0];a.async=1;\r\n            a.src='https:\/\/cdn.'+w[r+'h']+'\/libs\/e.js';a.onerror=function(){e(g,w,r)};\r\n            p.parentNode.insertBefore(a,p)}}e(g,w,r);\r\n        w[r](cid,{id:2109741734,domain:w[r+'h']});\r\n    })(window,document,'script',['traffmovie.com'],'ABNS');\r\n<\/script>\r\n\r\n<!--\r\nWhen setting the zone code, make sure:\r\n  - you have provided all domains from which the area code will be called\r\n  - the site does not limit the loading in the Content Security Policy\r\n  - the area code is installed in the ad space inside the page\r\n  - site layout allows you to display the banner on mobile devices in full size\r\nUse data-cp1={customParam1} data-cp2={customParam2}... attributes for sending custom params\r\n-->\r\n<\/p><\/div>\n<p><span style=\"vertical-align: inherit;\"><span style=\"vertical-align: inherit;\">Sheamus ha estado al margen desde el episodio del 18 de agosto de SmackDown del a\u00f1o pasado. Se dec\u00eda que se estaba recuperando de una lesi\u00f3n en el hombro que probablemente sufri\u00f3 durante un combate contra Adam Copeland (Edge). Con WrestleMania XL a poco m\u00e1s de un mes de distancia, The Celtic Warrior ha estado\u00a0 <\/span><\/span><a href=\"https:\/\/www.prwrestling.com\/nw\/sheamus-declara-le-quedan-dos-cosas-por-lograr-en-la-wwe\/\" target=\"_blank\" rel=\"noopener noreferrer\" data-is-sponsored=\"false\"><span style=\"vertical-align: inherit;\"><span style=\"vertical-align: inherit;\">dando pistas sobre su posible regreso<\/span><\/span><\/a><span style=\"vertical-align: inherit;\"><span style=\"vertical-align: inherit;\"> \u00faltimamente. Pero tal como est\u00e1n las cosas, todav\u00eda no ha regresado a la programaci\u00f3n de televisi\u00f3n.<\/span><\/span><\/p>\n<p><span style=\"vertical-align: inherit;\"><span style=\"vertical-align: inherit;\">Hablando en el\u00a0 podcast <\/span><\/span><em><span style=\"vertical-align: inherit;\"><span style=\"vertical-align: inherit;\">Gigantic Pop<\/span><\/span><\/em><span style=\"vertical-align: inherit;\"><span style=\"vertical-align: inherit;\"> \u00a0, Matt Morgan se\u00f1al\u00f3 que la joven estrella Bron Breakker necesita estar en la cartelera de WrestleMania 40:<\/span><\/span><\/p>\n<div id=\"ad-slot\" style=\"min-width: 300px; min-height: 250px;\"><p style=\"text-align: center;\">\r\n<script async src=\"https:\/\/pagead2.googlesyndication.com\/pagead\/js\/adsbygoogle.js\"><\/script>\r\n<!-- Responsive sc c -->\r\n<ins class=\"adsbygoogle\"\r\n     style=\"display:block\"\r\n     data-ad-client=\"ca-pub-1244235910658811\"\r\n     data-ad-slot=\"4234005358\"\r\n     data-ad-format=\"auto\"\r\n     data-full-width-responsive=\"true\"><\/ins>\r\n<script>\r\n     (adsbygoogle = window.adsbygoogle || []).push({});\r\n<\/script><\/p><\/div>\n<blockquote><p><span style=\"vertical-align: inherit;\"><span style=\"vertical-align: inherit;\">&#8220;As\u00ed que Bron Breakker necesita estar en WrestleMania. Necesita una victoria limpia. Tal como decimos para Jade [Cargill], Bron Breakker tambi\u00e9n necesita estar en esa cartelera&#8221;, dijo Morgan.<\/span><\/span><\/p><\/blockquote>\n<p><span style=\"vertical-align: inherit;\"><span style=\"vertical-align: inherit;\">El veterano de WWE nombr\u00f3 a Sheamus como posible oponente de Bron Breakker en Filadelfia:<\/span><\/span><\/p>\n<blockquote><p><span style=\"vertical-align: inherit;\"><span style=\"vertical-align: inherit;\">&#8220;Tal vez sea Sheamus. Tal vez sea solo un combate temprano. Simplemente haz que arrasen como un combate de declaraci\u00f3n, un combate de un minuto. Si lo est\u00e1s construyendo, si eso es lo que est\u00e1n haciendo con \u00e9l, estoy diciendo. Si no lo quieren hacer, entonces no&#8221;, a\u00f1adi\u00f3.\u00a0<\/span><\/span><\/p><\/blockquote>\n<p><em><span style=\"vertical-align: inherit;\"><span style=\"vertical-align: inherit;\">Mira el v\u00eddeo a continuaci\u00f3n:<\/span><\/span><\/em><\/p>\n<p><iframe loading=\"lazy\" src=\"https:\/\/www.youtube.com\/embed\/LuAvMKYE7d8\" width=\"100%\" height=\"370\" frameborder=\"0\" allowfullscreen=\"allowfullscreen\" data-mce-fragment=\"1\"><\/iframe><\/p>\n<h2><strong><span style=\"vertical-align: inherit;\">Un actual campe\u00f3n de WWE est\u00e1 abierto a enfrentar nuevamente a Sheamus<\/span><\/strong><\/h2>\n<p><span style=\"vertical-align: inherit;\"><span style=\"vertical-align: inherit;\">Sheamus ha\u00a0 <\/span><\/span><span style=\"vertical-align: inherit;\"><span style=\"vertical-align: inherit;\">hablado de ganar el Campeonato Intercontinental de la WWE<\/span><\/span><span style=\"vertical-align: inherit;\"><span style=\"vertical-align: inherit;\"> \u00a0antes de marcharse definitivamente. Sin embargo, no ha logrado arrebatarle el t\u00edtulo a <a href=\"https:\/\/www.prwrestling.com\/nw\/tag\/gunther\">Gunther<\/a> en m\u00faltiples ocasiones. Es el \u00fanico t\u00edtulo que necesita ganar para convertirse en campe\u00f3n del Grand Slam.<\/span><\/span><\/p>\n<p><span style=\"vertical-align: inherit;\"><span style=\"vertical-align: inherit;\">Hablando en el\u00a0 podcast <\/span><\/span><em><span style=\"vertical-align: inherit;\"><span style=\"vertical-align: inherit;\">Battleground\u00a0<\/span><\/span><\/em><span style=\"vertical-align: inherit;\"><span style=\"vertical-align: inherit;\"> ,\u00a0 <\/span><\/span><span style=\"vertical-align: inherit;\"><span style=\"vertical-align: inherit;\">The Ring General habl\u00f3<\/span><\/span><span style=\"vertical-align: inherit;\"><span style=\"vertical-align: inherit;\"> \u00a0sobre la posibilidad de volver a enfrentar a The Celtic Warrior en el futuro:<\/span><\/span><\/p>\n<blockquote><p><span style=\"vertical-align: inherit;\"><span style=\"vertical-align: inherit;\">&#8220;Definitivamente estoy listo, pero donde est\u00e1 \u00e9l ahora es donde m\u00e1s me gusta: lejos. Es un buen lugar donde est\u00e1, pero veremos qu\u00e9 pasa&#8221;.<\/span><\/span><\/p><\/blockquote>\n<blockquote class=\"twitter-tweet\">\n<p dir=\"ltr\" lang=\"en\">Sheamus vs Gunther.<\/p>\n<p>Clash at the Castle 2022 <a href=\"https:\/\/t.co\/TnpWDJieFr\">https:\/\/t.co\/TnpWDJieFr<\/a> <a href=\"https:\/\/t.co\/rXUfsQWOjL\">pic.twitter.com\/rXUfsQWOjL<\/a><\/p>\n<p>\u2014 Roman Reigns SZN (@reigns_era) <a href=\"https:\/\/twitter.com\/reigns_era\/status\/1760497152537604191?ref_src=twsrc%5Etfw\" target=\"_blank\" rel=\"noopener\">February 22, 2024<\/a><\/p><\/blockquote>\n<p><script async src=\"https:\/\/platform.twitter.com\/widgets.js\" charset=\"utf-8\"><\/script><br \/>\nEl indomable Gunther se encuentra actualmente sin feudo antes de WrestleMania 40. \u00bfPodr\u00eda Sheamus regresar para renovar un viejo feudo? S\u00f3lo el tiempo dir\u00e1.<\/p>\n","protected":false},"excerpt":{"rendered":"<p>El CCO de la WWE, Triple H, ha estado funcionando a toda m\u00e1quina a medida que WrestleMania 40 se acerca r\u00e1pidamente. Matt Morgan ha propuesto que un ex campe\u00f3n mundial de peso pesado regrese para un mega combate en The Show of Shows este a\u00f1o.<\/p>\n","protected":false},"author":1,"featured_media":251693,"comment_status":"closed","ping_status":"closed","sticky":false,"template":"","format":"standard","meta":{"footnotes":""},"categories":[5,38],"tags":[7537],"class_list":["post-251690","post","type-post","status-publish","format-standard","has-post-thumbnail","category-noticias","category-noticias-y-rumores-de-la-wwe","tag-matt-morgan"],"_links":{"self":[{"href":"https:\/\/www.prwrestling.com\/nw\/wp-json\/wp\/v2\/posts\/251690","targetHints":{"allow":["GET"]}}],"collection":[{"href":"https:\/\/www.prwrestling.com\/nw\/wp-json\/wp\/v2\/posts"}],"about":[{"href":"https:\/\/www.prwrestling.com\/nw\/wp-json\/wp\/v2\/types\/post"}],"author":[{"embeddable":true,"href":"https:\/\/www.prwrestling.com\/nw\/wp-json\/wp\/v2\/users\/1"}],"replies":[{"embeddable":true,"href":"https:\/\/www.prwrestling.com\/nw\/wp-json\/wp\/v2\/comments?post=251690"}],"version-history":[{"count":3,"href":"https:\/\/www.prwrestling.com\/nw\/wp-json\/wp\/v2\/posts\/251690\/revisions"}],"predecessor-version":[{"id":251694,"href":"https:\/\/www.prwrestling.com\/nw\/wp-json\/wp\/v2\/posts\/251690\/revisions\/251694"}],"wp:featuredmedia":[{"embeddable":true,"href":"https:\/\/www.prwrestling.com\/nw\/wp-json\/wp\/v2\/media\/251693"}],"wp:attachment":[{"href":"https:\/\/www.prwrestling.com\/nw\/wp-json\/wp\/v2\/media?parent=251690"}],"wp:term":[{"taxonomy":"category","embeddable":true,"href":"https:\/\/www.prwrestling.com\/nw\/wp-json\/wp\/v2\/categories?post=251690"},{"taxonomy":"post_tag","embeddable":true,"href":"https:\/\/www.prwrestling.com\/nw\/wp-json\/wp\/v2\/tags?post=251690"}],"curies":[{"name":"wp","href":"https:\/\/api.w.org\/{rel}","templated":true}]}}