{"id":253235,"date":"2024-03-06T06:02:10","date_gmt":"2024-03-06T11:02:10","guid":{"rendered":"https:\/\/www.prwrestling.com\/nw\/?p=253235"},"modified":"2024-03-06T06:02:10","modified_gmt":"2024-03-06T11:02:10","slug":"wwe-reconoce-sorprendentemente-a-brock-lesnar-en-un-importante-anuncio","status":"publish","type":"post","link":"https:\/\/www.prwrestling.com\/nw\/wwe-reconoce-sorprendentemente-a-brock-lesnar-en-un-importante-anuncio\/","title":{"rendered":"WWE reconoce sorprendentemente a Brock Lesnar en un importante anuncio"},"content":{"rendered":"<p><span style=\"vertical-align: inherit;\"><span style=\"vertical-align: inherit;\">WWE sorprendentemente reconoci\u00f3 a Brock Lesnar durante un anuncio reciente. La Bestia Encarnada no ha sido vista desde su derrota ante Cody Rhodes en WWE SummerSlam 2023.<\/span><\/span><!--more--><div id=\"ad-slot\" style=\"min-width: 300px; min-height: 250px;\">\r\n<p style=\"text-align: center;\">\r\n<script async src=\"https:\/\/pagead2.googlesyndication.com\/pagead\/js\/adsbygoogle.js\"><\/script>\r\n<!-- 300x250 sc a -->\r\n<ins class=\"adsbygoogle\"\r\n     style=\"display:inline-block;width:300px;height:250px\"\r\n     data-ad-client=\"ca-pub-1244235910658811\"\r\n     data-ad-slot=\"8592682546\"><\/ins>\r\n<script>\r\n     (adsbygoogle = window.adsbygoogle || []).push({});\r\n<\/script><\/center>\r\n<\/p><\/div><\/p>\n<p><span style=\"vertical-align: inherit;\"><span style=\"vertical-align: inherit;\">Como ya sabemos reci\u00e9n se anunci\u00f3 que el &#8220;Wise Man&#8217; del Bloodline Paul Heyman ser\u00e1\u00a0 <\/span><\/span><a href=\"https:\/\/www.prwrestling.com\/nw\/paul-heyman-sera-exaltado-al-salon-de-la-fama-de-wwe-2024\/\" target=\"_blank\" rel=\"noopener noreferrer\" data-is-sponsored=\"false\"><span style=\"vertical-align: inherit;\"><span style=\"vertical-align: inherit;\">incluido en el Sal\u00f3n de la Fama de la WWE<\/span><\/span><\/a><span style=\"vertical-align: inherit;\"><span style=\"vertical-align: inherit;\"> \u00a0este a\u00f1o. Heyman previamente fue el defensor de Lesnar durante varios a\u00f1os. Tambi\u00e9n se desempe\u00f1\u00f3 como manejador de CM Punk en su d\u00eda. WWE hizo el anuncio en su\u00a0 <\/span><\/span><a href=\"https:\/\/www.wwe.com\/shows\/wwe-hall-of-fame\/article\/paul-heyman-to-be-inducted-into-the-wwe-hall-of-fame-class-of-2024\" target=\"_blank\" rel=\"nofollow noopener noreferrer\" data-is-sponsored=\"false\"><span style=\"vertical-align: inherit;\"><span style=\"vertical-align: inherit;\">sitio web oficial<\/span><\/span><\/a><span style=\"vertical-align: inherit;\"><span style=\"vertical-align: inherit;\"> \u00a0y como se\u00f1al\u00f3\u00a0 <\/span><\/span><em><span style=\"vertical-align: inherit;\"><span style=\"vertical-align: inherit;\">WrestleTalk\u00a0<\/span><\/span><\/em><span style=\"vertical-align: inherit;\"><span style=\"vertical-align: inherit;\"> en X (antes Twitter), la compa\u00f1\u00eda mencion\u00f3 a Brock Lesnar.<\/span><\/span><\/p>\n<p><span style=\"vertical-align: inherit;\"><span style=\"vertical-align: inherit;\">Se hizo referencia a Lesnar\u00a0 <\/span><\/span><a href=\"https:\/\/www.prwrestling.com\/nw\/brock-lesnar-podria-nunca-regresar-a-la-wwe\/\" target=\"_blank\" rel=\"noopener noreferrer\" data-is-sponsored=\"false\"><span style=\"vertical-align: inherit;\"><span style=\"vertical-align: inherit;\">en la demanda presentada por la ex empleada de la WWE Janel Grant\u00a0<\/span><\/span><\/a><span style=\"vertical-align: inherit;\"><span style=\"vertical-align: inherit;\"> contra Vince McMahon. El ex CEO de WWE renunci\u00f3 a la empresa de cara a Royal Rumble 2024 luego de que saliera a la luz la demanda.<\/span><\/span><\/p>\n<blockquote class=\"twitter-tweet\">\n<p dir=\"ltr\" lang=\"en\">Despite removing Brock Lesnar from certain things recently &#8211; including the opening video for every show and <a href=\"https:\/\/twitter.com\/hashtag\/WWE2K24?src=hash&amp;ref_src=twsrc%5Etfw\" target=\"_blank\" rel=\"noopener\">#WWE2K24<\/a> (except Showcase mode) &#8211; <a href=\"https:\/\/twitter.com\/hashtag\/WWE?src=hash&amp;ref_src=twsrc%5Etfw\" target=\"_blank\" rel=\"noopener\">#WWE<\/a> did include him in their official announcement for Paul Heyman being inducted into the Hall of Fame:<\/p>\n<p>&#8220;Time and again, however,\u2026 <a href=\"https:\/\/t.co\/yxN9G3VT24\">pic.twitter.com\/yxN9G3VT24<\/a><\/p>\n<p>\u2014 WrestleTalk (@WrestleTalk_TV) <a href=\"https:\/\/twitter.com\/WrestleTalk_TV\/status\/1764741014101585969?ref_src=twsrc%5Etfw\" target=\"_blank\" rel=\"noopener\">March 4, 2024<\/a><\/p><\/blockquote>\n<p><script async src=\"https:\/\/platform.twitter.com\/widgets.js\" charset=\"utf-8\"><\/script><\/p>\n<h2><span style=\"vertical-align: inherit;\"><span style=\"vertical-align: inherit;\">Un veterano de la WWE afirma que ex campe\u00f3n tiene suerte de ocupar el lugar de Brock Lesnar<\/span><\/span><\/h2>\n<p><span style=\"vertical-align: inherit;\"><span style=\"vertical-align: inherit;\">El ex manejador de la WWE, Dutch Mantell, cree que Bron Breakker es incre\u00edblemente afortunado de haber tomado el lugar de Brock Lesnar despu\u00e9s de que se revel\u00f3 la demanda de Janel Grant.<\/span><\/span><\/p>\n<div id=\"ad-slot\" style=\"min-width: 300px; min-height: 250px;\"><p style=\"text-align: center;\">\r\n<script async src=\"https:\/\/pagead2.googlesyndication.com\/pagead\/js\/adsbygoogle.js\"><\/script>\r\n<!-- Responsive sc c -->\r\n<ins class=\"adsbygoogle\"\r\n     style=\"display:block\"\r\n     data-ad-client=\"ca-pub-1244235910658811\"\r\n     data-ad-slot=\"4234005358\"\r\n     data-ad-format=\"auto\"\r\n     data-full-width-responsive=\"true\"><\/ins>\r\n<script>\r\n     (adsbygoogle = window.adsbygoogle || []).push({});\r\n<\/script><\/p><\/div>\n<p><span style=\"vertical-align: inherit;\"><span style=\"vertical-align: inherit;\">Seg\u00fan se informa, la promoci\u00f3n ten\u00eda planes para Lesnar en Royal Rumble 2024, pero fueron descartados luego de la demanda. Bron Breakker reemplaz\u00f3 al veterano en el Royal Rumble masculino y tuvo una actuaci\u00f3n impresionante. Breakker ha firmado oficialmente con SmackDown en el roster principal, pero sigue siendo la mitad de los Campeones en Parejas de NXT junto a Baron Corbin.<\/span><\/span><\/p>\n<p><span style=\"vertical-align: inherit;\"><span style=\"vertical-align: inherit;\">Hablando en un episodio de\u00a0 <\/span><\/span><em><span style=\"vertical-align: inherit;\"><span style=\"vertical-align: inherit;\">Smack Talk<\/span><\/span><\/em><span style=\"vertical-align: inherit;\"><span style=\"vertical-align: inherit;\"> , Mantell declar\u00f3 que Breakker tuvo\u00a0 <\/span><\/span><a href=\"https:\/\/www.prwrestling.com\/nw\/identidad-del-luchador-sustituto-de-brock-lesnar-en-el-wwe-royal-rumble\/\" target=\"_blank\" rel=\"noopener noreferrer\" data-is-sponsored=\"false\"><span style=\"vertical-align: inherit;\"><span style=\"vertical-align: inherit;\">suerte de ser llamado al roster principal en el momento adecuado<\/span><\/span><\/a><span style=\"vertical-align: inherit;\"><span style=\"vertical-align: inherit;\"> . Se\u00f1al\u00f3 que Breakker podr\u00eda reemplazar a Lesnar en la televisi\u00f3n de la WWE y el ex Campe\u00f3n NXT no podr\u00eda tener m\u00e1s suerte.<\/span><\/span><\/p>\n<blockquote><p><span style=\"vertical-align: inherit;\"><span style=\"vertical-align: inherit;\">&#8220;\u00a1Qu\u00e9 tipo tan afortunado! Bron Breaker llega justo cuando Brock se va. Entonces, \u00bftienen un lugar para \u00e9l? \u00bfPuedes tener m\u00e1s suerte que esa? Creo que lo van a poner all\u00ed&#8221;.<\/span><\/span><\/p><\/blockquote>\n<p><em><span style=\"vertical-align: inherit;\"><span style=\"vertical-align: inherit;\">Puedes ver los comentarios de Mantell en el siguiente v\u00eddeo:<\/span><\/span><\/em><\/p>\n<div class=\"sportskeeda-embed\" data-src=\"embed\">\n<div class=\"yt-wrapper\"><iframe loading=\"lazy\" src=\"https:\/\/www.youtube.com\/embed\/RmXDMbN4sto\" width=\"660\" height=\"370\" frameborder=\"0\" allowfullscreen=\"allowfullscreen\"><\/iframe><\/div>\n<\/div>\n<p><span style=\"vertical-align: inherit;\"><span style=\"vertical-align: inherit;\">Lesnar es una de las superestrellas de la WWE m\u00e1s condecoradas de la historia. S\u00f3lo el tiempo dir\u00e1 si el talento de 46 a\u00f1os tendr\u00e1 alguna vez la oportunidad de tener otro combate en la empresa.<\/span><\/span><\/p>\n","protected":false},"excerpt":{"rendered":"<p>WWE sorprendentemente reconoci\u00f3 a Brock Lesnar durante un anuncio reciente. La Bestia Encarnada no ha sido vista desde su derrota ante Cody Rhodes en WWE SummerSlam 2023.<\/p>\n","protected":false},"author":1,"featured_media":253237,"comment_status":"closed","ping_status":"closed","sticky":false,"template":"","format":"standard","meta":{"footnotes":""},"categories":[5,38],"tags":[10],"class_list":{"0":"post-253235","1":"post","2":"type-post","3":"status-publish","4":"format-standard","5":"has-post-thumbnail","7":"category-noticias","8":"category-noticias-y-rumores-de-la-wwe","9":"tag-brock-lesnar"},"_links":{"self":[{"href":"https:\/\/www.prwrestling.com\/nw\/wp-json\/wp\/v2\/posts\/253235","targetHints":{"allow":["GET"]}}],"collection":[{"href":"https:\/\/www.prwrestling.com\/nw\/wp-json\/wp\/v2\/posts"}],"about":[{"href":"https:\/\/www.prwrestling.com\/nw\/wp-json\/wp\/v2\/types\/post"}],"author":[{"embeddable":true,"href":"https:\/\/www.prwrestling.com\/nw\/wp-json\/wp\/v2\/users\/1"}],"replies":[{"embeddable":true,"href":"https:\/\/www.prwrestling.com\/nw\/wp-json\/wp\/v2\/comments?post=253235"}],"version-history":[{"count":2,"href":"https:\/\/www.prwrestling.com\/nw\/wp-json\/wp\/v2\/posts\/253235\/revisions"}],"predecessor-version":[{"id":253238,"href":"https:\/\/www.prwrestling.com\/nw\/wp-json\/wp\/v2\/posts\/253235\/revisions\/253238"}],"wp:featuredmedia":[{"embeddable":true,"href":"https:\/\/www.prwrestling.com\/nw\/wp-json\/wp\/v2\/media\/253237"}],"wp:attachment":[{"href":"https:\/\/www.prwrestling.com\/nw\/wp-json\/wp\/v2\/media?parent=253235"}],"wp:term":[{"taxonomy":"category","embeddable":true,"href":"https:\/\/www.prwrestling.com\/nw\/wp-json\/wp\/v2\/categories?post=253235"},{"taxonomy":"post_tag","embeddable":true,"href":"https:\/\/www.prwrestling.com\/nw\/wp-json\/wp\/v2\/tags?post=253235"}],"curies":[{"name":"wp","href":"https:\/\/api.w.org\/{rel}","templated":true}]}}