{"id":257295,"date":"2024-03-30T20:43:46","date_gmt":"2024-03-31T00:43:46","guid":{"rendered":"https:\/\/www.prwrestling.com\/nw\/?p=257295"},"modified":"2024-03-30T20:49:50","modified_gmt":"2024-03-31T00:49:50","slug":"wwc-anuncia-aniversario-51-sera-dedicado-a-shane-the-glamourboy-en-puerto-rico","status":"publish","type":"post","link":"https:\/\/www.prwrestling.com\/nw\/wwc-anuncia-aniversario-51-sera-dedicado-a-shane-the-glamourboy-en-puerto-rico\/","title":{"rendered":"WWC anuncia Aniversario 51 ser\u00e1 dedicado a Shane The Glamourboy en Puerto Rico"},"content":{"rendered":"<p>WWC anunci\u00f3 en la tarde del s\u00e1bado a trav\u00e9s de sus redes sociales la fecha y lugar de su aniversario 51.<!--more--><\/p>\n<div id=\"ad-slot\" style=\"min-width: 300px; min-height: 250px;\">\r\n<p style=\"text-align: center;\">\r\n<script async src=\"https:\/\/pagead2.googlesyndication.com\/pagead\/js\/adsbygoogle.js\"><\/script>\r\n<!-- 300x250 sc a -->\r\n<ins class=\"adsbygoogle\"\r\n     style=\"display:inline-block;width:300px;height:250px\"\r\n     data-ad-client=\"ca-pub-1244235910658811\"\r\n     data-ad-slot=\"8592682546\"><\/ins>\r\n<script>\r\n     (adsbygoogle = window.adsbygoogle || []).push({});\r\n<\/script><\/center>\r\n<\/p><\/div>\n<p>Este se confirma se celebrar\u00e1 el s\u00e1bado 31 de agosto en el Rub\u00e9n Rodriguez de Bayam\u00f3n, pero la verdadera sorpresa ocurre en la dedicaci\u00f3n del evento.<\/p>\n<p>En el video promocional puiblicado por la empresa apareci\u00f3 Shane &#8220;The Glamourboy&#8221;, quien ser\u00e1 el homenajeado de la noche, haciendo menci\u00f3n de su presencia en el evento.<\/p>\n<p><iframe loading=\"lazy\" style=\"border: none; overflow: hidden;\" src=\"https:\/\/www.facebook.com\/plugins\/post.php?href=https%3A%2F%2Fwww.facebook.com%2FWWC1973%2Fposts%2Fpfbid02DY8AJBq8z5j5K6SvrWDv8fYbjHsjKHotPcWDT1bYuRywSaxA4UwLwTnv4r6Q8ubNl&amp;show_text=true&amp;width=500\" width=\"500\" height=\"250\" frameborder=\"0\" scrolling=\"no\" allowfullscreen=\"allowfullscreen\"><\/iframe><\/p>\n<p>Shane Sewell ha tenido una carrera destacada en Puerto Rico, consolid\u00e1ndose como una de las figuras m\u00e1s recordadas en la lucha libre de la regi\u00f3n.<\/p>\n<div id=\"ad-slot\" style=\"min-width: 300px; min-height: 250px;\"><p style=\"text-align: center;\">\r\n<script async src=\"https:\/\/pagead2.googlesyndication.com\/pagead\/js\/adsbygoogle.js\"><\/script>\r\n<!-- Responsive sc c -->\r\n<ins class=\"adsbygoogle\"\r\n     style=\"display:block\"\r\n     data-ad-client=\"ca-pub-1244235910658811\"\r\n     data-ad-slot=\"4234005358\"\r\n     data-ad-format=\"auto\"\r\n     data-full-width-responsive=\"true\"><\/ins>\r\n<script>\r\n     (adsbygoogle = window.adsbygoogle || []).push({});\r\n<\/script><\/p><\/div>\n<p>Como Shane The Glamour Boy, se convirti\u00f3 en una de las principales atracciones de la WWC, destacando tanto en combates contra pesos pesados como en enfrentamientos de alto vuelo contra luchadores de menor peso. Sewell captur\u00f3 su primer t\u00edtulo en Puerto Rico en agosto de 1998 y continu\u00f3 sumando \u00e9xitos, incluyendo el Campeonato Universal de la WWC, entre otros. Su habilidad para adaptarse a diferentes estilos de lucha y su carisma lo llevaron a ser una figura muy querida por los aficionados\u200b.<\/p>\n<p>Adem\u00e1s de su \u00e9xito en la WWC, Sewell tambi\u00e9n tuvo una carrera notable en la International Wrestling Association (<a href=\"https:\/\/www.prwrestling.com\/nw\/tag\/iwa-international-wrestling-association\/\">IWA<\/a>) y la World Wrestling League (WWL), donde captur\u00f3 varios campeonatos, incluyendo el Campeonato Mundial de Peso Pesado de la WWL.<\/p>\n<p>A lo largo de su carrera en Puerto Rico, Sewell ha sido un campe\u00f3n m\u00faltiple, incluyendo el Campeonato de Peso Pesado Indiscutido de la IWA en 10 ocasiones, el Campeonato Intercontinental de la IWA dos veces, y el Campeonato de Peso Pesado de Puerto Rico de la WWC en tres ocasiones, entre muchos otros t\u00edtulos.<\/p>\n","protected":false},"excerpt":{"rendered":"<p>WWC anunci\u00f3 en la tarde del s\u00e1bado a trav\u00e9s de sus redes sociales la fecha y lugar de su aniversario 51.<\/p>\n","protected":false},"author":1,"featured_media":257296,"comment_status":"closed","ping_status":"closed","sticky":false,"template":"","format":"standard","meta":{"footnotes":""},"categories":[7409,5],"tags":[34],"class_list":{"0":"post-257295","1":"post","2":"type-post","3":"status-publish","4":"format-standard","5":"has-post-thumbnail","7":"category-lucha-libre-de-puerto-rico","8":"category-noticias","9":"tag-wwc"},"_links":{"self":[{"href":"https:\/\/www.prwrestling.com\/nw\/wp-json\/wp\/v2\/posts\/257295","targetHints":{"allow":["GET"]}}],"collection":[{"href":"https:\/\/www.prwrestling.com\/nw\/wp-json\/wp\/v2\/posts"}],"about":[{"href":"https:\/\/www.prwrestling.com\/nw\/wp-json\/wp\/v2\/types\/post"}],"author":[{"embeddable":true,"href":"https:\/\/www.prwrestling.com\/nw\/wp-json\/wp\/v2\/users\/1"}],"replies":[{"embeddable":true,"href":"https:\/\/www.prwrestling.com\/nw\/wp-json\/wp\/v2\/comments?post=257295"}],"version-history":[{"count":6,"href":"https:\/\/www.prwrestling.com\/nw\/wp-json\/wp\/v2\/posts\/257295\/revisions"}],"predecessor-version":[{"id":257302,"href":"https:\/\/www.prwrestling.com\/nw\/wp-json\/wp\/v2\/posts\/257295\/revisions\/257302"}],"wp:featuredmedia":[{"embeddable":true,"href":"https:\/\/www.prwrestling.com\/nw\/wp-json\/wp\/v2\/media\/257296"}],"wp:attachment":[{"href":"https:\/\/www.prwrestling.com\/nw\/wp-json\/wp\/v2\/media?parent=257295"}],"wp:term":[{"taxonomy":"category","embeddable":true,"href":"https:\/\/www.prwrestling.com\/nw\/wp-json\/wp\/v2\/categories?post=257295"},{"taxonomy":"post_tag","embeddable":true,"href":"https:\/\/www.prwrestling.com\/nw\/wp-json\/wp\/v2\/tags?post=257295"}],"curies":[{"name":"wp","href":"https:\/\/api.w.org\/{rel}","templated":true}]}}