{"id":257719,"date":"2024-04-02T13:25:26","date_gmt":"2024-04-02T17:25:26","guid":{"rendered":"https:\/\/www.prwrestling.com\/nw\/?p=257719"},"modified":"2024-04-02T13:25:26","modified_gmt":"2024-04-02T17:25:26","slug":"bo-dallas-revela-la-desgarradora-historia-del-dia-en-que-fallecio-bray-wyatt","status":"publish","type":"post","link":"https:\/\/www.prwrestling.com\/nw\/bo-dallas-revela-la-desgarradora-historia-del-dia-en-que-fallecio-bray-wyatt\/","title":{"rendered":"Bo Dallas revela la desgarradora historia del d\u00eda en que falleci\u00f3 Bray Wyatt"},"content":{"rendered":"<p><span style=\"vertical-align: inherit;\"><span style=\"vertical-align: inherit;\">Los fan\u00e1ticos de la lucha libre quedaron en shock <\/span><\/span><span style=\"vertical-align: inherit;\"><span style=\"vertical-align: inherit;\">luego del tr\u00e1gico fallecimiento de una de las superestrellas de la WWE m\u00e1s queridas y de primer nivel de todos los tiempos, <a href=\"https:\/\/www.prwrestling.com\/nw\/revelan-causa-de-muerte-de-bray-wyatt\/\">Bray Wyatt<\/a><\/span><\/span><span style=\"vertical-align: inherit;\"><span style=\"vertical-align: inherit;\"> . Mientras el mundo lloraba por su h\u00e9roe, su familia los record\u00f3 el d\u00eda en que sucedi\u00f3.<\/span><\/span><!--more--><\/p>\n<div id=\"ad-slot\" style=\"min-width: 300px; min-height: 250px;\">\r\n<p style=\"text-align: center;\">\r\n<script async src=\"https:\/\/pagead2.googlesyndication.com\/pagead\/js\/adsbygoogle.js\"><\/script>\r\n<!-- 300x250 sc a -->\r\n<ins class=\"adsbygoogle\"\r\n     style=\"display:inline-block;width:300px;height:250px\"\r\n     data-ad-client=\"ca-pub-1244235910658811\"\r\n     data-ad-slot=\"8592682546\"><\/ins>\r\n<script>\r\n     (adsbygoogle = window.adsbygoogle || []).push({});\r\n<\/script><\/center>\r\n<\/p><\/div>\n<p><span style=\"vertical-align: inherit;\"><span style=\"vertical-align: inherit;\">En una entrevista realizada como parte de su espectacular documental, <\/span><\/span><span style=\"vertical-align: inherit;\"><span style=\"vertical-align: inherit;\">Bray Wyatt: Becoming Immortal<\/span><\/span><span style=\"vertical-align: inherit;\"><span style=\"vertical-align: inherit;\"> , su hermano y compa\u00f1ero superestrella de la WWE, <\/span><\/span><a href=\"https:\/\/x.com\/KDotTKL\/status\/1774859529554993331?s=20\"><span style=\"vertical-align: inherit;\"><span style=\"vertical-align: inherit;\">Bo Dallas, record\u00f3 el <\/span><\/span><\/a><span style=\"vertical-align: inherit;\"><span style=\"vertical-align: inherit;\">d\u00eda <\/span><\/span><a href=\"https:\/\/x.com\/KDotTKL\/status\/1774859529554993331?s=20\"><span style=\"vertical-align: inherit;\"><span style=\"vertical-align: inherit;\">que perdi\u00f3 a su hermano mayor<\/span><\/span><\/a><span style=\"vertical-align: inherit;\"><span style=\"vertical-align: inherit;\"> .<\/span><\/span><\/p>\n<p><span style=\"vertical-align: inherit;\"><span style=\"vertical-align: inherit;\">El ex campe\u00f3n de NXT revel\u00f3 que en el momento en que llegaron al lugar, el m\u00e9dico llev\u00f3 a la familia a una habitaci\u00f3n y les revel\u00f3 la desgarradora noticia sobre el fallecimiento de Bray esa ma\u00f1ana.<\/span><\/span><\/p>\n<div id=\"ad-slot\" style=\"min-width: 300px; min-height: 250px;\"><p style=\"text-align: center;\">\r\n<script async src=\"https:\/\/pagead2.googlesyndication.com\/pagead\/js\/adsbygoogle.js\"><\/script>\r\n<!-- Responsive sc c -->\r\n<ins class=\"adsbygoogle\"\r\n     style=\"display:block\"\r\n     data-ad-client=\"ca-pub-1244235910658811\"\r\n     data-ad-slot=\"4234005358\"\r\n     data-ad-format=\"auto\"\r\n     data-full-width-responsive=\"true\"><\/ins>\r\n<script>\r\n     (adsbygoogle = window.adsbygoogle || []).push({});\r\n<\/script><\/p><\/div>\n<p><span style=\"vertical-align: inherit;\"><span style=\"vertical-align: inherit;\">Bo Dallas declar\u00f3 que su madre y su padre se derrumbaron al escuchar esa horrible noticia, mientras que \u00e9l y su hermana, que ten\u00eda a su beb\u00e9 envuelto alrededor de ella, rompieron a llorar.<\/span><\/span><\/p>\n<blockquote class=\"wp-block-quote\"><p><em><span style=\"vertical-align: inherit;\"><span style=\"vertical-align: inherit;\">\u201cTan pronto como entramos, nos llevaron a una habitaci\u00f3n. El m\u00e9dico entr\u00f3 y es como&#8230; es como algo que ves un mill\u00f3n de veces en las pel\u00edculas, pero realmente no sabes c\u00f3mo se siente hasta que sucede&#8230; dijo que ten\u00edamos malas noticias&#8230; se fue&#8230; y baj\u00e9 la velocidad y veo la reacci\u00f3n de todos en la sala&#8230; mi mam\u00e1 y pap\u00e1 desmoron\u00e1ndose, mi hermana tiene a su beb\u00e9 envuelto contra su pecho y se est\u00e1 cayendo. Nunca he estado m\u00e1s triste, pero algo en m\u00ed y todav\u00eda pienso hasta el d\u00eda de hoy que fue Windham, algo en m\u00ed me dio la fuerza para decir &#8216;para, tienes que sostenerlos&#8217;. Me dio fuerzas en un momento en el que pens\u00e9 que me desmoronar\u00eda y realmente creo que era \u00e9l y me dec\u00eda &#8216;debes estar ah\u00ed para mam\u00e1, sostenla&#8217;.<\/span><\/span><\/em><\/p><\/blockquote>\n<blockquote class=\"twitter-tweet\">\n<p dir=\"ltr\" lang=\"en\">Bray Wyatt and Bo Dallas\u2019 dream ever since they were young was to work at Wrestlemania together <a href=\"https:\/\/t.co\/WQy0S6G1bP\">pic.twitter.com\/WQy0S6G1bP<\/a><\/p>\n<p>\u2014 WrestlingWorldCC (@WrestlingWCC) <a href=\"https:\/\/twitter.com\/WrestlingWCC\/status\/1775202784809267696?ref_src=twsrc%5Etfw\" target=\"_blank\" rel=\"noopener\">April 2, 2024<\/a><\/p><\/blockquote>\n<p><script async src=\"https:\/\/platform.twitter.com\/widgets.js\" charset=\"utf-8\"><\/script><br \/>\n<span style=\"vertical-align: inherit;\"><span style=\"vertical-align: inherit;\">A pesar de que dej\u00f3 todo el mundo que alguna vez tuvo en sus manos, la vida y el legado de Bray Wyatt vivir\u00e1n para siempre en los corazones de todos, desde amigos y familiares hasta sus millones de fan\u00e1ticos que vieron y respetaron su potencial como uno de las mayores superestrellas de la WWE de todos los tiempos.<\/span><\/span><\/p>\n<figure class=\"wp-block-embed is-type-rich is-provider-twitter wp-block-embed-twitter\"><\/figure>\n","protected":false},"excerpt":{"rendered":"<p>Los fan\u00e1ticos de la lucha libre quedaron en shock luego del tr\u00e1gico fallecimiento de una de las superestrellas de la WWE m\u00e1s queridas y de primer nivel de todos los tiempos, Bray Wyatt . Mientras el mundo lloraba por su h\u00e9roe, su familia los record\u00f3 el d\u00eda en que sucedi\u00f3.<\/p>\n","protected":false},"author":1,"featured_media":201115,"comment_status":"open","ping_status":"closed","sticky":false,"template":"","format":"standard","meta":{"footnotes":""},"categories":[5,38],"tags":[6590],"class_list":{"0":"post-257719","1":"post","2":"type-post","3":"status-publish","4":"format-standard","5":"has-post-thumbnail","7":"category-noticias","8":"category-noticias-y-rumores-de-la-wwe","9":"tag-bo-dallas"},"_links":{"self":[{"href":"https:\/\/www.prwrestling.com\/nw\/wp-json\/wp\/v2\/posts\/257719","targetHints":{"allow":["GET"]}}],"collection":[{"href":"https:\/\/www.prwrestling.com\/nw\/wp-json\/wp\/v2\/posts"}],"about":[{"href":"https:\/\/www.prwrestling.com\/nw\/wp-json\/wp\/v2\/types\/post"}],"author":[{"embeddable":true,"href":"https:\/\/www.prwrestling.com\/nw\/wp-json\/wp\/v2\/users\/1"}],"replies":[{"embeddable":true,"href":"https:\/\/www.prwrestling.com\/nw\/wp-json\/wp\/v2\/comments?post=257719"}],"version-history":[{"count":4,"href":"https:\/\/www.prwrestling.com\/nw\/wp-json\/wp\/v2\/posts\/257719\/revisions"}],"predecessor-version":[{"id":257740,"href":"https:\/\/www.prwrestling.com\/nw\/wp-json\/wp\/v2\/posts\/257719\/revisions\/257740"}],"wp:featuredmedia":[{"embeddable":true,"href":"https:\/\/www.prwrestling.com\/nw\/wp-json\/wp\/v2\/media\/201115"}],"wp:attachment":[{"href":"https:\/\/www.prwrestling.com\/nw\/wp-json\/wp\/v2\/media?parent=257719"}],"wp:term":[{"taxonomy":"category","embeddable":true,"href":"https:\/\/www.prwrestling.com\/nw\/wp-json\/wp\/v2\/categories?post=257719"},{"taxonomy":"post_tag","embeddable":true,"href":"https:\/\/www.prwrestling.com\/nw\/wp-json\/wp\/v2\/tags?post=257719"}],"curies":[{"name":"wp","href":"https:\/\/api.w.org\/{rel}","templated":true}]}}