{"id":261342,"date":"2024-04-10T22:54:18","date_gmt":"2024-04-11T02:54:18","guid":{"rendered":"https:\/\/www.prwrestling.com\/nw\/?p=261342"},"modified":"2024-04-10T22:55:05","modified_gmt":"2024-04-11T02:55:05","slug":"fallece-ex-peleador-de-sumo-y-luchador-akebono","status":"publish","type":"post","link":"https:\/\/www.prwrestling.com\/nw\/fallece-ex-peleador-de-sumo-y-luchador-akebono\/","title":{"rendered":"Fallece ex peleador de sumo y luchador Akebono"},"content":{"rendered":"<p><span style=\"vertical-align: inherit;\"><span style=\"vertical-align: inherit;\">Akebono, conocido por sus logros tanto en la lucha de sumo como en la lucha libre profesional, falleci\u00f3.<\/span><\/span><!--more--><\/p>\n<p><span style=\"vertical-align: inherit;\"><span style=\"vertical-align: inherit;\">Los medios japoneses\u00a0 <\/span><\/span><a href=\"https:\/\/mezamashi.media\/article\/15226381\" target=\"_blank\" rel=\"noopener\"><span style=\"vertical-align: inherit;\"><span style=\"vertical-align: inherit;\">anunciaron el mi\u00e9rcoles<\/span><\/span><\/a><span style=\"vertical-align: inherit;\"><span style=\"vertical-align: inherit;\"> \u00a0que Akebono hab\u00eda muerto de insuficiencia card\u00edaca a los 54 a\u00f1os. Estaba enfermo desde 2017, cuando fue hospitalizado tras una gira de DDT. Despu\u00e9s de su liberaci\u00f3n, fue confinado a una silla de ruedas mientras segu\u00eda sufriendo complicaciones card\u00edacas.<\/span><\/span><\/p>\n<div id=\"ad-slot\" style=\"min-width: 300px; min-height: 250px;\">\r\n<p style=\"text-align: center;\">\r\n<script async src=\"https:\/\/pagead2.googlesyndication.com\/pagead\/js\/adsbygoogle.js\"><\/script>\r\n<!-- 300x250 sc a -->\r\n<ins class=\"adsbygoogle\"\r\n     style=\"display:inline-block;width:300px;height:250px\"\r\n     data-ad-client=\"ca-pub-1244235910658811\"\r\n     data-ad-slot=\"8592682546\"><\/ins>\r\n<script>\r\n     (adsbygoogle = window.adsbygoogle || []).push({});\r\n<\/script><\/center>\r\n<\/p><\/div>\n<p><span style=\"vertical-align: inherit;\"><span style=\"vertical-align: inherit;\">Akebono naci\u00f3 como Chadwick Haheo Rowan y era de ascendencia hawaiana. Se uni\u00f3 a la lucha de sumo en 1988 y se convirti\u00f3 en el primer sumo no japon\u00e9s en alcanzar el rango de yokozuna, que es el rango m\u00e1s alto de sumo posible. Se retir\u00f3 del sumo en 2001 y comenz\u00f3 a luchar profesionalmente en 2005, cuando derrot\u00f3 a The Big Show en un combate de sumo en <a href=\"https:\/\/www.prwrestling.com\/nw\/recordando-wrestlemania-21-y-22\/\">WrestleMania 21<\/a>.<\/span><\/span><\/p>\n<p><span style=\"vertical-align: inherit;\"><span style=\"vertical-align: inherit;\">Despu\u00e9s de su combate en WrestleMania, Akebono se uni\u00f3 a All Japan Pro Wrestling, donde permanecer\u00eda intermitentemente hasta 2015. Se convertir\u00eda en dos veces campe\u00f3n de la Triple Corona y gan\u00f3 el torneo Champion Carnival en 2015.\u00a0<\/span><\/span><br \/>\n<iframe loading=\"lazy\" width=\"853\" height=\"480\" src=\"https:\/\/www.youtube.com\/embed\/3KmMvfdidvQ\" title=\"Big Show attempts to overpower sumo champion Akebono at\" frameborder=\"0\" allow=\"accelerometer; autoplay; clipboard-write; encrypted-media; gyroscope; picture-in-picture; web-share\" referrerpolicy=\"strict-origin-when-cross-origin\" allowfullscreen><\/iframe><\/p>\n","protected":false},"excerpt":{"rendered":"<p>Akebono, conocido por sus logros tanto en la lucha de sumo como en la lucha libre profesional, falleci\u00f3.<\/p>\n","protected":false},"author":1,"featured_media":261345,"comment_status":"closed","ping_status":"closed","sticky":false,"template":"","format":"standard","meta":{"footnotes":""},"categories":[5,38],"tags":[],"class_list":{"0":"post-261342","1":"post","2":"type-post","3":"status-publish","4":"format-standard","5":"has-post-thumbnail","7":"category-noticias","8":"category-noticias-y-rumores-de-la-wwe"},"_links":{"self":[{"href":"https:\/\/www.prwrestling.com\/nw\/wp-json\/wp\/v2\/posts\/261342","targetHints":{"allow":["GET"]}}],"collection":[{"href":"https:\/\/www.prwrestling.com\/nw\/wp-json\/wp\/v2\/posts"}],"about":[{"href":"https:\/\/www.prwrestling.com\/nw\/wp-json\/wp\/v2\/types\/post"}],"author":[{"embeddable":true,"href":"https:\/\/www.prwrestling.com\/nw\/wp-json\/wp\/v2\/users\/1"}],"replies":[{"embeddable":true,"href":"https:\/\/www.prwrestling.com\/nw\/wp-json\/wp\/v2\/comments?post=261342"}],"version-history":[{"count":4,"href":"https:\/\/www.prwrestling.com\/nw\/wp-json\/wp\/v2\/posts\/261342\/revisions"}],"predecessor-version":[{"id":261347,"href":"https:\/\/www.prwrestling.com\/nw\/wp-json\/wp\/v2\/posts\/261342\/revisions\/261347"}],"wp:featuredmedia":[{"embeddable":true,"href":"https:\/\/www.prwrestling.com\/nw\/wp-json\/wp\/v2\/media\/261345"}],"wp:attachment":[{"href":"https:\/\/www.prwrestling.com\/nw\/wp-json\/wp\/v2\/media?parent=261342"}],"wp:term":[{"taxonomy":"category","embeddable":true,"href":"https:\/\/www.prwrestling.com\/nw\/wp-json\/wp\/v2\/categories?post=261342"},{"taxonomy":"post_tag","embeddable":true,"href":"https:\/\/www.prwrestling.com\/nw\/wp-json\/wp\/v2\/tags?post=261342"}],"curies":[{"name":"wp","href":"https:\/\/api.w.org\/{rel}","templated":true}]}}