{"id":261387,"date":"2024-04-12T17:42:19","date_gmt":"2024-04-12T21:42:19","guid":{"rendered":"https:\/\/www.prwrestling.com\/nw\/?p=261387"},"modified":"2024-04-12T17:42:19","modified_gmt":"2024-04-12T21:42:19","slug":"actualizacion-sobre-el-regreso-de-the-rock-a-la-wwe-posible-lucha-contra-cody-rhodes","status":"publish","type":"post","link":"https:\/\/www.prwrestling.com\/nw\/actualizacion-sobre-el-regreso-de-the-rock-a-la-wwe-posible-lucha-contra-cody-rhodes\/","title":{"rendered":"Actualizaci\u00f3n sobre el regreso de The Rock a la WWE, posible lucha contra Cody Rhodes"},"content":{"rendered":"<p><span style=\"vertical-align: inherit;\"><span style=\"vertical-align: inherit;\">The Rock dijo que tuvo que irse por un tiempo en el episodio del 8 de abril de WWE RAW. Un nuevo informe proporciona una actualizaci\u00f3n sobre su posible regreso.<\/span><\/span><!--more--><\/p>\n<div id=\"ad-slot\" style=\"min-width: 300px; min-height: 250px;\">\r\n<p style=\"text-align: center;\">\r\n<script async src=\"https:\/\/pagead2.googlesyndication.com\/pagead\/js\/adsbygoogle.js\"><\/script>\r\n<!-- 300x250 sc a -->\r\n<ins class=\"adsbygoogle\"\r\n     style=\"display:inline-block;width:300px;height:250px\"\r\n     data-ad-client=\"ca-pub-1244235910658811\"\r\n     data-ad-slot=\"8592682546\"><\/ins>\r\n<script>\r\n     (adsbygoogle = window.adsbygoogle || []).push({});\r\n<\/script><\/center>\r\n<\/p><\/div>\n<p><span style=\"vertical-align: inherit;\"><span style=\"vertical-align: inherit;\">The Rock apareci\u00f3 en la programaci\u00f3n de la WWE durante todo el camino hacia WrestleMania 40. Regres\u00f3 al ring en WrestleMania 40 Night One, donde \u00e9l y Roman Reigns vencieron a Cody Rhodes y Seth Rollins. \u201cThe Final Boss\u201d concluy\u00f3 su carrera en el siguiente episodio de RAW, donde\u00a0 <\/span><\/span><a href=\"https:\/\/www.prwrestling.com\/nw\/reporte-wwe-raw-4-8-the-rock-enfrenta-a-cody-rhodes-tras-su-coronacion-en-wrestemania\/\"><span style=\"vertical-align: inherit;\"><span style=\"vertical-align: inherit;\">le dijo a Rhodes<\/span><\/span><\/a><span style=\"vertical-align: inherit;\"><span style=\"vertical-align: inherit;\"> \u00a0que volver\u00eda por \u00e9l.<\/span><\/span><\/p>\n<p><span style=\"vertical-align: inherit;\"><span style=\"vertical-align: inherit;\">En el \u00faltimo\u00a0 <\/span><\/span><a href=\"https:\/\/www.f4wonline.com\/newsletters\/wrestling-observer-newsletter\/april-15-2024-observer-newsletter-wwe-wrestlemania-40-reviewed-aew-airs-cm-punk-jack-perry-all-in-footage\" target=\"_blank\" rel=\"noreferrer noopener\"><em><span style=\"vertical-align: inherit;\"><span style=\"vertical-align: inherit;\">Wrestling Observer Newsletter<\/span><\/span><\/em><\/a><span style=\"vertical-align: inherit;\"><span style=\"vertical-align: inherit;\"> , Dave Meltzer informa que no hay una fecha prevista para el regreso de The Rock para un combate. Escribe que se ha hablado de una lucha para WWE WrestleMania 41. Meltzer se\u00f1ala que The Rock podr\u00eda tener una lucha m\u00e1s adelante en 2024, pero esto no es final<\/span><\/span><\/p>\n<div id=\"ad-slot\" style=\"min-width: 300px; min-height: 250px;\"><p style=\"text-align: center;\">\r\n<script async src=\"https:\/\/pagead2.googlesyndication.com\/pagead\/js\/adsbygoogle.js\"><\/script>\r\n<!-- Responsive sc c -->\r\n<ins class=\"adsbygoogle\"\r\n     style=\"display:block\"\r\n     data-ad-client=\"ca-pub-1244235910658811\"\r\n     data-ad-slot=\"4234005358\"\r\n     data-ad-format=\"auto\"\r\n     data-full-width-responsive=\"true\"><\/ins>\r\n<script>\r\n     (adsbygoogle = window.adsbygoogle || []).push({});\r\n<\/script><\/p><\/div>\n<p><span style=\"vertical-align: inherit;\"><span style=\"vertical-align: inherit;\">El informe se\u00f1ala que The Rock originalmente quer\u00eda regresar y trabajar con Roman Reigns. Sin embargo, seg\u00fan Meltzer, ahora preferir\u00eda trabajar con Cody Rhodes en WrestleMania 41 dado las circunstancias de todo lo ocurrido en la ruta antes y despu\u00e9s de WrestleMania.<\/span><\/span><\/p>\n<blockquote class=\"twitter-tweet\">\n<p dir=\"ltr\" lang=\"en\">Cody Rhodes and The Rock on RAW going crazy <a href=\"https:\/\/twitter.com\/hashtag\/WWERAW?src=hash&amp;ref_src=twsrc%5Etfw\" target=\"_blank\" rel=\"noopener\">#WWERAW<\/a> <a href=\"https:\/\/t.co\/8u2zXgrsq0\">pic.twitter.com\/8u2zXgrsq0<\/a><\/p>\n<p>\u2014 DRADA LEE \u200d\u2620\ufe0f Super Kakkoii (@2Sweet4Lyfe) <a href=\"https:\/\/twitter.com\/2Sweet4Lyfe\/status\/1777640570053108179?ref_src=twsrc%5Etfw\" target=\"_blank\" rel=\"noopener\">April 9, 2024<\/a><\/p><\/blockquote>\n<p><script async src=\"https:\/\/platform.twitter.com\/widgets.js\" charset=\"utf-8\"><\/script><\/p>\n<h2>The Rock regres\u00f3 en grande en WrestleMania 40<\/h2>\n<p>El regreso de The Rock a Wrestlemania despu\u00e9s de 9 a\u00f1os fue uno de los momentos m\u00e1s esperados del evento. La multitud en el Lincoln Financial Field de Filadelfia estall\u00f3 en v\u00edtores cuando su m\u00fasica son\u00f3 y la leyenda del ring apareci\u00f3 en la rampa. Se enfrent\u00f3 junto a Roman Reigns a Cody Rhodes y Seth Rollins en un combate que, aunque no fue largo, estuvo lleno de acci\u00f3n y emoci\u00f3n.<\/p>\n<blockquote class=\"twitter-tweet\">\n<p dir=\"ltr\" lang=\"en\">Michael Cole: OH MY GOD! IT\u2019S THE UNDERTAKER! IT\u2019S THE DEADMAN! THE DEADMAN IS BACK AT WRESTLEMANIA!<\/p>\n<p>Corey Graves: THE PHENOM HAS BAD BLOOD WITH THE BLOODLINE DATING BACK TO ARGUABLY HIS BIGGEST RIVAL WITH THE ROCK\u2019S COUSIN, THE LATE GREAT YOKOZUNA!<a href=\"https:\/\/twitter.com\/hashtag\/WrestleMania?src=hash&amp;ref_src=twsrc%5Etfw\" target=\"_blank\" rel=\"noopener\">#WrestleMania<\/a> <a href=\"https:\/\/t.co\/fgDqeofnEb\">pic.twitter.com\/fgDqeofnEb<\/a><\/p>\n<p>\u2014 Robby The Brain\u00a9 (@RobbyTheBrain) <a href=\"https:\/\/twitter.com\/RobbyTheBrain\/status\/1777171505438130562?ref_src=twsrc%5Etfw\" target=\"_blank\" rel=\"noopener\">April 8, 2024<\/a><\/p><\/blockquote>\n<p><script async src=\"https:\/\/platform.twitter.com\/widgets.js\" charset=\"utf-8\"><\/script><\/p>\n<p>The Rock no compiti\u00f3 en la segunda noche de Wrestlemania 40, pero a\u00fan as\u00ed tuvo una presencia importante. Apareci\u00f3 en el segmento final del evento para confrontar a Cody Rhodes, pero termin\u00f3 siendo sacado de carrera por <a href=\"https:\/\/www.prwrestling.com\/nw\/tag\/undertaker\">The Undertaker<\/a>.<\/p>\n","protected":false},"excerpt":{"rendered":"<p>The Rock dijo que tuvo que irse por un tiempo en el episodio del 8 de abril de WWE RAW. Un nuevo informe proporciona una actualizaci\u00f3n sobre su posible regreso.<\/p>\n","protected":false},"author":1,"featured_media":261390,"comment_status":"closed","ping_status":"closed","sticky":false,"template":"","format":"standard","meta":{"footnotes":""},"categories":[5,38],"tags":[],"class_list":{"0":"post-261387","1":"post","2":"type-post","3":"status-publish","4":"format-standard","5":"has-post-thumbnail","7":"category-noticias","8":"category-noticias-y-rumores-de-la-wwe"},"_links":{"self":[{"href":"https:\/\/www.prwrestling.com\/nw\/wp-json\/wp\/v2\/posts\/261387","targetHints":{"allow":["GET"]}}],"collection":[{"href":"https:\/\/www.prwrestling.com\/nw\/wp-json\/wp\/v2\/posts"}],"about":[{"href":"https:\/\/www.prwrestling.com\/nw\/wp-json\/wp\/v2\/types\/post"}],"author":[{"embeddable":true,"href":"https:\/\/www.prwrestling.com\/nw\/wp-json\/wp\/v2\/users\/1"}],"replies":[{"embeddable":true,"href":"https:\/\/www.prwrestling.com\/nw\/wp-json\/wp\/v2\/comments?post=261387"}],"version-history":[{"count":2,"href":"https:\/\/www.prwrestling.com\/nw\/wp-json\/wp\/v2\/posts\/261387\/revisions"}],"predecessor-version":[{"id":261391,"href":"https:\/\/www.prwrestling.com\/nw\/wp-json\/wp\/v2\/posts\/261387\/revisions\/261391"}],"wp:featuredmedia":[{"embeddable":true,"href":"https:\/\/www.prwrestling.com\/nw\/wp-json\/wp\/v2\/media\/261390"}],"wp:attachment":[{"href":"https:\/\/www.prwrestling.com\/nw\/wp-json\/wp\/v2\/media?parent=261387"}],"wp:term":[{"taxonomy":"category","embeddable":true,"href":"https:\/\/www.prwrestling.com\/nw\/wp-json\/wp\/v2\/categories?post=261387"},{"taxonomy":"post_tag","embeddable":true,"href":"https:\/\/www.prwrestling.com\/nw\/wp-json\/wp\/v2\/tags?post=261387"}],"curies":[{"name":"wp","href":"https:\/\/api.w.org\/{rel}","templated":true}]}}