{"id":261392,"date":"2024-04-12T21:04:24","date_gmt":"2024-04-13T01:04:24","guid":{"rendered":"https:\/\/www.prwrestling.com\/nw\/?p=261392"},"modified":"2024-04-12T21:04:24","modified_gmt":"2024-04-13T01:04:24","slug":"wwe-nunca-contratara-a-luchador-de-26-anos-despues-de-que-le-falto-el-respeto-a-cm-punk-y-a-una-leyenda-de-la-lucha-libre-segun-matt-morgan","status":"publish","type":"post","link":"https:\/\/www.prwrestling.com\/nw\/wwe-nunca-contratara-a-luchador-de-26-anos-despues-de-que-le-falto-el-respeto-a-cm-punk-y-a-una-leyenda-de-la-lucha-libre-segun-matt-morgan\/","title":{"rendered":"WWE nunca contratar\u00e1 a luchador de 26 a\u00f1os despu\u00e9s de que le falt\u00f3 el respeto a CM Punk y a una leyenda de la lucha libre, seg\u00fan Matt Morgan"},"content":{"rendered":"<p><span style=\"vertical-align: inherit;\"><span class=\"\" style=\"vertical-align: inherit;\">Matt Morgan ha explicado por qu\u00e9 era poco probable que WWE contratara a una estrella de 26 a\u00f1os por faltarle el respeto a CM Punk y Bully Ray. Se refiere al luchador de AEW Jack Perry, quien tuvo una pelea detr\u00e1s del escenario con Punk en All In 2023.<\/span><\/span><\/p>\n<p><!--more--><\/p>\n<div id=\"ad-slot\" style=\"min-width: 300px; min-height: 250px;\">\r\n<p style=\"text-align: center;\">\r\n<script async src=\"https:\/\/pagead2.googlesyndication.com\/pagead\/js\/adsbygoogle.js\"><\/script>\r\n<!-- 300x250 sc a -->\r\n<ins class=\"adsbygoogle\"\r\n     style=\"display:inline-block;width:300px;height:250px\"\r\n     data-ad-client=\"ca-pub-1244235910658811\"\r\n     data-ad-slot=\"8592682546\"><\/ins>\r\n<script>\r\n     (adsbygoogle = window.adsbygoogle || []).push({});\r\n<\/script><\/center>\r\n<\/p><\/div>\n<p><span style=\"vertical-align: inherit;\"><span style=\"vertical-align: inherit;\">El altercado de la vida real entre Punk y Perry en All In London se ha convertido una vez m\u00e1s en la comidilla de la ciudad despu\u00e9s de que AEW\u00a0 <\/span><\/span><a href=\"https:\/\/www.prwrestling.com\/nw\/video-del-altercado-entre-cm-punk-y-jack-perry-sera-transmitido-en-aew-dynamite\/\" target=\"_blank\" rel=\"noopener noreferrer\" data-is-sponsored=\"false\"><span style=\"vertical-align: inherit;\"><span style=\"vertical-align: inherit;\">transmitiera las im\u00e1genes<\/span><\/span><\/a><span style=\"vertical-align: inherit;\"><span style=\"vertical-align: inherit;\"> \u00a0de su pelea en el \u00faltimo episodio de Dynamite. Se esperaba que la decisi\u00f3n de Tony Khan de mostrar las im\u00e1genes en televisi\u00f3n en vivo haya provocado reacciones encontradas en el universo de la lucha libre.<\/span><\/span><\/p>\n<p><span style=\"vertical-align: inherit;\"><span style=\"vertical-align: inherit;\">Si bien <a href=\"https:\/\/www.prwrestling.com\/nw\/tag\/cm-punk\">CM Punk<\/a> fue rescindido de su contrato luego del incidente y regres\u00f3 a la WWE, Jack Perry ha estado fuera de AEW TV, luchando en NJPW. En el \u00faltimo episodio del\u00a0 podcast <\/span><\/span><em><span style=\"vertical-align: inherit;\"><span style=\"vertical-align: inherit;\">Gigantic Pop<\/span><\/span><\/em><span style=\"vertical-align: inherit;\"><span style=\"vertical-align: inherit;\"> \u00a0, Matt Morgan habl\u00f3 sobre la posibilidad de que WWE contrate a Jack Perry en el futuro para que tenga un feudo con\u00a0 <\/span><\/span><span style=\"vertical-align: inherit;\"><span style=\"vertical-align: inherit;\">CM Punk<\/span><\/span><span style=\"vertical-align: inherit;\"><span style=\"vertical-align: inherit;\"> .<\/span><\/span><\/p>\n<div id=\"ad-slot\" style=\"min-width: 300px; min-height: 250px;\"><p style=\"text-align: center;\">\r\n<script async src=\"https:\/\/pagead2.googlesyndication.com\/pagead\/js\/adsbygoogle.js\"><\/script>\r\n<!-- Responsive sc c -->\r\n<ins class=\"adsbygoogle\"\r\n     style=\"display:block\"\r\n     data-ad-client=\"ca-pub-1244235910658811\"\r\n     data-ad-slot=\"4234005358\"\r\n     data-ad-format=\"auto\"\r\n     data-full-width-responsive=\"true\"><\/ins>\r\n<script>\r\n     (adsbygoogle = window.adsbygoogle || []).push({});\r\n<\/script><\/p><\/div>\n<p><span style=\"vertical-align: inherit;\"><span style=\"vertical-align: inherit;\">Morgan declar\u00f3 que Triple H nunca contratar\u00eda a alguien que le hubiera faltado el respeto a personas como Punk y Bully Ray.<\/span><\/span><\/p>\n<blockquote><p><span style=\"vertical-align: inherit;\"><span style=\"vertical-align: inherit;\">&#8220;No, no lo har\u00e1n porque WWE nunca tocar\u00e1 a ese ni\u00f1o (Perry) con un palo de 10 pies, les dir\u00e9 por qu\u00e9. Si Bubba Ray Dudley, uno de los tipos m\u00e1s duros con los que me he cruzado en cualquier casillero, habitaci\u00f3n, en cualquier momento de mi carrera dice: &#8216;Fui a darle la mano y este tipo me dej\u00f3 completamente desconcertado&#8217;, en el momento en que escuch\u00e9 eso, supe todo lo que necesitaba saber sobre Jack Perry&#8221;, dijo Matt Morgan.\u00a0<\/span><\/span><\/p><\/blockquote>\n<p><em><span style=\"vertical-align: inherit;\"><span style=\"vertical-align: inherit;\">Mira el v\u00eddeo completo a continuaci\u00f3n:<\/span><\/span><\/em><\/p>\n<div class=\"yt-wrapper\"><iframe loading=\"lazy\" src=\"https:\/\/www.youtube.com\/embed\/g5qrUp3N0_Y\" width=\"660\" height=\"370\" frameborder=\"0\" allowfullscreen=\"allowfullscreen\" data-mce-fragment=\"1\"><\/iframe><\/div>\n<h2><span style=\"vertical-align: inherit;\"><span style=\"vertical-align: inherit;\">La ex estrella de la WWE Matt Morgan no es fan\u00e1tico de Jack Perry<\/span><\/span><\/h2>\n<p><span style=\"vertical-align: inherit;\"><span style=\"vertical-align: inherit;\">Adem\u00e1s, Matt Morgan elogi\u00f3 a Bully Ray por mantener la calma durante su desagradable experiencia de toparse con <a href=\"https:\/\/www.prwrestling.com\/nw\/tag\/jack-perry\">Jack Perry<\/a>,\u00a0 <\/span><\/span><span style=\"vertical-align: inherit;\"><span style=\"vertical-align: inherit;\">a quien calific\u00f3 de &#8220;muy irrespetuoso<\/span><\/span><span style=\"vertical-align: inherit;\"><span style=\"vertical-align: inherit;\"> &#8220;.<\/span><\/span><\/p>\n<p><span style=\"vertical-align: inherit;\"><span style=\"vertical-align: inherit;\">Morgan agreg\u00f3 que Ray y CM Punk hab\u00edan vendido taquillas m\u00e1s durante sus ilustres carreras de lo que Jack Perry jam\u00e1s podr\u00eda acercarse.<\/span><\/span><\/p>\n<blockquote><p><span style=\"vertical-align: inherit;\"><span style=\"vertical-align: inherit;\">&#8220;Bully es un tipo que te sacar\u00e1 a cualquiera a golpes. Y el hecho de que se abstuviera de hacerlo dice algo acerca de la madurez de Bully. \u00bfQui\u00e9n diablos eres, hermano (Jack Perry)? \u00bfQu\u00e9 has hecho en este negocio para pensar? \u00bfPuedes hablar con Punk como lo hiciste y hablar con Bully Ray como lo hiciste? El sudor de su cuerpo ha generado m\u00e1s dinero del que t\u00fa jam\u00e1s ganar\u00e1s&#8221;.\u00a0<\/span><\/span><\/p><\/blockquote>\n<blockquote class=\"twitter-tweet\">\n<p dir=\"ltr\" lang=\"en\">Jack Perry appears in NJPW, tears up an AEW contract &amp; shows a \u201cscapegoat\u201d armband. <a href=\"https:\/\/t.co\/mxbARzafph\">pic.twitter.com\/mxbARzafph<\/a><\/p>\n<p>\u2014 Wrestle Ops (@WrestleOps) <a href=\"https:\/\/twitter.com\/WrestleOps\/status\/1746378704966549747?ref_src=twsrc%5Etfw\" target=\"_blank\" rel=\"noopener\">January 14, 2024<\/a><\/p><\/blockquote>\n<p><script async src=\"https:\/\/platform.twitter.com\/widgets.js\" charset=\"utf-8\"><\/script><br \/>\n<span style=\"vertical-align: inherit;\"><span style=\"vertical-align: inherit;\">Queda por ver cu\u00e1ndo y si AEW traer\u00e1 de regreso a Jack Perry, quien actualmente est\u00e1 haciendo un gran trabajo como el &#8220;chivo expiatorio&#8221; en NJPW.<\/span><\/span><\/p>\n","protected":false},"excerpt":{"rendered":"<p>Matt Morgan ha explicado por qu\u00e9 era poco probable que WWE contratara a una estrella de 26 a\u00f1os por faltarle el respeto a CM Punk y Bully Ray. Se refiere al luchador de AEW Jack Perry, quien tuvo una pelea detr\u00e1s del escenario con Punk en All In 2023.<\/p>\n","protected":false},"author":1,"featured_media":261395,"comment_status":"closed","ping_status":"closed","sticky":false,"template":"","format":"standard","meta":{"footnotes":""},"categories":[5,38],"tags":[],"class_list":{"0":"post-261392","1":"post","2":"type-post","3":"status-publish","4":"format-standard","5":"has-post-thumbnail","7":"category-noticias","8":"category-noticias-y-rumores-de-la-wwe"},"_links":{"self":[{"href":"https:\/\/www.prwrestling.com\/nw\/wp-json\/wp\/v2\/posts\/261392","targetHints":{"allow":["GET"]}}],"collection":[{"href":"https:\/\/www.prwrestling.com\/nw\/wp-json\/wp\/v2\/posts"}],"about":[{"href":"https:\/\/www.prwrestling.com\/nw\/wp-json\/wp\/v2\/types\/post"}],"author":[{"embeddable":true,"href":"https:\/\/www.prwrestling.com\/nw\/wp-json\/wp\/v2\/users\/1"}],"replies":[{"embeddable":true,"href":"https:\/\/www.prwrestling.com\/nw\/wp-json\/wp\/v2\/comments?post=261392"}],"version-history":[{"count":4,"href":"https:\/\/www.prwrestling.com\/nw\/wp-json\/wp\/v2\/posts\/261392\/revisions"}],"predecessor-version":[{"id":261397,"href":"https:\/\/www.prwrestling.com\/nw\/wp-json\/wp\/v2\/posts\/261392\/revisions\/261397"}],"wp:featuredmedia":[{"embeddable":true,"href":"https:\/\/www.prwrestling.com\/nw\/wp-json\/wp\/v2\/media\/261395"}],"wp:attachment":[{"href":"https:\/\/www.prwrestling.com\/nw\/wp-json\/wp\/v2\/media?parent=261392"}],"wp:term":[{"taxonomy":"category","embeddable":true,"href":"https:\/\/www.prwrestling.com\/nw\/wp-json\/wp\/v2\/categories?post=261392"},{"taxonomy":"post_tag","embeddable":true,"href":"https:\/\/www.prwrestling.com\/nw\/wp-json\/wp\/v2\/tags?post=261392"}],"curies":[{"name":"wp","href":"https:\/\/api.w.org\/{rel}","templated":true}]}}