{"id":262144,"date":"2024-05-01T13:23:12","date_gmt":"2024-05-01T17:23:12","guid":{"rendered":"https:\/\/www.prwrestling.com\/nw\/?p=262144"},"modified":"2024-05-01T13:23:40","modified_gmt":"2024-05-01T17:23:40","slug":"ex-talento-de-wwe-asegura-muchos-odiaban-a-ronda-rousey-tras-bastidores","status":"publish","type":"post","link":"https:\/\/www.prwrestling.com\/nw\/ex-talento-de-wwe-asegura-muchos-odiaban-a-ronda-rousey-tras-bastidores\/","title":{"rendered":"Ex talento de WWE asegura muchos odiaban a Ronda Rousey tras bastidores"},"content":{"rendered":"<p><span style=\"vertical-align: inherit;\"><span style=\"vertical-align: inherit;\"><a href=\"https:\/\/www.prwrestling.com\/nw\/ronda-rousey-termino-con-wwe-tras-combate-en-summerslam\/\">Ronda Rousey abandon\u00f3 la WWE<\/a> tras su lucha contra Shayna Baszler en SummerSlam el a\u00f1o anterior<\/span><\/span><span style=\"vertical-align: inherit;\"><span style=\"vertical-align: inherit;\"> . Rousey ha hablado sobre su experiencia en la compa\u00f1\u00eda, afirmando muchas cosas negativas sobre la WWE y ahora parece que un antiguo nombre de la WWE afirma que todos detr\u00e1s de escena odiaban a Rousey tanto en la WWE como en la UFC.<\/span><\/span><\/p>\n<p><!--more--><div id=\"ad-slot\" style=\"min-width: 300px; min-height: 250px;\">\r\n<p style=\"text-align: center;\">\r\n<script async src=\"https:\/\/pagead2.googlesyndication.com\/pagead\/js\/adsbygoogle.js\"><\/script>\r\n<!-- 300x250 sc a -->\r\n<ins class=\"adsbygoogle\"\r\n     style=\"display:inline-block;width:300px;height:250px\"\r\n     data-ad-client=\"ca-pub-1244235910658811\"\r\n     data-ad-slot=\"8592682546\"><\/ins>\r\n<script>\r\n     (adsbygoogle = window.adsbygoogle || []).push({});\r\n<\/script><\/center>\r\n<\/p><\/div><\/p>\n<p><span style=\"vertical-align: inherit;\"><span style=\"vertical-align: inherit;\">En su libro \u201cOur Fight\u201d, Ronda Rousey profundiza en sus experiencias en la WWE y brinda informaci\u00f3n sincera sobre su permanencia en la compa\u00f1\u00eda. En particular, dirige un lenguaje fuerte hacia Bruce Prichard y John Laurinaitis, expresando sus frustracione, e <\/span><\/span><span style=\"vertical-align: inherit;\"><span style=\"vertical-align: inherit;\">incluso aleg\u00f3\u00a0 <\/span><\/span><a href=\"https:\/\/www.prwrestling.com\/nw\/ronda-rousey-alega-wwe-discrimina-contra-otras-luchadoras-con-falta-de-oportunidades\/\"><span style=\"vertical-align: inherit;\"><span style=\"vertical-align: inherit;\">que WWE discriminaba a las mujeres<\/span><\/span><\/a><span style=\"vertical-align: inherit;\"><span style=\"vertical-align: inherit;\"> .<\/span><\/span><\/p>\n<p><span style=\"vertical-align: inherit;\"><span style=\"vertical-align: inherit;\">El ex narrador de WWE Raw Jimmy Smith, durante un episodio reciente de\u00a0 <\/span><\/span><a href=\"https:\/\/x.com\/MMAonSiriusXM\/status\/1785078762784117074\"><span style=\"vertical-align: inherit;\"><span style=\"vertical-align: inherit;\">Unlocking The Cage with Jimmy Smith de SiriusXM,<\/span><\/span><\/a><span style=\"vertical-align: inherit;\"><span style=\"vertical-align: inherit;\"> \u00a0critic\u00f3 a Ronda Rousey por sus comentarios sobre sufrir conmociones cerebrales durante su carrera en UFC y posteriormente ocultarlas mientras trabajaba con WWE.<\/span><\/span><\/p>\n<div id=\"ad-slot\" style=\"min-width: 300px; min-height: 250px;\"><p style=\"text-align: center;\">\r\n<script async src=\"https:\/\/pagead2.googlesyndication.com\/pagead\/js\/adsbygoogle.js\"><\/script>\r\n<!-- Responsive sc c -->\r\n<ins class=\"adsbygoogle\"\r\n     style=\"display:block\"\r\n     data-ad-client=\"ca-pub-1244235910658811\"\r\n     data-ad-slot=\"4234005358\"\r\n     data-ad-format=\"auto\"\r\n     data-full-width-responsive=\"true\"><\/ins>\r\n<script>\r\n     (adsbygoogle = window.adsbygoogle || []).push({});\r\n<\/script><\/p><\/div>\n<blockquote class=\"wp-block-quote is-layout-flow wp-block-quote-is-layout-flow\"><p><em><span style=\"vertical-align: inherit;\"><span style=\"vertical-align: inherit;\">\u201cNunca he sido una persona religiosa. Una de las cosas que siempre he dicho acerca de Dios es que \u00e9l recibe todo el cr\u00e9dito, ninguna culpa. Eso es lo que quiere Ronda Rousey. Todo el cr\u00e9dito ninguna culpa. Quiero cr\u00e9dito por todas mis victorias, mis derrotas, tuve CTE y todo esto y todo aquello. Soy la mejor que jam\u00e1s lo haya hecho. Pero cuando no funcion\u00f3, fue tal y tal, y tal y tal, y nunca yo. Ella nunca le da cr\u00e9dito a las personas que realmente la golpearon. La idea de que dej\u00e9 las MMA y me fui a la WWE porque ten\u00eda problemas de conmoci\u00f3n cerebral no tiene sentido\u201d.<\/span><\/span><\/em><\/p><\/blockquote>\n<p><iframe loading=\"lazy\" title=\"Ronda Rousey unleashes on Becky Lynch: Raw, March 4, 2019\" src=\"https:\/\/www.youtube.com\/embed\/omJy8lb_Z8M\" width=\"725\" height=\"408\" frameborder=\"0\" allowfullscreen=\"allowfullscreen\"><\/iframe><\/p>\n<h2>Aseguran muchos en WWE no soportaban a Ronda Rousey<\/h2>\n<p><span style=\"vertical-align: inherit;\"><span style=\"vertical-align: inherit;\">Smith afirm\u00f3 que mucho personal detr\u00e1s del escenario en WWE y UFC ten\u00eda una visi\u00f3n negativa de Rousey. Revel\u00f3 que estas personas disfrutaron de sus derrotas consecutivas ante Holly Holm y Amanda Nunes, sugiriendo que la apoyaban debido a su actitud y comportamiento.<\/span><\/span><\/p>\n<p><span style=\"vertical-align: inherit;\"><span style=\"vertical-align: inherit;\">Describi\u00f3 la reacci\u00f3n del personal detr\u00e1s del escenario ante las derrotas de Rousey en UFC, indicando que celebraron sus derrotas debido a sus experiencias negativas con ella.<\/span><\/span><\/p>\n<blockquote class=\"wp-block-quote is-layout-flow wp-block-quote-is-layout-flow\"><p><em><span style=\"vertical-align: inherit;\"><span style=\"vertical-align: inherit;\">\u201cNo hablo de cosas fuera de la lugar, no hablo de cosas fuera de lugar, \u00bfverdad? Detr\u00e1s de escena en WWE, detr\u00e1s de escena en UFC, Una especie de regla personal (no contar todo).<\/span><\/span><\/em><\/p>\n<p><em><span style=\"vertical-align: inherit;\"><span style=\"vertical-align: inherit;\">D\u00e9jame contarte algo, Ronda, si est\u00e1s escuchando. La gente detr\u00e1s de escena, la gente de c\u00e1mara, la gente de audio, la gente a la que puedes empujar y la gente a la que puedes intimidar y la gente con la que puedes hablar con desd\u00e9n, no pueden soportar tu maldito trasero. Todos detr\u00e1s de escena, los que tuvieron que ponerle un micr\u00f3fono a Ronda Rousey, no la soportaban.<\/span><\/span><\/em><span style=\"vertical-align: inherit;\"><span style=\"vertical-align: inherit;\"> &#8220;<\/span><\/span><\/p><\/blockquote>\n<blockquote class=\"twitter-tweet\">\n<p dir=\"ltr\" lang=\"en\">&#8220;Everybody behind the scenes, that had to put a mic on Ronda Rousey, couldn&#8217;t stand her.&#8221;<a href=\"https:\/\/twitter.com\/jimmysmithmma?ref_src=twsrc%5Etfw\" target=\"_blank\" rel=\"noopener\">@jimmysmithmma<\/a> finally heard enough of Ronda Rousey&#8217;s media comments &amp; didn&#8217;t hold back an ounce in his response to them<\/p>\n<p>Source: Unlocking the Cage with Jimmy Smith <a href=\"https:\/\/t.co\/53BUCcaqJT\">pic.twitter.com\/53BUCcaqJT<\/a><\/p>\n<p>\u2014 MMA on SiriusXM (@MMAonSiriusXM) <a href=\"https:\/\/twitter.com\/MMAonSiriusXM\/status\/1785078762784117074?ref_src=twsrc%5Etfw\" target=\"_blank\" rel=\"noopener\">April 29, 2024<\/a><\/p><\/blockquote>\n<p><script async src=\"https:\/\/platform.twitter.com\/widgets.js\" charset=\"utf-8\"><\/script><br \/>\n<span style=\"vertical-align: inherit;\"><span style=\"vertical-align: inherit;\">Ronda Rousey tambi\u00e9n se <\/span><\/span><span style=\"vertical-align: inherit;\"><span style=\"vertical-align: inherit;\">retir\u00f3 definitivamente de la lucha libre profesional<\/span><\/span><span style=\"vertical-align: inherit;\"><span style=\"vertical-align: inherit;\"> , pero ha\u00a0 <\/span><\/span><a href=\"https:\/\/www.prwrestling.com\/nw\/ronda-rousey-no-sabia-luchar-declara-actual-estrella-de-la-wwe\/\"><span style=\"vertical-align: inherit;\"><span style=\"vertical-align: inherit;\">sido etiquetada como un talento que no sab\u00eda luchar<\/span><\/span><\/a><span style=\"vertical-align: inherit;\"><span style=\"vertical-align: inherit;\"> durante su tiempo en la WWE.<\/span><\/span><\/p>\n","protected":false},"excerpt":{"rendered":"<p>Ronda Rousey abandon\u00f3 la WWE tras su lucha contra Shayna Baszler en SummerSlam el a\u00f1o anterior . Rousey ha hablado sobre su experiencia en la compa\u00f1\u00eda, afirmando muchas cosas negativas sobre la WWE y ahora parece que un antiguo nombre de la WWE afirma que todos detr\u00e1s de escena odiaban a Rousey tanto en la<\/p>\n","protected":false},"author":1,"featured_media":262148,"comment_status":"closed","ping_status":"closed","sticky":false,"template":"","format":"standard","meta":{"footnotes":""},"categories":[5,38],"tags":[],"class_list":{"0":"post-262144","1":"post","2":"type-post","3":"status-publish","4":"format-standard","5":"has-post-thumbnail","7":"category-noticias","8":"category-noticias-y-rumores-de-la-wwe"},"_links":{"self":[{"href":"https:\/\/www.prwrestling.com\/nw\/wp-json\/wp\/v2\/posts\/262144","targetHints":{"allow":["GET"]}}],"collection":[{"href":"https:\/\/www.prwrestling.com\/nw\/wp-json\/wp\/v2\/posts"}],"about":[{"href":"https:\/\/www.prwrestling.com\/nw\/wp-json\/wp\/v2\/types\/post"}],"author":[{"embeddable":true,"href":"https:\/\/www.prwrestling.com\/nw\/wp-json\/wp\/v2\/users\/1"}],"replies":[{"embeddable":true,"href":"https:\/\/www.prwrestling.com\/nw\/wp-json\/wp\/v2\/comments?post=262144"}],"version-history":[{"count":5,"href":"https:\/\/www.prwrestling.com\/nw\/wp-json\/wp\/v2\/posts\/262144\/revisions"}],"predecessor-version":[{"id":262150,"href":"https:\/\/www.prwrestling.com\/nw\/wp-json\/wp\/v2\/posts\/262144\/revisions\/262150"}],"wp:featuredmedia":[{"embeddable":true,"href":"https:\/\/www.prwrestling.com\/nw\/wp-json\/wp\/v2\/media\/262148"}],"wp:attachment":[{"href":"https:\/\/www.prwrestling.com\/nw\/wp-json\/wp\/v2\/media?parent=262144"}],"wp:term":[{"taxonomy":"category","embeddable":true,"href":"https:\/\/www.prwrestling.com\/nw\/wp-json\/wp\/v2\/categories?post=262144"},{"taxonomy":"post_tag","embeddable":true,"href":"https:\/\/www.prwrestling.com\/nw\/wp-json\/wp\/v2\/tags?post=262144"}],"curies":[{"name":"wp","href":"https:\/\/api.w.org\/{rel}","templated":true}]}}